{"id":84338,"date":"2025-05-08T11:50:10","date_gmt":"2025-05-08T11:50:10","guid":{"rendered":"https:\/\/www.europesays.com\/fr\/84338\/"},"modified":"2025-05-08T11:50:10","modified_gmt":"2025-05-08T11:50:10","slug":"en-europe-le-loup-reste-une-espece-protegee-mais-moins-quavant","status":"publish","type":"post","link":"https:\/\/www.europesays.com\/fr\/84338\/","title":{"rendered":"En Europe, le loup reste une \u00ab\u00a0esp\u00e8ce prot\u00e9g\u00e9e\u00a0\u00bb, mais moins qu&rsquo;avant"},"content":{"rendered":"<p>Les eurod\u00e9put\u00e9s ont ent\u00e9rin\u00e9 jeudi le d\u00e9classement du statut du loup, qui sera d\u00e9sormais sur le territoire de l&rsquo;UE une esp\u00e8ce \u00ab\u00a0prot\u00e9g\u00e9e\u00a0\u00bb et non plus \u00ab\u00a0strictement prot\u00e9g\u00e9e\u00a0\u00bb, une \u00e9volution d\u00e9nonc\u00e9e par des d\u00e9fenseurs de la biodiversit\u00e9.<\/p>\n<p>Le texte, transposant dans le droit europ\u00e9en les r\u00e9centes modifications de la Convention de Berne sur la conservation de la vie sauvage, a \u00e9t\u00e9 adopt\u00e9 en session pl\u00e9ni\u00e8re \u00e0 Strasbourg, par 371 voix pour, 162 contre et 37 abstentions.<\/p>\n<p>La droite, l&rsquo;extr\u00eame droite et les lib\u00e9raux ont majoritairement vot\u00e9 pour, les \u00e9cologistes et la gauche radicale s&rsquo;y sont oppos\u00e9s tandis que les socialistes se sont montr\u00e9s divis\u00e9s.<\/p>\n<p>\u00ab\u00a0La d\u00e9gradation de la protection du loup ignore les outils efficaces de coexistence et risque de transformer la protection de la nature en un jeu politique. Elle flatte la peur plut\u00f4t que les faits\u00a0\u00bb, a d\u00e9nonc\u00e9 l&rsquo;\u00e9lu allemand Sebastian Everding, au nom de la gauche radicale.<\/p>\n<p>\u00ab\u00a0Il n&rsquo;y a pas de donn\u00e9es justifiant un abaissement du niveau de protection, mais les institutions europ\u00e9ennes ont choisi d&rsquo;ignorer la science\u00a0\u00bb, a d\u00e9clar\u00e9 dans un communiqu\u00e9 Ilaria Di Silvestre, porte-parole du Fonds international pour le bien-\u00eatre animal (IFAW).<\/p>\n<p>Concr\u00e8tement, cette \u00e9volution l\u00e9gislative dans l&rsquo;Union europ\u00e9enne va faciliter les tirs et l&rsquo;abattage de loups dans les r\u00e9gions rurales et montagneuses o\u00f9 la proximit\u00e9 de l&rsquo;animal avec b\u00e9tail et chiens de troupeau est jug\u00e9e trop mena\u00e7ante.<\/p>\n<p>\u00ab\u00a0Les Etats membres resteront responsables des plans de gestion du loup, mais disposeront de davantage de souplesse qu&rsquo;aujourd&rsquo;hui, j&rsquo;esp\u00e8re que cela va faciliter la coexistence\u00a0\u00bb, a d\u00e9clar\u00e9 Herbert Dorfmann, eurod\u00e9put\u00e9 italien de droite (PPE), en conf\u00e9rence de presse.<\/p>\n<p>Le PPE, premier groupe du Parlement et famille politique de la pr\u00e9sidente de la Commission Ursula von der Leyen, est \u00e0 l&rsquo;initiative sur ce sujet.<\/p>\n<p>Ce parti a pr\u00e9sent\u00e9 le texte soumis \u00e0 la pl\u00e9ni\u00e8re comme l&rsquo;aboutissement d&rsquo;un travail de trois ans, n\u00e9 du constat d'\u00a0\u00bbune augmentation des conflits entre loups et \u00e9leveurs\u00a0\u00bb.<\/p>\n<p>&#8211; \u00ab\u00a0Menace permanente\u00a0\u00bb &#8211;<\/p>\n<p>Depuis la directive de 1992 interdisant leur \u00e9limination, la population de loups est en hausse sur le continent europ\u00e9en, au point d&rsquo;atteindre les 20.300 individus recens\u00e9s dans l&rsquo;UE en 2023.<\/p>\n<p>Cette ann\u00e9e-l\u00e0, Ursula von der Leyen \u00e9tait mont\u00e9e au cr\u00e9neau pour d\u00e9noncer le \u00ab\u00a0r\u00e9el danger\u00a0\u00bb que constituent les meutes de loups pour le b\u00e9tail dans certaines r\u00e9gions.<\/p>\n<p>La responsable allemande a elle-m\u00eame subi la perte d&rsquo;un vieux poney, tu\u00e9 en septembre 2022 dans la propri\u00e9t\u00e9 familiale du nord de l&rsquo;Allemagne apr\u00e8s qu&rsquo;un loup s&rsquo;est introduit dans son enclos.<\/p>\n<p>Il n&rsquo;y a pas encore eu de drame humain \u00e0 cause du loup, mais des \u00e9leveurs et leur famille ont peur, ont insist\u00e9 mercredi des \u00e9lus de droite.<\/p>\n<p>\u00ab\u00a0Plus de 60.000 animaux d&rsquo;\u00e9levage sont attaqu\u00e9s chaque ann\u00e9e dans l&rsquo;UE\u00a0\u00bb, a appuy\u00e9 l&rsquo;Espagnole Esther Herranz Garcia, qui a n\u00e9goci\u00e9 le texte pour le PPE.<\/p>\n<p>\u00ab\u00a0Ceux qui nourrissent notre pays ne peuvent continuer \u00e0 travailler avec cette menace permanente\u00a0\u00bb, a fait valoir Val\u00e9rie Deloge, \u00e9lue fran\u00e7aise d&rsquo;extr\u00eame droite se proclamant \u00ab\u00a0d\u00e9put\u00e9e et \u00e9leveuse\u00a0\u00bb.<\/p>\n<p>Associ\u00e9s \u00e0 la d\u00e9marche, selon la proc\u00e9dure dite du \u00ab\u00a0vote acc\u00e9l\u00e9r\u00e9\u00a0\u00bb, sans d\u00e9bat pr\u00e9alable dans l&rsquo;h\u00e9micycle, les socialistes et les centristes ont voulu d\u00e9dramatiser.<\/p>\n<p>\u00ab\u00a0On ne d\u00e9livre pas un permis de tuer, on donne plus de latitude pour des d\u00e9rogations locales, le loup reste une esp\u00e8ce prot\u00e9g\u00e9e\u00a0\u00bb, a soulign\u00e9 aupr\u00e8s de l&rsquo;AFP l&rsquo;ancien ministre fran\u00e7ais Pascal Canfin, eurod\u00e9put\u00e9 centriste.<\/p>\n<p>mad-av\/jca\/cjc\/ybl<\/p>\n","protected":false},"excerpt":{"rendered":"Les eurod\u00e9put\u00e9s ont ent\u00e9rin\u00e9 jeudi le d\u00e9classement du statut du loup, qui sera d\u00e9sormais sur le territoire de&hellip;\n","protected":false},"author":2,"featured_media":84339,"comment_status":"","ping_status":"","sticky":false,"template":"","format":"standard","meta":{"footnotes":""},"categories":[1586],"tags":[11,1777,674,1779,1011,27,9772,12,19329,25,1778,364],"class_list":{"0":"post-84338","1":"post","2":"type-post","3":"status-publish","4":"format-standard","5":"has-post-thumbnail","7":"category-europe","8":"tag-actualites","9":"tag-eu","10":"tag-europe","11":"tag-european-union","12":"tag-fr","13":"tag-france","14":"tag-loup","15":"tag-news","16":"tag-protegee","17":"tag-republique-francaise","18":"tag-ue","19":"tag-union-europeenne"},"share_on_mastodon":{"url":"https:\/\/pubeurope.com\/@fr\/114472066991782605","error":""},"_links":{"self":[{"href":"https:\/\/www.europesays.com\/fr\/wp-json\/wp\/v2\/posts\/84338","targetHints":{"allow":["GET"]}}],"collection":[{"href":"https:\/\/www.europesays.com\/fr\/wp-json\/wp\/v2\/posts"}],"about":[{"href":"https:\/\/www.europesays.com\/fr\/wp-json\/wp\/v2\/types\/post"}],"author":[{"embeddable":true,"href":"https:\/\/www.europesays.com\/fr\/wp-json\/wp\/v2\/users\/2"}],"replies":[{"embeddable":true,"href":"https:\/\/www.europesays.com\/fr\/wp-json\/wp\/v2\/comments?post=84338"}],"version-history":[{"count":0,"href":"https:\/\/www.europesays.com\/fr\/wp-json\/wp\/v2\/posts\/84338\/revisions"}],"wp:featuredmedia":[{"embeddable":true,"href":"https:\/\/www.europesays.com\/fr\/wp-json\/wp\/v2\/media\/84339"}],"wp:attachment":[{"href":"https:\/\/www.europesays.com\/fr\/wp-json\/wp\/v2\/media?parent=84338"}],"wp:term":[{"taxonomy":"category","embeddable":true,"href":"https:\/\/www.europesays.com\/fr\/wp-json\/wp\/v2\/categories?post=84338"},{"taxonomy":"post_tag","embeddable":true,"href":"https:\/\/www.europesays.com\/fr\/wp-json\/wp\/v2\/tags?post=84338"}],"curies":[{"name":"wp","href":"https:\/\/api.w.org\/{rel}","templated":true}]}}