{"id":84351,"date":"2025-05-08T12:00:08","date_gmt":"2025-05-08T12:00:08","guid":{"rendered":"https:\/\/www.europesays.com\/fr\/84351\/"},"modified":"2025-05-08T12:00:08","modified_gmt":"2025-05-08T12:00:08","slug":"nouveau-coup-dur-pour-lyon-prive-de-corentin-tolisso-a-monaco","status":"publish","type":"post","link":"https:\/\/www.europesays.com\/fr\/84351\/","title":{"rendered":"nouveau coup dur pour Lyon, priv\u00e9 de Corentin Tolisso \u00e0 Monaco"},"content":{"rendered":"<p>Le milieu de terrain de 30 ans ne s\u2019est pas entra\u00een\u00e9 jeudi matin et son entra\u00eeneur Paulo Fonseca a confirm\u00e9 son forfait pour le match de samedi en conf\u00e9rence de presse.<\/p>\n<p class=\"fig-paragraph\">Tout va de travers du c\u00f4t\u00e9 de l\u2019OL.\u00a0<a href=\"http:\/\/www.lefigaro.fr\/sports\/football\/ligue-1\/ligue-1-qu-est-ce-que-l-accord-negocie-propose-par-l-uefa-a-l-ol-pour-eviter-une-exclusion-des-coupes-d-europe-20250508\" data-fig-type=\"NewsFlash\" data-gtm-custom-categorie=\"navigation\" data-gtm-custom-action=\"crossclick\" data-gtm-custom-label=\"Contextuel\" data-gtm-event=\"customEventSPE\" data-fig-domain=\"LEFIGARO\" target=\"_blank\" rel=\"noopener\">Sous le coup d\u2019une sanction de l\u2019UEFA<\/a>\u00a0et en mauvaise position pour accrocher une place en Ligue des champions, le club des bords du Rh\u00f4ne va devoir faire sans Corentin Tolisso samedi \u00e0 Monaco (21h). Le milieu de terrain international est bless\u00e9 depuis le dernier match, o\u00f9 il \u00e9tait sorti \u00e0 la 88e minute\u00a0<a href=\"http:\/\/www.lefigaro.fr\/sports\/football\/ligue-1\/ligue-1-le-cauchemar-de-lyon-face-a-lens-le-havre-frappe-un-grand-coup-pour-le-maintien-20250504\" data-fig-type=\"NewsFlash\" data-gtm-custom-categorie=\"navigation\" data-gtm-custom-action=\"crossclick\" data-gtm-custom-label=\"Contextuel\" data-gtm-event=\"customEventSPE\" data-fig-domain=\"LEFIGARO\" target=\"_blank\" rel=\"noopener\">face \u00e0 Lens (1-2)<\/a>\u00a0selon son entra\u00eeneur Paulo Fonseca, pr\u00e9sent en conf\u00e9rence de presse \u00e0 deux jours du choc en principaut\u00e9.<\/p>\n<p class=\"fig-paragraph\">\u00abIl ne sera pas \u00e0 Monaco. Nous gardons l\u2019espoir de l\u2019avoir pour le dernier match\u00a0(contre Angers)\u00a0\u00bb, a-t-il comment\u00e9. Seule bonne nouvelle pour le technicien portugais, le retour de suspension du capitaine Alexandre Lacazette pour les deux derniers matches de la saison. L\u2019OL est 7e,\u00a0<a href=\"https:\/\/www.lefigaro.fr\/sports\/football\/ligue-1\/classement\" target=\"_blank\" rel=\"noopener\" data-gtm-custom-categorie=\"navigation\" data-gtm-custom-action=\"crossclick\" data-gtm-custom-label=\"Contextuel\" data-gtm-event=\"customEventSPE\">\u00e0 trois points de ses concurrents directs<\/a>.<\/p>\n","protected":false},"excerpt":{"rendered":"Le milieu de terrain de 30 ans ne s\u2019est pas entra\u00een\u00e9 jeudi matin et son entra\u00eeneur Paulo Fonseca&hellip;\n","protected":false},"author":2,"featured_media":84352,"comment_status":"","ping_status":"","sticky":false,"template":"","format":"standard","meta":{"footnotes":""},"categories":[1412],"tags":[2266,525,1981,814,1451,2257,63,1452,1453,1454,1455,1011,27,3309,66,1307,955,1176,978,93,1980,60],"class_list":{"0":"post-84351","1":"post","2":"type-post","3":"status-publish","4":"format-standard","5":"has-post-thumbnail","7":"category-f1","8":"tag-as-monaco","9":"tag-calendrier","10":"tag-classement","11":"tag-direct","12":"tag-f1","13":"tag-foot","14":"tag-football","15":"tag-formula-1","16":"tag-formula1","17":"tag-formule-1","18":"tag-formule1","19":"tag-fr","20":"tag-france","21":"tag-l1","22":"tag-ligue-1","23":"tag-lille","24":"tag-match","25":"tag-olympique-de-marseille","26":"tag-olympique-lyonnais","27":"tag-psg","28":"tag-resultats","29":"tag-sports"},"share_on_mastodon":{"url":"https:\/\/pubeurope.com\/@fr\/114472106275403436","error":""},"_links":{"self":[{"href":"https:\/\/www.europesays.com\/fr\/wp-json\/wp\/v2\/posts\/84351","targetHints":{"allow":["GET"]}}],"collection":[{"href":"https:\/\/www.europesays.com\/fr\/wp-json\/wp\/v2\/posts"}],"about":[{"href":"https:\/\/www.europesays.com\/fr\/wp-json\/wp\/v2\/types\/post"}],"author":[{"embeddable":true,"href":"https:\/\/www.europesays.com\/fr\/wp-json\/wp\/v2\/users\/2"}],"replies":[{"embeddable":true,"href":"https:\/\/www.europesays.com\/fr\/wp-json\/wp\/v2\/comments?post=84351"}],"version-history":[{"count":0,"href":"https:\/\/www.europesays.com\/fr\/wp-json\/wp\/v2\/posts\/84351\/revisions"}],"wp:featuredmedia":[{"embeddable":true,"href":"https:\/\/www.europesays.com\/fr\/wp-json\/wp\/v2\/media\/84352"}],"wp:attachment":[{"href":"https:\/\/www.europesays.com\/fr\/wp-json\/wp\/v2\/media?parent=84351"}],"wp:term":[{"taxonomy":"category","embeddable":true,"href":"https:\/\/www.europesays.com\/fr\/wp-json\/wp\/v2\/categories?post=84351"},{"taxonomy":"post_tag","embeddable":true,"href":"https:\/\/www.europesays.com\/fr\/wp-json\/wp\/v2\/tags?post=84351"}],"curies":[{"name":"wp","href":"https:\/\/api.w.org\/{rel}","templated":true}]}}