{"id":84363,"date":"2025-05-08T12:06:09","date_gmt":"2025-05-08T12:06:09","guid":{"rendered":"https:\/\/www.europesays.com\/fr\/84363\/"},"modified":"2025-05-08T12:06:09","modified_gmt":"2025-05-08T12:06:09","slug":"clementine-autain-denonce-une-culture-viriliste-et-dintimidation-au-sein-de-lfi","status":"publish","type":"post","link":"https:\/\/www.europesays.com\/fr\/84363\/","title":{"rendered":"Cl\u00e9mentine Autain d\u00e9nonce une \u00abculture viriliste et d\u2019intimidation\u00bb au sein de LFI"},"content":{"rendered":"<p>Invit\u00e9e ce jeudi sur le plateau de BFMTV-RMC, l\u2019ex-Insoumise est revenue sur son d\u00e9part du mouvement, apr\u00e8s la parution d\u2019un livre-enqu\u00eate sur les d\u00e9rives du syst\u00e8me m\u00e9lenchoniste.<\/p>\n<p class=\"fig-paragraph\">Les r\u00e9v\u00e9lations du\u00a0<a href=\"http:\/\/www.lefigaro.fr\/politique\/la-meute-un-livre-enquete-pointe-les-derives-du-systeme-melenchon-20250506\" target=\"_blank\" data-fig-type=\"NewsFlash\" rel=\"noopener\" data-gtm-custom-categorie=\"navigation\" data-gtm-custom-action=\"crossclick\" data-gtm-custom-label=\"Contextuel\" data-gtm-event=\"customEventSPE\" data-fig-domain=\"LEFIGARO\">livre-enqu\u00eate La Meute\u00a0<\/a>n\u2019en finissent pas de provoquer des secousses \u00e0 gauche. Dans cet ouvrage, les journalistes Charlotte Bela\u00efch et Olivier P\u00e9rou d\u00e9crivent les d\u00e9rives du syst\u00e8me m\u00e9lenchoniste, qui \u00e9toufferait les voix trop dissonantes. Parmi lesquelles la d\u00e9put\u00e9e\u00a0<a href=\"http:\/\/www.lefigaro.fr\/marseille\/a-marseille-la-candidature-du-dissident-hendrik-davi-fracture-lfi-20240627\" target=\"_blank\" data-fig-type=\"NewsFlash\" rel=\"noopener\" data-gtm-custom-categorie=\"navigation\" data-gtm-custom-action=\"crossclick\" data-gtm-custom-label=\"Contextuel\" data-gtm-event=\"customEventSPE\" data-fig-domain=\"LEFIGARO\">Cl\u00e9mentine Autain<\/a>, qui a depuis rejoint les bancs \u00e9cologistes. \u00abCe livre, au fond, il explique pourquoi j\u2019ai rompu avec La France insoumise parce que je suis fondamentalement attach\u00e9e \u00e0 la d\u00e9mocratie\u00bb, a-t-elle expliqu\u00e9 ce jeudi sur le plateau de BFM TV-RMC.<\/p>\n<p class=\"fig-paragraph\">En rupture avec le mouvement, l\u2019ex-communiste en avait \u00e9t\u00e9 exclu avec quatre autres d\u00e9put\u00e9s &#8211;\u00a0<a href=\"http:\/\/www.lefigaro.fr\/actualite-france\/fausses-accusations-contre-garrido-et-corbiere-jean-christophe-legarde-ex-president-de-l-udi-mis-en-examen-20241213\" target=\"_blank\" data-fig-type=\"NewsFlash\" rel=\"noopener\" data-gtm-custom-categorie=\"navigation\" data-gtm-custom-action=\"crossclick\" data-gtm-custom-label=\"Contextuel\" data-gtm-event=\"customEventSPE\" data-fig-domain=\"LEFIGARO\">Raquel Garrido<\/a>, Alexis Corbi\u00e8re, Hendrik Davi et Fran\u00e7ois Ruffin -, tous qualifi\u00e9s de \u00abfrondeurs\u00bb par leurs anciens camarades insoumis. \u00abIl n\u2019est pas possible \u00e0 l\u2019int\u00e9rieur de La France insoumise de ne pas \u00eatre d\u2019accord. Les d\u00e9bats strat\u00e9giques ne sont pas r\u00e9gl\u00e9s de fa\u00e7on d\u00e9mocratique\u00bb, a d\u00e9plor\u00e9 Cl\u00e9mentine Autain, qui a \u00e9t\u00e9 une des premi\u00e8res \u00e0 critiquer le fonctionnement \u00abgazeux\u00bb de la formation.<\/p>\n<p class=\"fig-body-link\">\n            \u00c0 lire aussi<br \/>\n        <a class=\"fig-body-link__link\" href=\"http:\/\/www.lefigaro.fr\/actualite-france\/marine-tondelier-denonce-la-strategie-de-diversion-consistant-a-dire-que-le-mal-incarne-c-est-melenchon-et-lfi-20250507\" target=\"_blank\" data-fig-type=\"NewsFlash\" rel=\"noopener\" data-gtm-custom-categorie=\"navigation\" data-gtm-custom-action=\"crossclick\" data-gtm-custom-label=\"Contextuel\" data-gtm-event=\"customEventSPE\" data-fig-domain=\"LEFIGARO\">Marine Tondelier d\u00e9nonce la \u00abstrat\u00e9gie de diversion consistant \u00e0 dire que le mal incarn\u00e9, c\u2019est M\u00e9lenchon et LFI\u00bb<br \/>\n    <\/a>\n<\/p>\n<p class=\"fig-paragraph\">\u00ab\u00c0 la fin, cela se retourne contre nous\u00bb, a-t-elle poursuivi. En faisant l\u2019impasse sur la d\u00e9mocratie interne, La France insoumise a selon elle d\u00e9velopp\u00e9 \u00abune culture viriliste et de l\u2019intimidation\u00bb. Des pressions notamment narr\u00e9es dans La Meute, qui d\u00e9voile des messages parfois mena\u00e7ants envoy\u00e9s par\u00a0<a href=\"http:\/\/www.lefigaro.fr\/politique\/marine-le-pen-ineligible-pourquoi-jean-luc-melenchon-ne-se-rejouit-pas-de-la-condamnation-20250331\" target=\"_blank\" data-fig-type=\"Article\" rel=\"noopener\" data-gtm-custom-categorie=\"navigation\" data-gtm-custom-action=\"crossclick\" data-gtm-custom-label=\"Contextuel\" data-gtm-event=\"customEventSPE\" data-fig-domain=\"LEFIGARO\">Jean-Luc M\u00e9lenchon<\/a>\u00a0et sa compagne\u00a0<a href=\"http:\/\/www.lefigaro.fr\/elections\/legislatives\/le-hollandisme-c-est-comme-les-punaises-de-lit-sophia-chikirou-tacle-l-hypothese-laurence-tubiana-a-matignon-20240716\" target=\"_blank\" data-fig-type=\"NewsFlash\" rel=\"noopener\" data-gtm-custom-categorie=\"navigation\" data-gtm-custom-action=\"crossclick\" data-gtm-custom-label=\"Contextuel\" data-gtm-event=\"customEventSPE\" data-fig-domain=\"LEFIGARO\">Sophia Chikirou<\/a>. \u00abDans un premier temps, peut-\u00eatre cela peut sembler efficace. Mais dans la dur\u00e9e, c\u2019est d\u00e9l\u00e9t\u00e8re\u00bb, a d\u00e9nonc\u00e9 Cl\u00e9mentine Autain.<\/p>\n<p class=\"fig-paragraph\">Une culture politique qui emp\u00eache surtout au leader insoumis \u00abd\u2019acc\u00e9der, en l\u2019\u00e9tat, \u00e0 l\u2019\u00c9lys\u00e9e\u00bb, a avanc\u00e9 la d\u00e9put\u00e9e \u00e9cologiste. \u00abElle emp\u00eache que la France insoumise puisse \u00eatre le moteur de ce rassemblement qui est indispensable pour la victoire.\u00bb Fervente d\u00e9fenseure de l\u2019union de la gauche, Cl\u00e9mentine Autanin s\u2019est d\u00e9j\u00e0 port\u00e9e candidate pour en porter les couleurs en 2027, si une d\u00e9marche de d\u00e9signation commune aboutissait entre les partis du Nouveau Front populaire.<\/p>\n","protected":false},"excerpt":{"rendered":"Invit\u00e9e ce jeudi sur le plateau de BFMTV-RMC, l\u2019ex-Insoumise est revenue sur son d\u00e9part du mouvement, apr\u00e8s la&hellip;\n","protected":false},"author":2,"featured_media":84364,"comment_status":"","ping_status":"","sticky":false,"template":"","format":"standard","meta":{"footnotes":""},"categories":[1356],"tags":[47,1058,1054,1059,1060,1055,58,1057,59,118,1011,27,1061,303,780,1062,656,104,1056,252,1364,809],"class_list":{"0":"post-84363","1":"post","2":"type-post","3":"status-publish","4":"format-standard","5":"has-post-thumbnail","7":"category-television","8":"tag-actualite","9":"tag-actualite-education","10":"tag-actualite-france","11":"tag-actualite-justice","12":"tag-actualite-securite","13":"tag-actualite-societe","14":"tag-divertissement","15":"tag-education","16":"tag-entertainment","17":"tag-faits-divers","18":"tag-fr","19":"tag-france","20":"tag-immigration","21":"tag-justice","22":"tag-lfi","23":"tag-polemique","24":"tag-securite","25":"tag-societe","26":"tag-societe-francaise","27":"tag-television","28":"tag-tv","29":"tag-violence"},"share_on_mastodon":{"url":"https:\/\/pubeurope.com\/@fr\/114472129959370063","error":""},"_links":{"self":[{"href":"https:\/\/www.europesays.com\/fr\/wp-json\/wp\/v2\/posts\/84363","targetHints":{"allow":["GET"]}}],"collection":[{"href":"https:\/\/www.europesays.com\/fr\/wp-json\/wp\/v2\/posts"}],"about":[{"href":"https:\/\/www.europesays.com\/fr\/wp-json\/wp\/v2\/types\/post"}],"author":[{"embeddable":true,"href":"https:\/\/www.europesays.com\/fr\/wp-json\/wp\/v2\/users\/2"}],"replies":[{"embeddable":true,"href":"https:\/\/www.europesays.com\/fr\/wp-json\/wp\/v2\/comments?post=84363"}],"version-history":[{"count":0,"href":"https:\/\/www.europesays.com\/fr\/wp-json\/wp\/v2\/posts\/84363\/revisions"}],"wp:featuredmedia":[{"embeddable":true,"href":"https:\/\/www.europesays.com\/fr\/wp-json\/wp\/v2\/media\/84364"}],"wp:attachment":[{"href":"https:\/\/www.europesays.com\/fr\/wp-json\/wp\/v2\/media?parent=84363"}],"wp:term":[{"taxonomy":"category","embeddable":true,"href":"https:\/\/www.europesays.com\/fr\/wp-json\/wp\/v2\/categories?post=84363"},{"taxonomy":"post_tag","embeddable":true,"href":"https:\/\/www.europesays.com\/fr\/wp-json\/wp\/v2\/tags?post=84363"}],"curies":[{"name":"wp","href":"https:\/\/api.w.org\/{rel}","templated":true}]}}