{"id":84373,"date":"2025-05-08T12:11:11","date_gmt":"2025-05-08T12:11:11","guid":{"rendered":"https:\/\/www.europesays.com\/fr\/84373\/"},"modified":"2025-05-08T12:11:11","modified_gmt":"2025-05-08T12:11:11","slug":"la-promesse-que-jennifer-lopez-a-faite-a-ses-enfants-max-et-emme-lors-de-son-divorce-avec-ben-affleck","status":"publish","type":"post","link":"https:\/\/www.europesays.com\/fr\/84373\/","title":{"rendered":"La promesse que Jennifer Lopez a faite \u00e0 ses enfants, Max et Emme, lors de son divorce avec Ben Affleck"},"content":{"rendered":"<p>La star a fait une promesse \u00e0 ses enfants apr\u00e8s sa s\u00e9paration tr\u00e8s m\u00e9diatis\u00e9e avec Ben Affleck. Un engagement qu\u2019elle a tenu envers ses jumeaux de 17 ans, et dont elle parle avec fiert\u00e9.<\/p>\n<p class=\"fig-paragraph\">Elle s\u2019\u00e9tait jur\u00e9 de les prot\u00e9ger co\u00fbte que co\u00fbte. Apr\u00e8s une rupture tr\u00e8s m\u00e9diatis\u00e9e avec\u00a0<a href=\"http:\/\/madame.lefigaro.fr\/celebrites\/actu-people\/je-sais-ce-que-c-est-le-soutien-inattendu-de-ben-affleck-a-britney-spears-20250507\" data-fig-type=\"Article\" data-gtm-custom-categorie=\"navigation\" data-gtm-custom-action=\"crossclick\" data-gtm-custom-label=\"Contextuel\" data-gtm-event=\"customEventSPE\" data-fig-domain=\"MADAME\" target=\"_blank\" rel=\"noopener\">Ben Affleck<\/a>\u00a0\u00e0 la fin de l\u2019ann\u00e9e 2024,\u00a0<a href=\"http:\/\/madame.lefigaro.fr\/style\/news\/en-combinaison-moulante-de-latex-rose-jennifer-lopez-signe-une-apparition-remarquee-au-grand-prix-de-f1-d-arabie-saoudite-20250422\" data-fig-type=\"Article\" data-gtm-custom-categorie=\"navigation\" data-gtm-custom-action=\"crossclick\" data-gtm-custom-label=\"Contextuel\" data-gtm-event=\"customEventSPE\" data-fig-domain=\"MADAME\" target=\"_blank\" rel=\"noopener\">Jennifer Lopez<\/a>\u00a0a travers\u00e9 une p\u00e9riode difficile, puisant n\u00e9anmoins en elle pour trouver les mots justes afin de rassurer ses enfants. Dans une interview accord\u00e9e \u00e0\u00a0<a href=\"https:\/\/www.elpais.hn\/jennifer-lopez-revela-lo-que-les-prometio-a-sus-hijos-tras-romper-con-ben-affleck\/\" target=\"_blank\" rel=\"nofollow noopener\" data-gtm-custom-categorie=\"navigation\" data-gtm-custom-action=\"crossclick\" data-gtm-custom-label=\"Contextuel\" data-gtm-event=\"customEventSPE\">El Pais<\/a>, la chanteuse et actrice de 55 ans est revenue sur ces mois mouvement\u00e9s, \u00e9galement marqu\u00e9s par l\u2019annulation de sa tourn\u00e9e mondiale This Is Me\u2026 Live et la sortie d\u2019un documentaire intime, This Is Me\u2026 Now: A Love Story, inspir\u00e9 de sa relation avec Affleck.<\/p>\n<p class=\"fig-paragraph\">\u00abOui, cela va \u00eatre difficile, mais je vous promets que j\u2019en ressortirai plus forte et meilleure\u00bb, a-t-elle ainsi confi\u00e9 \u00e0 Max et Emme, aujourd\u2019hui \u00e2g\u00e9s de 17 ans. Durant l\u2019entretien, JLo a \u00e9galement \u00e9voqu\u00e9 comment elle a puis\u00e9 dans la spiritualit\u00e9 et la lecture pour se reconstruire. \u00abJ\u2019ai eu une ann\u00e9e vraiment difficile\u00bb, a-t-elle avou\u00e9. \u00abDes \u00e9v\u00e9nements inattendus se sont produits. J\u2019ai beaucoup lu, j\u2019ai m\u00e9dit\u00e9, pri\u00e9. J\u2019ai cherch\u00e9 \u00e0 solidifier l\u2019unit\u00e9 familiale que je forme avec mes enfants.\u00bb<\/p>\n<p class=\"fig-paragraph\">Elle a \u00e9galement r\u00e9v\u00e9l\u00e9 qu\u2019elle s\u2019\u00e9tait plong\u00e9e dans des ouvrages sur le mariage, l\u2019enfance, les relations, cherchant \u00e0 comprendre davantage la complexit\u00e9 des liens affectifs. \u00abJ\u2019ai suivi des th\u00e9rapies individuelles, de couple, familiales. J\u2019ai tout essay\u00e9. Je suis constamment en qu\u00eate d\u2019apprentissage\u00bb, a-t-elle ajout\u00e9.<\/p>\n<p>En paix avec la rupture<\/p>\n<p class=\"fig-paragraph\">Aujourd\u2019hui, la star s\u2019appr\u00eate \u00e0 retrouver le public avec Up All Night\u00a0: Live 2025, une tourn\u00e9e estivale qui passera par des villes embl\u00e9matiques comme Le Caire, Barcelone et Rome. \u00abJe suis fi\u00e8re d\u2019avoir travers\u00e9 cette p\u00e9riode difficile et d\u2019avoir tenu bon pour mes enfants. Aujourd\u2019hui, c\u2019est le moment id\u00e9al pour chanter, danser et c\u00e9l\u00e9brer la vie\u00bb, a-t-elle confi\u00e9. Et de poursuivre\u00a0: \u00abJe me sens plus forte aujourd\u2019hui qu\u2019il y a un an, deux ans, trois ans.\u00bb<\/p>\n<p class=\"fig-paragraph\">Si elle ne prononce pas le nom de Ben Affleck, Lopez affirme n\u00e9anmoins \u00eatre en paix avec cette rupture. L\u2019acteur, qui a r\u00e9cemment salu\u00e9 la relation que JLo a su maintenir avec ses enfants, a m\u00eame qualifi\u00e9 son ex-\u00e9pouse de \u00abfemme d\u2019int\u00e9grit\u00e9\u00bb et d\u2019\u00abincroyable belle-m\u00e8re\u00bb. Un message apais\u00e9 qui contraste avec la temp\u00eate m\u00e9diatique de l\u2019ann\u00e9e pr\u00e9c\u00e9dente.<\/p>\n","protected":false},"excerpt":{"rendered":"La star a fait une promesse \u00e0 ses enfants apr\u00e8s sa s\u00e9paration tr\u00e8s m\u00e9diatis\u00e9e avec Ben Affleck. Un&hellip;\n","protected":false},"author":2,"featured_media":84374,"comment_status":"","ping_status":"","sticky":false,"template":"","format":"standard","meta":{"footnotes":""},"categories":[8],"tags":[976,19333,972,58,7681,59,638,1011,27,3931,977,973,975,974],"class_list":{"0":"post-84373","1":"post","2":"type-post","3":"status-publish","4":"format-standard","5":"has-post-thumbnail","7":"category-divertissement","8":"tag-actu-people","9":"tag-ben-affleck","10":"tag-celebrite","11":"tag-divertissement","12":"tag-divorce","13":"tag-entertainment","14":"tag-figaro","15":"tag-fr","16":"tag-france","17":"tag-jennifer-lopez","18":"tag-madame","19":"tag-people","20":"tag-potain-de-stars","21":"tag-star"},"share_on_mastodon":{"url":"https:\/\/pubeurope.com\/@fr\/114472149635520606","error":""},"_links":{"self":[{"href":"https:\/\/www.europesays.com\/fr\/wp-json\/wp\/v2\/posts\/84373","targetHints":{"allow":["GET"]}}],"collection":[{"href":"https:\/\/www.europesays.com\/fr\/wp-json\/wp\/v2\/posts"}],"about":[{"href":"https:\/\/www.europesays.com\/fr\/wp-json\/wp\/v2\/types\/post"}],"author":[{"embeddable":true,"href":"https:\/\/www.europesays.com\/fr\/wp-json\/wp\/v2\/users\/2"}],"replies":[{"embeddable":true,"href":"https:\/\/www.europesays.com\/fr\/wp-json\/wp\/v2\/comments?post=84373"}],"version-history":[{"count":0,"href":"https:\/\/www.europesays.com\/fr\/wp-json\/wp\/v2\/posts\/84373\/revisions"}],"wp:featuredmedia":[{"embeddable":true,"href":"https:\/\/www.europesays.com\/fr\/wp-json\/wp\/v2\/media\/84374"}],"wp:attachment":[{"href":"https:\/\/www.europesays.com\/fr\/wp-json\/wp\/v2\/media?parent=84373"}],"wp:term":[{"taxonomy":"category","embeddable":true,"href":"https:\/\/www.europesays.com\/fr\/wp-json\/wp\/v2\/categories?post=84373"},{"taxonomy":"post_tag","embeddable":true,"href":"https:\/\/www.europesays.com\/fr\/wp-json\/wp\/v2\/tags?post=84373"}],"curies":[{"name":"wp","href":"https:\/\/api.w.org\/{rel}","templated":true}]}}