{"id":84382,"date":"2025-05-08T12:16:09","date_gmt":"2025-05-08T12:16:09","guid":{"rendered":"https:\/\/www.europesays.com\/fr\/84382\/"},"modified":"2025-05-08T12:16:09","modified_gmt":"2025-05-08T12:16:09","slug":"lukraine-accuse-la-russie-dattaquer-sur-toute-la-ligne-de-front-malgre-la-treve-annoncee-par-poutine","status":"publish","type":"post","link":"https:\/\/www.europesays.com\/fr\/84382\/","title":{"rendered":"L&rsquo;Ukraine accuse la Russie d\u2019attaquer sur \u00abtoute la ligne de front\u00bb malgr\u00e9 la tr\u00eave annonc\u00e9e par Poutine"},"content":{"rendered":"<p><strong>LE POINT SUR LA SITUATION &#8211;<\/strong> L\u2019arm\u00e9e de l\u2019air ukrainienne a fait \u00e9tat de lancements de bombes a\u00e9riennes dans la r\u00e9gion de Soumy, alors que le pr\u00e9sident russe Vladimir Poutine a ordonn\u00e9 une tr\u00eave de trois jours \u00e0 partir de jeudi pour les comm\u00e9morations de la victoire contre l\u2019Allemagne.<\/p>\n<p class=\"fig-paragraph\">Dr\u00f4le de \u00abtr\u00eave\u00bb, que celle\u00a0<a href=\"http:\/\/www.lefigaro.fr\/international\/guerre-en-ukraine-zelensky-dit-ne-pas-vouloir-jouer-avec-les-courtes-treves-proposees-par-poutine-20250503\" target=\"_blank\" data-fig-type=\"NewsFlash\" rel=\"noopener nofollow\" data-gtm-custom-categorie=\"navigation\" data-gtm-custom-action=\"crossclick\" data-gtm-custom-label=\"Contextuel\" data-gtm-event=\"customEventSPE\" data-fig-domain=\"LEFIGARO\">annonc\u00e9e de mani\u00e8re unilat\u00e9rale<\/a>\u00a0par Moscou et d\u00e9j\u00e0 viol\u00e9e, selon l\u2019Ukraine, d\u00e8s sa prise d\u2019effet. Jeudi matin, Kiev a accus\u00e9 la Russie d\u2019attaquer sur \u00abtoute la ligne de front\u00bb, alors que le pr\u00e9sident Vladimir Poutine avait d\u00e9cr\u00e9t\u00e9 un arr\u00eat des combats \u00e0 l\u2019occasion des comm\u00e9morations de la victoire contre l\u2019Allemagne nazie le 9 mai. Une tr\u00eave suppos\u00e9e entrer en vigueur jeudi, que l\u2019Ukraine n\u2019a jamais accept\u00e9e et qualifi\u00e9e d\u2019op\u00e9ration de communication, appelant plut\u00f4t \u00e0 un cessez-le-feu de 30 jours. Moscou, pour sa part, assure \u00abrespecter strictement\u00bb la tr\u00eave et seulement \u00abr\u00e9pondre\u00bb \u00e0 des attaques ukrainiennes. Le Figaro fait le point sur la situation.<\/p>\n<p><strong>Le Parlement ukrainien ratifie l\u2019accord \u00abhistorique\u00bb avec Washington sur les minerais<\/strong><\/p>\n<p class=\"fig-paragraph\">Le Parlement ukrainien a ratifi\u00e9 jeudi l\u2019<a href=\"http:\/\/www.lefigaro.fr\/international\/accord-minier-kiev-washington-l-enjeu-des-minerais-est-la-grande-competition-du-21e-siecle-20250502\" target=\"_blank\" data-fig-type=\"Article\" rel=\"noopener nofollow\" data-gtm-custom-categorie=\"navigation\" data-gtm-custom-action=\"crossclick\" data-gtm-custom-label=\"Contextuel\" data-gtm-event=\"customEventSPE\" data-fig-domain=\"LEFIGARO\">accord \u00abhistorique\u00bb avec les Etats-Unis<\/a>\u00a0sur l\u2019exploitation des ressources naturelles du pays, sign\u00e9 apr\u00e8s des semaines de n\u00e9gociations houleuses, a annonc\u00e9 la ministre ukrainien de l\u2019\u00c9conomie.<\/p>\n<p class=\"fig-paragraph\">\u00abLe Parlement ukrainien a ratifi\u00e9 l\u2019accord de partenariat \u00e9conomique historique entre l\u2019Ukraine et les \u00c9tats-Unis\u00bb, a d\u00e9clar\u00e9 sur X la ministre\u00a0<a href=\"https:\/\/www.lefigaro.fr\/international\/ioulia-svyrydenko-nous-devons-preparer-le-retour-des-ukrainiens-chez-eux-20221212\" target=\"_blank\" data-fig-type=\"Article\" rel=\"noopener nofollow\" data-gtm-custom-categorie=\"navigation\" data-gtm-custom-action=\"crossclick\" data-gtm-custom-label=\"Contextuel\" data-gtm-event=\"customEventSPE\" data-fig-domain=\"LEFIGARO\">Ioulia Svyrydenko<\/a>, qui esp\u00e8re que ce document pourra ouvrir la voie \u00e0 l\u2019octroi pour Kiev d\u2019une nouvelle aide militaire am\u00e9ricaine pour repousser l\u2019invasion russe.<\/p>\n<p>Kiev fait \u00e9tat d\u2019attaques \u00absur toute la ligne de front\u00bb<\/p>\n<p class=\"fig-paragraph\">\u00abSelon nos donn\u00e9es militaires, malgr\u00e9 les d\u00e9clarations de Poutine, les forces russes continuent d\u2019attaquer sur toute la ligne de front\u00bb, a affirm\u00e9 le ministre ukrainien des Affaires \u00e9trang\u00e8res Andri\u00ef Sybiga, sur X. Depuis minuit, la Russie a \u00abcommis 734 violations du cessez-le-feu\u00bb et lanc\u00e9 63 tentatives d\u2019assaut, a-t-il accus\u00e9. L\u2019Ukraine r\u00e9pondra \u00abde mani\u00e8re appropri\u00e9e \u00e0 toutes les attaques\u00bb et partagera avec ses partenaires \u00abtoutes les informations pertinentes sur les violations du cessez-le-feu par la Russie\u00bb, a ajout\u00e9 M. Sybiga.<\/p>\n<p class=\"fig-paragraph\">Plus t\u00f4t jeudi, l\u2019arm\u00e9e de l\u2019air ukrainienne avait alert\u00e9 dans un communiqu\u00e9 sur le \u00ablancement de bombes a\u00e9riennes guid\u00e9es par l&rsquo;aviation tactique ennemie sur la r\u00e9gion de Soumy\u00bb. Dans un message s\u00e9par\u00e9 publi\u00e9 ult\u00e9rieurement, cette source avait toutefois pr\u00e9cis\u00e9 qu&rsquo;entre 21H00 GMT mercredi et 05H00 GMT jeudi, \u00abaucun tir de missiles ni aucune utilisation de drones d&rsquo;attaque n&rsquo;ont \u00e9t\u00e9 enregistr\u00e9s dans l&rsquo;espace a\u00e9rien ukrainien\u00bb.<\/p>\n<p>L\u2019arm\u00e9e russe dit \u00abrespecter strictement\u00bb le cessez-le-feu<\/p>\n<p class=\"fig-paragraph\">De son c\u00f4t\u00e9, l\u2019arm\u00e9e russe a assur\u00e9 jeudi \u00abrespecter strictement\u00bb le cessez-le-feu et ne mener aucune frappe d\u2019aviation, de missile, d\u2019artillerie ou de drone. \u00abLes forces arm\u00e9es russes r\u00e9pondent sym\u00e9triquement aux violations du cessez-le-feu par les forces arm\u00e9es ukrainiennes\u00bb, a ajout\u00e9 le minist\u00e8re russe de la D\u00e9fense sur Telegram.<\/p>\n<p><strong>D\u00e9but de la \u00abtr\u00eave\u00bb<\/strong><\/p>\n<p class=\"fig-paragraph\">La tr\u00eave de trois jours avec l\u2019Ukraine, ordonn\u00e9e de fa\u00e7on unilat\u00e9rale par le pr\u00e9sident russe Vladimir Poutine \u00e0 l\u2019occasion des comm\u00e9morations de la victoire contre l\u2019Allemagne nazie le 9 mai, est entr\u00e9e en vigueur jeudi. \u00abLe cessez-le-feu (&#8230;) \u00e0 l\u2019occasion du 80e anniversaire de la Grande Victoire, a commenc\u00e9\u00bb, a rapport\u00e9 l\u2019agence de presse russe Ria Novosti. L\u2019Ukraine n\u2019a jamais accept\u00e9 cette tr\u00eave et l\u2019a qualifi\u00e9e d\u2019op\u00e9ration de communication, appelant plut\u00f4t \u00e0 un cessez-le-feu de 30 jours.<\/p>\n<p class=\"fig-paragraph\">La nuit de mercredi \u00e0 jeudi a \u00e9t\u00e9 relativement calme. L\u2019a\u00e9roport de Nijni Novgorod, ville \u00e0 400 km de Moscou, a \u00e9t\u00e9 ferm\u00e9 pendant plus d\u2019une heure, a indiqu\u00e9 sur Telegram Artem Korenyako, repr\u00e9sentant de l\u2019agence nationale de l\u2019aviation Rossaviatsia.<\/p>\n<p class=\"fig-paragraph\">Quelques heures avant l\u2019entr\u00e9e en vigueur de la tr\u00eave d\u00e9cr\u00e9t\u00e9e par Vladimir Poutine \u00e0 21H00 GMT, la Russie et l\u2019Ukraine avaient \u00e9chang\u00e9 des attaques a\u00e9riennes, avec des missiles et des dizaines de drones entra\u00eenant la fermeture d\u2019a\u00e9roports c\u00f4t\u00e9 russe et faisant au moins deux morts c\u00f4t\u00e9 ukrainien. Le Kremlin a pr\u00e9cis\u00e9 que les forces russes respecteraient le cessez-le-feu mais qu\u2019elles r\u00e9pondraient \u00abimm\u00e9diatement\u00bb si Kiev attaquait.<\/p>\n<p class=\"fig-paragraph\">Dans son adresse de mercredi soir, le pr\u00e9sident Volodymyr Zelensky a renouvel\u00e9 son appel \u00e0 une tr\u00eave de 30 jours. \u00abNous ne retirons pas cette proposition qui pourrait donner une chance \u00e0 la diplomatie. Mais le monde ne voit pas de r\u00e9ponse de la part de la Russie\u00bb, a-t-il d\u00e9clar\u00e9. Vladimir Poutine a annonc\u00e9 la tr\u00eave le 28 avril dans un geste \u00abhumanitaire\u00bb, \u00e0 la suite de pressions des \u00c9tats-Unis pour que la Russie mette un terme \u00e0 l\u2019assaut qu\u2019elle m\u00e8ne depuis 2022 contre l\u2019Ukraine.<\/p>\n<p>Frustration \u00e0 Washington<\/p>\n<p class=\"fig-paragraph\">Depuis son investiture en janvier, le pr\u00e9sident am\u00e9ricain Donald Trump tente de n\u00e9gocier un cessez-le-feu durable entre Moscou et Kiev. Mais il n\u2019a pas r\u00e9ussi \u00e0 obtenir de concessions majeures de la part du Kremlin. En mars, Vladimir Poutine a rejet\u00e9 une proposition conjointe am\u00e9ricano-ukrainienne de cessez-le-feu inconditionnel et n\u2019a depuis offert que de maigres contributions aux efforts de paix de Donald Trump.<\/p>\n<p class=\"fig-paragraph\">La Maison-Blanche est de plus en plus frustr\u00e9e par cette absence de progr\u00e8s. \u00abIl est probablement impossible pour nous d\u2019assurer une m\u00e9diation compl\u00e8te sans au moins quelques n\u00e9gociations directes entre les deux parties\u00bb, a d\u00e9clar\u00e9 mercredi le vice-pr\u00e9sident am\u00e9ricain JD Vance.<\/p>\n<p class=\"fig-paragraph\">Dans la nuit de mardi \u00e0 mercredi, l\u2019arm\u00e9e russe a tir\u00e9 cinq missiles balistiques et lanc\u00e9 187 drones sur l\u2019Ukraine, selon l\u2019arm\u00e9e de l\u2019air ukrainienne qui a affirm\u00e9 avoir abattu deux de ces missiles et 81 drones. \u00c0 Kiev, une m\u00e8re et son fils ont p\u00e9ri et sept autres personnes ont \u00e9t\u00e9 bless\u00e9es, dont quatre enfants.<\/p>\n<p class=\"fig-paragraph\">L\u2019Ukraine, dont environ 20% du territoire est occup\u00e9 par l\u2019arm\u00e9e russe, a pour sa part multipli\u00e9 les attaques de drones contre la Russie ces derniers jours, perturbant le fonctionnement des a\u00e9roports de Moscou et d\u2019autres villes.<\/p>\n","protected":false},"excerpt":{"rendered":"LE POINT SUR LA SITUATION &#8211; L\u2019arm\u00e9e de l\u2019air ukrainienne a fait \u00e9tat de lancements de bombes a\u00e9riennes&hellip;\n","protected":false},"author":2,"featured_media":84383,"comment_status":"","ping_status":"","sticky":false,"template":"","format":"standard","meta":{"footnotes":""},"categories":[2],"tags":[259,11,260,1011,27,131,14,261,12,262,135],"class_list":{"0":"post-84382","1":"post","2":"type-post","3":"status-publish","4":"format-standard","5":"has-post-thumbnail","7":"category-actualites","8":"tag-actualite-internationale","9":"tag-actualites","10":"tag-affaires-etrangeres","11":"tag-fr","12":"tag-france","13":"tag-guerre-en-ukraine","14":"tag-international","15":"tag-ministere-des-affaires-etrangeres","16":"tag-news","17":"tag-politique-etrangere","18":"tag-vladimir-poutine"},"share_on_mastodon":{"url":"https:\/\/pubeurope.com\/@fr\/114472169232140108","error":""},"_links":{"self":[{"href":"https:\/\/www.europesays.com\/fr\/wp-json\/wp\/v2\/posts\/84382","targetHints":{"allow":["GET"]}}],"collection":[{"href":"https:\/\/www.europesays.com\/fr\/wp-json\/wp\/v2\/posts"}],"about":[{"href":"https:\/\/www.europesays.com\/fr\/wp-json\/wp\/v2\/types\/post"}],"author":[{"embeddable":true,"href":"https:\/\/www.europesays.com\/fr\/wp-json\/wp\/v2\/users\/2"}],"replies":[{"embeddable":true,"href":"https:\/\/www.europesays.com\/fr\/wp-json\/wp\/v2\/comments?post=84382"}],"version-history":[{"count":0,"href":"https:\/\/www.europesays.com\/fr\/wp-json\/wp\/v2\/posts\/84382\/revisions"}],"wp:featuredmedia":[{"embeddable":true,"href":"https:\/\/www.europesays.com\/fr\/wp-json\/wp\/v2\/media\/84383"}],"wp:attachment":[{"href":"https:\/\/www.europesays.com\/fr\/wp-json\/wp\/v2\/media?parent=84382"}],"wp:term":[{"taxonomy":"category","embeddable":true,"href":"https:\/\/www.europesays.com\/fr\/wp-json\/wp\/v2\/categories?post=84382"},{"taxonomy":"post_tag","embeddable":true,"href":"https:\/\/www.europesays.com\/fr\/wp-json\/wp\/v2\/tags?post=84382"}],"curies":[{"name":"wp","href":"https:\/\/api.w.org\/{rel}","templated":true}]}}