{"id":84395,"date":"2025-05-08T12:24:13","date_gmt":"2025-05-08T12:24:13","guid":{"rendered":"https:\/\/www.europesays.com\/fr\/84395\/"},"modified":"2025-05-08T12:24:13","modified_gmt":"2025-05-08T12:24:13","slug":"mensonges-confusion-et-argent-liquide-un-etudiant-juge-pour-blanchiment","status":"publish","type":"post","link":"https:\/\/www.europesays.com\/fr\/84395\/","title":{"rendered":"mensonges, confusion et argent liquide, un \u00e9tudiant jug\u00e9 pour blanchiment"},"content":{"rendered":"<p>\n\t\t\t\t\tInterpell\u00e9 avec pr\u00e8s de 3 000 euros en esp\u00e8ces et deux t\u00e9l\u00e9phones, le jeune homme multiplie les versions avant de se contredire \u00e0 la barre. \t\t\t\t<\/p>\n<p>\n\t\t\t\t\t\t\t\t\t\u00a9 Illustration \u2013 un \u00e9tudiant jug\u00e9 pour blanchiment.\t\t\t\t\t\t\t\t<\/p>\n<p>Le 11 f\u00e9vrier dernier, une <strong>op\u00e9ration de contr\u00f4le d\u2019identit\u00e9 <\/strong>est men\u00e9e dans la <strong>cit\u00e9 G\u00e9ly<\/strong>, \u00e0 <a href=\"https:\/\/infoccitanie.fr\/tag\/montpellier\/\" target=\"_blank\" rel=\"noopener\">Montpellier<\/a>, un quartier connu pour son implication dans le trafic de stup\u00e9fiants. \u00c0 cette occasion, les forces de l\u2019ordre interpellent un jeune homme tout juste majeur. Il est en possession de <strong>deux t\u00e9l\u00e9phones portables<\/strong> et de <strong>2 875 euros en esp\u00e8ces<\/strong>. Conduit au commissariat, cet \u00e9tudiant en \u00e9conomie fournit des <strong>explications confuses <\/strong>aux enqu\u00eateurs. Il affirme d\u2019abord que l\u2019argent provient de la caisse d\u2019une \u00e9picerie appartenant \u00e0 un ami, qui lui aurait simplement demand\u00e9 de le compter. Il ajoute ensuite qu\u2019une partie de la somme lui appartiendrait personnellement. Face \u00e0 ces d\u00e9clarations floues, les forces de l\u2019ordre <strong>poursuivent leurs investigations<\/strong>. Cependant, le jeune homme <strong>refuse<\/strong> cat\u00e9goriquement de leur donner le <strong>code de d\u00e9verrouillage de l\u2019un de ses t\u00e9l\u00e9phones<\/strong>. Inform\u00e9 qu\u2019il s\u2019agit d\u2019un d\u00e9lit, il persiste. Maintenu dans sa position, il est alors <strong>mis en cause<\/strong> pour blanchiment ainsi que pour refus de transmettre aux autorit\u00e9s le code de son t\u00e9l\u00e9phone.<\/p>\n<p>\u00c0 la barre du <a href=\"https:\/\/infoccitanie.fr\/tag\/tribunal\/\" target=\"_blank\" rel=\"noopener\">tribunal correctionnel de Montpellier<\/a> ce mercredi 7 mai, <strong>il revient sur ses dires<\/strong>. L\u2019argent retrouv\u00e9 sur lui lors du contr\u00f4le d\u2019identit\u00e9 ne correspondrait pas du tout \u00e0 la caisse de l\u2019\u00e9picerie de son ami. Cet ami \u00e9picier n\u2019existerait m\u00eame pas \u2026 Finalement, il s\u2019agirait de son argent ainsi que celui de sa m\u00e8re. \u00ab\u00a0C\u2019est totalement faux ce que j\u2019ai dit en garde \u00e0 vue\u00a0\u00bb, se confie-t-il \u00e0 la barre.<\/p>\n<p>Des r\u00e9ponses incoh\u00e9rentes et un discours flou<\/p>\n<p>Afin de mieux comprendre la situation, la pr\u00e9sidente, Madame Alix Fredon le questionne. \u00ab\u00a0Pourquoi avez-vous menti aux forces de l\u2019ordre Monsieur\u00a0?\u00a0\u00bb.\u00a0Selon ses dires, il aurait paniqu\u00e9. Quant au refus de communication du code de son second t\u00e9l\u00e9phone, \u00ab\u00a0j\u2019ai juste voulu garder le code c\u2019est tout. Je n\u2019ai rien \u00e0 cacher\u00a0\u00bb, balbutie-t-il. Concernant les 2875 euros, il explique que la somme \u00e9tait destin\u00e9e \u00e0 l\u2019achat d\u2019une moto.<\/p>\n<p>Interrog\u00e9 par Monsieur le Procureur de la R\u00e9publique Jean-Christophe Tixier, l\u2019\u00e9tudiant en \u00e9conomie affirme qu\u2019il n\u2019a pas le permis moto. \u00ab\u00a0Alors pourquoi vouloir acheter une moto Monsieur\u00a0?\u00a0\u00bb. \u00ab\u00a0Je parlais d\u2019un scooter, je me suis tromp\u00e9\u00a0\u00bb, bredouille-t-il.<\/p>\n<p>Le verdict est tomb\u00e9. En vue des \u00e9l\u00e9ments d\u00e9montrant une volont\u00e9 de dissimuler l\u2019origine de l\u2019argent, le jeune homme est <strong>coupable<\/strong> de blanchiment et du refus de communication du code de t\u00e9l\u00e9phone. En vue de son casier judiciaire vierge, il est condamn\u00e9 \u00e0 une peine de <strong>4 mois d\u2019emprisonnement assortis du sursis simple<\/strong>. Les 2875 euros restent confisqu\u00e9s.<\/p>\n","protected":false},"excerpt":{"rendered":"Interpell\u00e9 avec pr\u00e8s de 3 000 euros en esp\u00e8ces et deux t\u00e9l\u00e9phones, le jeune homme multiplie les versions&hellip;\n","protected":false},"author":2,"featured_media":84396,"comment_status":"","ping_status":"","sticky":false,"template":"","format":"standard","meta":{"footnotes":""},"categories":[9599],"tags":[1111,11,1777,674,1011,27,2208,12,2680,25,3693],"class_list":{"0":"post-84395","1":"post","2":"type-post","3":"status-publish","4":"format-standard","5":"has-post-thumbnail","7":"category-montpellier","8":"tag-actu","9":"tag-actualites","10":"tag-eu","11":"tag-europe","12":"tag-fr","13":"tag-france","14":"tag-montpellier","15":"tag-news","16":"tag-occitanie","17":"tag-republique-francaise","18":"tag-tribunal"},"share_on_mastodon":{"url":"https:\/\/pubeurope.com\/@fr\/114472200627236297","error":""},"_links":{"self":[{"href":"https:\/\/www.europesays.com\/fr\/wp-json\/wp\/v2\/posts\/84395","targetHints":{"allow":["GET"]}}],"collection":[{"href":"https:\/\/www.europesays.com\/fr\/wp-json\/wp\/v2\/posts"}],"about":[{"href":"https:\/\/www.europesays.com\/fr\/wp-json\/wp\/v2\/types\/post"}],"author":[{"embeddable":true,"href":"https:\/\/www.europesays.com\/fr\/wp-json\/wp\/v2\/users\/2"}],"replies":[{"embeddable":true,"href":"https:\/\/www.europesays.com\/fr\/wp-json\/wp\/v2\/comments?post=84395"}],"version-history":[{"count":0,"href":"https:\/\/www.europesays.com\/fr\/wp-json\/wp\/v2\/posts\/84395\/revisions"}],"wp:featuredmedia":[{"embeddable":true,"href":"https:\/\/www.europesays.com\/fr\/wp-json\/wp\/v2\/media\/84396"}],"wp:attachment":[{"href":"https:\/\/www.europesays.com\/fr\/wp-json\/wp\/v2\/media?parent=84395"}],"wp:term":[{"taxonomy":"category","embeddable":true,"href":"https:\/\/www.europesays.com\/fr\/wp-json\/wp\/v2\/categories?post=84395"},{"taxonomy":"post_tag","embeddable":true,"href":"https:\/\/www.europesays.com\/fr\/wp-json\/wp\/v2\/tags?post=84395"}],"curies":[{"name":"wp","href":"https:\/\/api.w.org\/{rel}","templated":true}]}}