{"id":843976,"date":"2026-04-03T04:32:30","date_gmt":"2026-04-03T04:32:30","guid":{"rendered":"https:\/\/www.europesays.com\/fr\/843976\/"},"modified":"2026-04-03T04:32:30","modified_gmt":"2026-04-03T04:32:30","slug":"ibrahim-mbaye-tente-par-un-depart-en-premier-league","status":"publish","type":"post","link":"https:\/\/www.europesays.com\/fr\/843976\/","title":{"rendered":"Ibrahim Mbaye tent\u00e9 par un d\u00e9part en Premier League ? &#8211;"},"content":{"rendered":"<p><img width=\"700\" height=\"350\" src=\"https:\/\/www.europesays.com\/fr\/wp-content\/uploads\/2026\/04\/Mbaye.jpg\" class=\"attachment-jannah-image-post size-jannah-image-post wp-post-image\" alt=\"Mbaye\" is_main_img=\"1\" decoding=\"async\" fetchpriority=\"high\"  \/><br \/>\n Image :<br \/>\npsg.fr<\/p>\n<p>Ibrahim Mbaye a \u00e9t\u00e9 lanc\u00e9 la saison derni\u00e8re par Luis<br \/>\nEnrique. M\u00eame s\u2019il se sent bien au PSG, il pourrait envisager un<br \/>\nd\u00e9part afin d\u2019avoir un temps de jeu plus r\u00e9gulier.\u00a0<\/p>\n<p><strong>Ibrahim Mbaye<\/strong> fait partie des nombreux jeunes<br \/>\ntitis du <strong>PSG<\/strong> lanc\u00e9s par <strong><a href=\"https:\/\/canal-supporters.com\/luis-enrique-donne-des-nouvelles-de-fabian-ruiz\/\" title=\"\" rel=\"nofollow noopener\" target=\"_blank\">Luis Enrique<\/a><\/strong> depuis son arriv\u00e9e \u00e0 Paris en<br \/>\n2023. Apr\u00e8s une premi\u00e8re saison de d\u00e9couverte avec douze matches<br \/>\ntoutes comp\u00e9titions confondues (un but, deux passes d\u00e9cisives),<br \/>\nl\u2019attaquant (18 ans) a beaucoup jou\u00e9 lors de la premi\u00e8re partie de<br \/>\nl\u2019exercice 2025-2026. Mais depuis son retour de la<br \/>\n<strong>CAN<\/strong>, l\u2019international s\u00e9n\u00e9galais joue beaucoup<br \/>\nmoins (191 minutes de temps de jeu, deux titularisations). Cette<br \/>\nsaison, il a particip\u00e9 \u00e0 25 rencontres toutes comp\u00e9titions<br \/>\nconfondues (10 titularisations, 992 minutes de temps de jeu) pour<br \/>\nun but et deux passes d\u00e9cisives. Encore sous contrat jusqu\u2019en juin<br \/>\n2029 avec son club formateur, il pourrait repenser \u00e0 son avenir cet<br \/>\n\u00e9t\u00e9.<\/p>\n<p><a href=\"https:\/\/x.com\/CanalSupporters\" target=\"_blank\" rel=\"noopener nofollow\" title=\"\">canalsupporters.com<\/a><\/p>\n<p>Il a toujours<br \/>\npour objectif de rester au PSG mais\u2026<\/p>\n<p>Selon <a href=\"https:\/\/www.lequipe.fr\/Football\/Article\/En-mal-de-temps-de-jeu-avec-le-psg-ibrahim-mbaye-pourrait-etre-tente-par-un-depart-en-premier-league\/1664514\" target=\"_blank\" rel=\"noopener nofollow\" title=\"\">L\u2019Equipe<\/a>,<br \/>\nofficiellement <strong>Ibrahim Mbaye<\/strong> a toujours pour<br \/>\nobjectif de rester au <strong>PSG<\/strong>. Il ne lui a cependant<br \/>\npas \u00e9chapp\u00e9 que son temps de jeu s\u2019\u00e9tait drastiquement r\u00e9duit.<br \/>\n\u00ab\u00a0De quoi l\u2019inciter \u00e0 rester en observation du march\u00e9, o\u00f9<br \/>\nsa cote outre-Manche semble \u00e9lev\u00e9e. Accompagn\u00e9 par une bo\u00eete<br \/>\nd\u2019agents anglaise, le \u00ab titi \u00bb a fait l\u2019objet de plusieurs<br \/>\nsollicitations l\u2019hiver dernier. Le <strong>PSG<\/strong> n\u2019a pas<br \/>\nvoulu en entendre parler, et a ferm\u00e9 la porte. Cela n\u2019a pas emp\u00each\u00e9<br \/>\n<strong>Mbaye<\/strong> de visiter les installations de<br \/>\n<strong>Manchester City<\/strong> \u2013 ce que d\u00e9ment son<br \/>\nentourage\u00a0\u00bb, avance le quotidien sportif. Dans la<br \/>\nperspective d\u2019un transfert l\u2019\u00e9t\u00e9 prochain, <strong><a href=\"https:\/\/canal-supporters.com\/mercato-un-interet-daston-villa-pour-ibrahim-mbaye\/\" title=\"\" rel=\"nofollow noopener\" target=\"_blank\">Aston Villa<\/a><\/strong> se serait depuis \u00e9galement<br \/>\npositionn\u00e9. \u00ab\u00a0Il a un profil <strong>Premier<br \/>\nLeague<\/strong> compatible, c\u2019est un joueur de rupture, assez box<br \/>\nto box, qui aime bien cr\u00e9er des espaces. Il est assez<br \/>\nd\u00e9velopp\u00e9 du bas du corps, avec de l\u2019explosivit\u00e9 mais aussi une<br \/>\ncapacit\u00e9 \u00e0 rester sur ses jambes dans les duels. Et puis, il est<br \/>\nintelligent tactiquement. Le fait de travailler sous les ordres de<br \/>\n<strong>Luis Enrique<\/strong> l\u2019a aid\u00e9\u00ab\u00a0, explique un<br \/>\nscout d\u2019un club anglais \u00e0 L\u2019Equipe.<\/p><\/p>\n","protected":false},"excerpt":{"rendered":"Image : psg.fr Ibrahim Mbaye a \u00e9t\u00e9 lanc\u00e9 la saison derni\u00e8re par Luis Enrique. M\u00eame s\u2019il se sent&hellip;\n","protected":false},"author":2,"featured_media":843977,"comment_status":"","ping_status":"","sticky":false,"template":"","format":"standard","meta":{"footnotes":"","_share_on_mastodon":"0"},"categories":[9],"tags":[784,81,4479,69647,1011,27,1610,921,1613,1434,1435,626,91,92,70,93,60,1616,1617,1618,1619,96],"class_list":["post-843976","post","type-post","status-publish","format-standard","has-post-thumbnail","category-sports","tag-aston-villa","tag-canal-supporters","tag-enrique","tag-fin-de-contrat-juin-2029","tag-fr","tag-france","tag-ibrahim-mbaye","tag-luis-enrique","tag-mbaye","tag-mercato","tag-mercato-psg","tag-paris","tag-paris-saint-germain","tag-paris-sg","tag-premier-league","tag-psg","tag-sports","tag-titis","tag-titis-du-psg","tag-titis-parisiens","tag-titis-psg","tag-une"],"share_on_mastodon":{"url":"https:\/\/pubeurope.com\/@fr\/116338907293270172","error":""},"_links":{"self":[{"href":"https:\/\/www.europesays.com\/fr\/wp-json\/wp\/v2\/posts\/843976","targetHints":{"allow":["GET"]}}],"collection":[{"href":"https:\/\/www.europesays.com\/fr\/wp-json\/wp\/v2\/posts"}],"about":[{"href":"https:\/\/www.europesays.com\/fr\/wp-json\/wp\/v2\/types\/post"}],"author":[{"embeddable":true,"href":"https:\/\/www.europesays.com\/fr\/wp-json\/wp\/v2\/users\/2"}],"replies":[{"embeddable":true,"href":"https:\/\/www.europesays.com\/fr\/wp-json\/wp\/v2\/comments?post=843976"}],"version-history":[{"count":0,"href":"https:\/\/www.europesays.com\/fr\/wp-json\/wp\/v2\/posts\/843976\/revisions"}],"wp:featuredmedia":[{"embeddable":true,"href":"https:\/\/www.europesays.com\/fr\/wp-json\/wp\/v2\/media\/843977"}],"wp:attachment":[{"href":"https:\/\/www.europesays.com\/fr\/wp-json\/wp\/v2\/media?parent=843976"}],"wp:term":[{"taxonomy":"category","embeddable":true,"href":"https:\/\/www.europesays.com\/fr\/wp-json\/wp\/v2\/categories?post=843976"},{"taxonomy":"post_tag","embeddable":true,"href":"https:\/\/www.europesays.com\/fr\/wp-json\/wp\/v2\/tags?post=843976"}],"curies":[{"name":"wp","href":"https:\/\/api.w.org\/{rel}","templated":true}]}}