{"id":84405,"date":"2025-05-08T12:32:15","date_gmt":"2025-05-08T12:32:15","guid":{"rendered":"https:\/\/www.europesays.com\/fr\/84405\/"},"modified":"2025-05-08T12:32:15","modified_gmt":"2025-05-08T12:32:15","slug":"la-wantzenau-depuis-28-ans-cette-association-sauve-de-labattoir-les-chevaux-ages-ou-blesses-du-waldhof","status":"publish","type":"post","link":"https:\/\/www.europesays.com\/fr\/84405\/","title":{"rendered":"La Wantzenau. Depuis 28 ans, cette association sauve de l&rsquo;abattoir les chevaux \u00e2g\u00e9s ou bless\u00e9s du Waldhof"},"content":{"rendered":"<p>Tout a d\u00e9but\u00e9 avec Uranium. \u00ab\u00a0C\u2019\u00e9tait un hongre de 14 ans, il a commenc\u00e9 \u00e0 avoir des probl\u00e8mes de sant\u00e9, j\u2019avais peur qu\u2019il parte\u2026\u00a0\u00bb, se rem\u00e9more Monique Halbwax-Haffner. Il y a des mots, comme \u00ab\u00a0abattoir\u00a0\u00bb, qui ne se prononcent pas.<\/p>\n<p>\u00ab\u00a0Je suis all\u00e9e voir les cavaliers, pour le racheter au club. C\u2019\u00e9tait en 1997. Avec l\u2019aide de la SPA, <a href=\"http:\/\/archives.dna.fr\/cgi\/idxlist_door?a=art&amp;aaaammjj=199908&amp;num=4668&amp;m1=hugogos&amp;m2=&amp;m3=\" target=\"_blank\" rel=\"noopener\">on a trouv\u00e9 un endroit en Moselle<\/a>.\u00a0\u00bb Voil\u00e0 comment la cavali\u00e8re de 73 ans, d\u00e9sormais retrait\u00e9e des vies civile et \u00e9questre, se souvient avoir fond\u00e9 Le repos des hugogos. D\u2019en sourire encore\u00a0: \u00ab\u00a0\u00c7a veut dire \u2018\u2018dadas\u2019\u2019 en alsacien\u00a0\u00bb.<\/p>\n<p>Apr\u00e8s\u00a0? \u00ab\u00a0Il y a eu Shaman, Uamour, Naura, qu\u2019on a eus au prix boucherie, peut-\u00eatre 3\u00a0500\u00a0francs\u2026 et puis, le club a c\u00e9d\u00e9 Johny, un shetland.\u00a0\u00bb C\u2019est \u00ab\u00a0\u00e0 partir de cette ann\u00e9e-l\u00e0, en 2001\u00a0\u00bb, que le Waldhof a officiellement pris la d\u00e9cision de donner  ses chevaux candidats \u00e0 la retraite.<\/p>\n<p>\u00ab\u00a0Ils ont en g\u00e9n\u00e9ral 18 ou 19 ans\u00a0\u00bb<\/p>\n<p>Depuis 28 ans, qu\u2019ils soient \u00ab\u00a0\u00e2g\u00e9s\u00a0\u00bb et\/ou \u00ab\u00a0bless\u00e9s, malades\u00a0\u00bb, l\u2019association les r\u00e9cup\u00e8re \u00e0 la fin de leur&#8230;<\/p>\n","protected":false},"excerpt":{"rendered":"Tout a d\u00e9but\u00e9 avec Uranium. \u00ab\u00a0C\u2019\u00e9tait un hongre de 14 ans, il a commenc\u00e9 \u00e0 avoir des probl\u00e8mes&hellip;\n","protected":false},"author":2,"featured_media":84406,"comment_status":"","ping_status":"","sticky":false,"template":"","format":"standard","meta":{"footnotes":""},"categories":[2820],"tags":[1111,11,1687,2880,1057,10869,1777,674,107,5016,1011,27,775,3035,9440,12,25,104,517,640,3265,1631],"class_list":{"0":"post-84405","1":"post","2":"type-post","3":"status-publish","4":"format-standard","5":"has-post-thumbnail","7":"category-strasbourg","8":"tag-actu","9":"tag-actualites","10":"tag-culture-loisirs","11":"tag-edition-strasbourg","12":"tag-education","13":"tag-equitation","14":"tag-eu","15":"tag-europe","16":"tag-fil-info","17":"tag-formation-orientation","18":"tag-fr","19":"tag-france","20":"tag-grand-est","21":"tag-la-matinale-strasbourg","22":"tag-la-wantzenau","23":"tag-news","24":"tag-republique-francaise","25":"tag-societe","26":"tag-sport","27":"tag-strasbourg","28":"tag-strasbourg-nord","29":"tag-vie-associative"},"share_on_mastodon":{"url":"https:\/\/pubeurope.com\/@fr\/114472232214849895","error":""},"_links":{"self":[{"href":"https:\/\/www.europesays.com\/fr\/wp-json\/wp\/v2\/posts\/84405","targetHints":{"allow":["GET"]}}],"collection":[{"href":"https:\/\/www.europesays.com\/fr\/wp-json\/wp\/v2\/posts"}],"about":[{"href":"https:\/\/www.europesays.com\/fr\/wp-json\/wp\/v2\/types\/post"}],"author":[{"embeddable":true,"href":"https:\/\/www.europesays.com\/fr\/wp-json\/wp\/v2\/users\/2"}],"replies":[{"embeddable":true,"href":"https:\/\/www.europesays.com\/fr\/wp-json\/wp\/v2\/comments?post=84405"}],"version-history":[{"count":0,"href":"https:\/\/www.europesays.com\/fr\/wp-json\/wp\/v2\/posts\/84405\/revisions"}],"wp:featuredmedia":[{"embeddable":true,"href":"https:\/\/www.europesays.com\/fr\/wp-json\/wp\/v2\/media\/84406"}],"wp:attachment":[{"href":"https:\/\/www.europesays.com\/fr\/wp-json\/wp\/v2\/media?parent=84405"}],"wp:term":[{"taxonomy":"category","embeddable":true,"href":"https:\/\/www.europesays.com\/fr\/wp-json\/wp\/v2\/categories?post=84405"},{"taxonomy":"post_tag","embeddable":true,"href":"https:\/\/www.europesays.com\/fr\/wp-json\/wp\/v2\/tags?post=84405"}],"curies":[{"name":"wp","href":"https:\/\/api.w.org\/{rel}","templated":true}]}}