{"id":84426,"date":"2025-05-08T12:44:08","date_gmt":"2025-05-08T12:44:08","guid":{"rendered":"https:\/\/www.europesays.com\/fr\/84426\/"},"modified":"2025-05-08T12:44:08","modified_gmt":"2025-05-08T12:44:08","slug":"en-provence-terre-de-tournages-les-hausses-douanieres-sur-le-cinema-annoncees-par-trump-auraient-un-impact-limite","status":"publish","type":"post","link":"https:\/\/www.europesays.com\/fr\/84426\/","title":{"rendered":"En Provence, terre de tournages, les hausses douani\u00e8res sur le cin\u00e9ma annonc\u00e9es par Trump auraient un impact limit\u00e9"},"content":{"rendered":"<p>\u00ab\u00a0Nous voulons des films made in America\u00a0\u00bb, a \u00e9crit sur son r\u00e9seau social Truth Social <a href=\"https:\/\/www.laprovence.com\/article\/economie\/143838975085215\/donald-trump-va-signer-un-decret-instaurant-des-droits-de-douane-reciproques-entre-les-etats-unis-et-les-autres-pays-du-monde\" target=\"_blank\" rel=\"noopener\">Donald Trump<\/a> le lundi 5\u00a0mai dernier. L\u2019industrie culturelle ne sera pas \u00e9pargn\u00e9e par la guerre commerciale ouverte par le pr\u00e9sident des \u00c9tats-Unis. Avec quelles cons\u00e9quences en R\u00e9gion Sud, terre de tournages\u00a0?<\/p>\n<p>La s\u00e9rie \u00ab\u00a0Vanished\u00a0\u00bb actuellement en tournage<\/p>\n<p>Les professionnels du secteur relativisent l\u2019effet d\u2019annonce et s\u2019interrogent sur sa mise en \u0153uvre. \u00ab\u00a0Comme toujours, Trump pousse le bouchon loin pour voir comment on r\u00e9agit, mais il fait parfois machine arri\u00e8re\u00a0\u00bb, commente <a href=\"https:\/\/www.laprovence.com\/article\/region\/8780204487764715\/provence-studios-une-success-story-qui-a-commence-a-martigues\" target=\"_blank\" rel=\"noopener\">Olivier Marchetti, pr\u00e9sident de Provence Studios \u00e0 Martigues<\/a>, qui a accueilli de nombreuses productions am\u00e9ricaines telles que la s\u00e9rie The Serpent Queen, le film The Amateur avec Rami Malek, ou actuellement la s\u00e9rie Vanished (\u00ab\u00a0Disparu\u00a0\u00bb) de la production Peninsula Films.<\/p>\n<p>Cette ann\u00e9e, ces productions sont moins nombreuses en Provence qu\u2019avant le Covid, cons\u00e9quence de la gr\u00e8ve des sc\u00e9naristes de\u00a02023-2024, qui a entra\u00een\u00e9 une baisse des projets en d\u00e9veloppement, et in fine des tournages.<\/p>\n","protected":false},"excerpt":{"rendered":"\u00ab\u00a0Nous voulons des films made in America\u00a0\u00bb, a \u00e9crit sur son r\u00e9seau social Truth Social Donald Trump le&hellip;\n","protected":false},"author":2,"featured_media":84427,"comment_status":"","ping_status":"","sticky":false,"template":"","format":"standard","meta":{"footnotes":""},"categories":[2814],"tags":[17,1111,11,251,19343,1777,674,1011,27,19342,151,884,12,1186,882,25,3356,4505,19341],"class_list":{"0":"post-84426","1":"post","2":"type-post","3":"status-publish","4":"format-standard","5":"has-post-thumbnail","7":"category-marseille","8":"tag-17","9":"tag-actu","10":"tag-actualites","11":"tag-culture","12":"tag-douanieres","13":"tag-eu","14":"tag-europe","15":"tag-fr","16":"tag-france","17":"tag-hausses","18":"tag-les","19":"tag-marseille","20":"tag-news","21":"tag-provence","22":"tag-provence-alpes-cote-dazur","23":"tag-republique-francaise","24":"tag-sur","25":"tag-terre","26":"tag-tournages"},"share_on_mastodon":{"url":"https:\/\/pubeurope.com\/@fr\/114472279362904224","error":""},"_links":{"self":[{"href":"https:\/\/www.europesays.com\/fr\/wp-json\/wp\/v2\/posts\/84426","targetHints":{"allow":["GET"]}}],"collection":[{"href":"https:\/\/www.europesays.com\/fr\/wp-json\/wp\/v2\/posts"}],"about":[{"href":"https:\/\/www.europesays.com\/fr\/wp-json\/wp\/v2\/types\/post"}],"author":[{"embeddable":true,"href":"https:\/\/www.europesays.com\/fr\/wp-json\/wp\/v2\/users\/2"}],"replies":[{"embeddable":true,"href":"https:\/\/www.europesays.com\/fr\/wp-json\/wp\/v2\/comments?post=84426"}],"version-history":[{"count":0,"href":"https:\/\/www.europesays.com\/fr\/wp-json\/wp\/v2\/posts\/84426\/revisions"}],"wp:featuredmedia":[{"embeddable":true,"href":"https:\/\/www.europesays.com\/fr\/wp-json\/wp\/v2\/media\/84427"}],"wp:attachment":[{"href":"https:\/\/www.europesays.com\/fr\/wp-json\/wp\/v2\/media?parent=84426"}],"wp:term":[{"taxonomy":"category","embeddable":true,"href":"https:\/\/www.europesays.com\/fr\/wp-json\/wp\/v2\/categories?post=84426"},{"taxonomy":"post_tag","embeddable":true,"href":"https:\/\/www.europesays.com\/fr\/wp-json\/wp\/v2\/tags?post=84426"}],"curies":[{"name":"wp","href":"https:\/\/api.w.org\/{rel}","templated":true}]}}