{"id":84454,"date":"2025-05-08T12:59:16","date_gmt":"2025-05-08T12:59:16","guid":{"rendered":"https:\/\/www.europesays.com\/fr\/84454\/"},"modified":"2025-05-08T12:59:16","modified_gmt":"2025-05-08T12:59:16","slug":"en-europe-le-loup-reste-une-espece-protegee-mais-son-abattage-sera-facilite","status":"publish","type":"post","link":"https:\/\/www.europesays.com\/fr\/84454\/","title":{"rendered":"En Europe, le loup reste une \u00ab\u00a0esp\u00e8ce prot\u00e9g\u00e9e\u00a0\u00bb mais son abattage sera facilit\u00e9"},"content":{"rendered":"<p>Le <a href=\"https:\/\/www.letelegramme.fr\/environnement\/la-protection-du-loup-abaissee-en-europe-apres-lentree-en-vigueur-de-ce-texte-6773647.php\" target=\"_blank\" rel=\"nofollow noopener\">texte<\/a>, transposant dans le droit europ\u00e9en les r\u00e9centes modifications de la Convention de Berne sur la conservation de la vie sauvage, a \u00e9t\u00e9 adopt\u00e9 en session pl\u00e9ni\u00e8re \u00e0 Strasbourg, par 371 voix pour, 162 contre et 37 abstentions, ce jeudi.<\/p>\n<p>La droite, l\u2019extr\u00eame droite et les lib\u00e9raux ont majoritairement vot\u00e9 pour, les \u00e9cologistes et la gauche radicale s\u2019y sont oppos\u00e9s tandis que les socialistes se sont montr\u00e9s divis\u00e9s.<\/p>\n<p>\u00ab La d\u00e9gradation de la protection du loup ignore les outils efficaces de coexistence et risque de transformer la protection de la nature en un jeu politique. Elle flatte la peur plut\u00f4t que les faits \u00bb, a d\u00e9nonc\u00e9 l\u2019\u00e9lu allemand Sebastian Everding, au nom de la gauche radicale.<\/p>\n<p>Une augmentation des conflits entre loups et \u00e9leveurs<\/p>\n<p>\u00ab Il n\u2019y a pas de donn\u00e9es justifiant un abaissement du niveau de protection, mais les institutions europ\u00e9ennes ont choisi d\u2019ignorer la science \u00bb, a d\u00e9clar\u00e9 dans un communiqu\u00e9 Ilaria Di Silvestre, porte-parole du Fonds international pour le bien-\u00eatre animal (IFAW).<\/p>\n<p>Concr\u00e8tement, cette \u00e9volution l\u00e9gislative dans l\u2019Union europ\u00e9enne va faciliter les tirs et l\u2019abattage de loups dans les r\u00e9gions rurales et montagneuses o\u00f9 la proximit\u00e9 de l\u2019animal avec b\u00e9tail et chiens de troupeau est jug\u00e9e trop mena\u00e7ante.<\/p>\n<p>\u00ab Les \u00c9tats membres resteront responsables des plans de gestion du loup, mais disposeront de davantage de souplesse qu\u2019aujourd\u2019hui, j\u2019esp\u00e8re que cela va faciliter la coexistence \u00bb, a d\u00e9clar\u00e9 Herbert Dorfmann, eurod\u00e9put\u00e9 italien de droite (PPE), en conf\u00e9rence de presse.<\/p>\n<p>Le PPE, premier groupe du Parlement et famille politique de la pr\u00e9sidente de la Commission Ursula von der Leyen, est \u00e0 l\u2019initiative sur ce sujet.<\/p>\n<p>Ce parti a pr\u00e9sent\u00e9 le texte soumis \u00e0 la pl\u00e9ni\u00e8re comme l\u2019aboutissement d\u2019un travail de trois ans, n\u00e9 du constat d&rsquo;\u00ab une <a href=\"https:\/\/www.letelegramme.fr\/finistere\/le-faou-29590\/une-augmentation-des-attaques-loup-non-exclu-en-finistere-selon-le-prefet-video-6705952.php\" target=\"_blank\" rel=\"nofollow noopener\">augmentation des conflits entre loups et \u00e9leveurs<\/a> \u00bb.<\/p>\n<p>Depuis la directive de 1992 interdisant leur \u00e9limination, la population de loups est en hausse sur le continent europ\u00e9en, au point d\u2019atteindre les 20 300 individus recens\u00e9s dans l\u2019UE en 2023.<\/p>\n","protected":false},"excerpt":{"rendered":"Le texte, transposant dans le droit europ\u00e9en les r\u00e9centes modifications de la Convention de Berne sur la conservation&hellip;\n","protected":false},"author":2,"featured_media":84455,"comment_status":"","ping_status":"","sticky":false,"template":"","format":"standard","meta":{"footnotes":""},"categories":[1586],"tags":[11,436,1777,674,1011,27,12,25],"class_list":{"0":"post-84454","1":"post","2":"type-post","3":"status-publish","4":"format-standard","5":"has-post-thumbnail","7":"category-europe","8":"tag-actualites","9":"tag-environnement","10":"tag-eu","11":"tag-europe","12":"tag-fr","13":"tag-france","14":"tag-news","15":"tag-republique-francaise"},"share_on_mastodon":{"url":"https:\/\/pubeurope.com\/@fr\/114472338315208923","error":""},"_links":{"self":[{"href":"https:\/\/www.europesays.com\/fr\/wp-json\/wp\/v2\/posts\/84454","targetHints":{"allow":["GET"]}}],"collection":[{"href":"https:\/\/www.europesays.com\/fr\/wp-json\/wp\/v2\/posts"}],"about":[{"href":"https:\/\/www.europesays.com\/fr\/wp-json\/wp\/v2\/types\/post"}],"author":[{"embeddable":true,"href":"https:\/\/www.europesays.com\/fr\/wp-json\/wp\/v2\/users\/2"}],"replies":[{"embeddable":true,"href":"https:\/\/www.europesays.com\/fr\/wp-json\/wp\/v2\/comments?post=84454"}],"version-history":[{"count":0,"href":"https:\/\/www.europesays.com\/fr\/wp-json\/wp\/v2\/posts\/84454\/revisions"}],"wp:featuredmedia":[{"embeddable":true,"href":"https:\/\/www.europesays.com\/fr\/wp-json\/wp\/v2\/media\/84455"}],"wp:attachment":[{"href":"https:\/\/www.europesays.com\/fr\/wp-json\/wp\/v2\/media?parent=84454"}],"wp:term":[{"taxonomy":"category","embeddable":true,"href":"https:\/\/www.europesays.com\/fr\/wp-json\/wp\/v2\/categories?post=84454"},{"taxonomy":"post_tag","embeddable":true,"href":"https:\/\/www.europesays.com\/fr\/wp-json\/wp\/v2\/tags?post=84454"}],"curies":[{"name":"wp","href":"https:\/\/api.w.org\/{rel}","templated":true}]}}