{"id":84478,"date":"2025-05-08T13:15:11","date_gmt":"2025-05-08T13:15:11","guid":{"rendered":"https:\/\/www.europesays.com\/fr\/84478\/"},"modified":"2025-05-08T13:15:11","modified_gmt":"2025-05-08T13:15:11","slug":"le-23e-salon-du-livre-jeunesse-de-questembert-revient-les-17-et-18-mai-sous-les-halles","status":"publish","type":"post","link":"https:\/\/www.europesays.com\/fr\/84478\/","title":{"rendered":"Le 23e Salon du livre jeunesse de Questembert revient les 17 et 18\u00a0mai sous les halles"},"content":{"rendered":"<p>Depuis 23 ans, le salon du livre jeunesse de Questembert donne rendez-vous aux enfants, aux jeunes, \u00e0 leurs familles le temps d\u2019un week-end. M\u00e9diations scolaires, ateliers, rencontres, d\u00e9dicaces, avec quinzaine d\u2019invit\u00e9s en d\u00e9dicaces sur les stands des quatre libraires\u00a0: six auteurs, neuf illustrateurs.<\/p>\n<p>Le salon est coorganis\u00e9 avec Questembert communaut\u00e9. \u00ab\u00a0Malgr\u00e9 les difficult\u00e9s budg\u00e9taires, on a r\u00e9ussi \u00e0 maintenir les s\u00e9ances scolaires et le ch\u00e8que livre de 10 \u20ac pour 2\u00a0400 enfants du territoire, de la petite section au CM2\u00a0\u00bb, explique Bernard Chauvin, vice-pr\u00e9sident de Questembert communaut\u00e9, charg\u00e9 de la culture. Il a pr\u00e9cis\u00e9\u00a0: \u00ab\u00a0On a pu maintenir ce budget et les activit\u00e9s gr\u00e2ce au partenariat des communes. On a r\u00e9clam\u00e9 2 \u20ac par habitant via les comp\u00e9tences partag\u00e9es. Douze communes sur treize ont particip\u00e9\u00a0\u00bb.<\/p>\n<p>Deux temps<\/p>\n<p>Il s\u2019agit d\u2019un \u00e9v\u00e9nement en deux temps, avec d\u2019abord, les m\u00e9diations scolaires les 15 et 16 mai avec les auteurs et illustrateurs invit\u00e9s (90 interventions scolaires) et le salon du livre jeunesse sous les halles les 17 et 18 mai.<\/p>\n<p>Au programme\u00a0: mercredi 14 mai, samedi 17 et dimanche 18 mai\u00a0: dix ateliers en m\u00e9diath\u00e8ques anim\u00e9s par les illustrateurs (gratuits, sur inscription).<\/p>\n<p>\u00ab\u00a0Deux temps forts sont organis\u00e9s autour de la bande dessin\u00e9e et du manga pour les ados et les adultes\u00a0\u00bb, explique Emmanuelle Olivier, directrice de la m\u00e9diath\u00e8que\u00a0: le samedi 17 mai, \u00e0 17\u00a0h, une rencontre-dessin en direct avec Stephan Fert, dessinateur et sc\u00e9nariste de bandes dessin\u00e9es\u00a0; et le dimanche \u00e0 15\u00a0h, la grande nouveaut\u00e9 de ce salon, la pr\u00e9sentation du prix manga Komorebi autour des quatre \u00e9l\u00e9ments terre, eau, air, feu.<\/p>\n<p><b>Pratique<\/b><\/p>\n<p class=\"note\">23e salon du livre jeunesse les 17 et 18 mai sous les halles \u00e0 Questembert, samedi 17 mai de 10\u00a0h \u00e0 18\u00a0h et dimanche 18 mai, de 10\u00a0h \u00e0 17\u00a0h. Entr\u00e9 gratuite. Site\u00a0: <a href=\"http:\/\/www.13alapage.qc.bzh\" rel=\"nofollow noopener\" target=\"_blank\">www.13alapage.qc.bzh<\/a><\/p>\n","protected":false},"excerpt":{"rendered":"Depuis 23 ans, le salon du livre jeunesse de Questembert donne rendez-vous aux enfants, aux jeunes, \u00e0 leurs&hellip;\n","protected":false},"author":2,"featured_media":84479,"comment_status":"","ping_status":"","sticky":false,"template":"","format":"standard","meta":{"footnotes":""},"categories":[1357],"tags":[1379,251,58,59,1011,27,1351,1380,19344,9596],"class_list":{"0":"post-84478","1":"post","2":"type-post","3":"status-publish","4":"format-standard","5":"has-post-thumbnail","7":"category-livres","8":"tag-books","9":"tag-culture","10":"tag-divertissement","11":"tag-entertainment","12":"tag-fr","13":"tag-france","14":"tag-litterature","15":"tag-livres","16":"tag-molac","17":"tag-questembert"},"share_on_mastodon":{"url":"https:\/\/pubeurope.com\/@fr\/114472401206351930","error":""},"_links":{"self":[{"href":"https:\/\/www.europesays.com\/fr\/wp-json\/wp\/v2\/posts\/84478","targetHints":{"allow":["GET"]}}],"collection":[{"href":"https:\/\/www.europesays.com\/fr\/wp-json\/wp\/v2\/posts"}],"about":[{"href":"https:\/\/www.europesays.com\/fr\/wp-json\/wp\/v2\/types\/post"}],"author":[{"embeddable":true,"href":"https:\/\/www.europesays.com\/fr\/wp-json\/wp\/v2\/users\/2"}],"replies":[{"embeddable":true,"href":"https:\/\/www.europesays.com\/fr\/wp-json\/wp\/v2\/comments?post=84478"}],"version-history":[{"count":0,"href":"https:\/\/www.europesays.com\/fr\/wp-json\/wp\/v2\/posts\/84478\/revisions"}],"wp:featuredmedia":[{"embeddable":true,"href":"https:\/\/www.europesays.com\/fr\/wp-json\/wp\/v2\/media\/84479"}],"wp:attachment":[{"href":"https:\/\/www.europesays.com\/fr\/wp-json\/wp\/v2\/media?parent=84478"}],"wp:term":[{"taxonomy":"category","embeddable":true,"href":"https:\/\/www.europesays.com\/fr\/wp-json\/wp\/v2\/categories?post=84478"},{"taxonomy":"post_tag","embeddable":true,"href":"https:\/\/www.europesays.com\/fr\/wp-json\/wp\/v2\/tags?post=84478"}],"curies":[{"name":"wp","href":"https:\/\/api.w.org\/{rel}","templated":true}]}}