{"id":844805,"date":"2026-04-03T13:30:30","date_gmt":"2026-04-03T13:30:30","guid":{"rendered":"https:\/\/www.europesays.com\/fr\/844805\/"},"modified":"2026-04-03T13:30:30","modified_gmt":"2026-04-03T13:30:30","slug":"apres-3-mois-dabsence-radio-rbs-revient-avec-un-nouveau-local-2","status":"publish","type":"post","link":"https:\/\/www.europesays.com\/fr\/844805\/","title":{"rendered":"apr\u00e8s 3 mois d\u2019absence, radio RBS revient avec un nouveau local"},"content":{"rendered":"<p>    <img loading=\"lazy\" width=\"1800\" height=\"900\" src=\"https:\/\/www.europesays.com\/fr\/wp-content\/uploads\/2025\/11\/jeanne-callthepolice.jpg\" class=\"attachment-full size-full\" alt=\"\" id=\"imageLove\" decoding=\"async\"  \/><\/p>\n<p id=\"breadcrumbs\"><a href=\"https:\/\/pokaa.fr\/\" rel=\"nofollow noopener\" target=\"_blank\">Accueil<\/a> \/ <a href=\"https:\/\/pokaa.fr\/actu\/\" rel=\"nofollow noopener\" target=\"_blank\">Info locale<\/a> \/ Bonjooouur Strasbourg : apr\u00e8s 3 mois d\u2019absence, radio RBS revient avec un nouveau local<\/p>\n<p>                    Info locale<\/p>\n<p><b>Apr\u00e8s plusieurs mois d\u2019absence provoqu\u00e9s par les travaux de la Librairie Kl\u00e9ber et la recherche d\u2019un nouveau local \u00e9ph\u00e9m\u00e8re, Radio Bienvenue Strasbourg (RBS) est revenue sur les ondes le 23 mars dernier. Un soulagement pour les Strasbourgeois(es) et pour Talri, l\u2019animateur du Morning.<\/b><\/p>\n<p class=\"p1\">\u00ab\u00a0C\u2019\u00e9tait long.\u00a0\u00bb Au t\u00e9l\u00e9phone, Talri est soulag\u00e9 mais aussi un peu fatigu\u00e9, comme s\u2019il arrivait au bout d\u2019un chemin. Et quel chemin : <b>depuis d\u00e9but janvier, RBS avait cess\u00e9 d\u2019\u00e9mettre ses \u00e9missions, ne passant qu\u2019une playlist sur ses ondes, r\u00e9guli\u00e8rement mise \u00e0 jour<\/b>.<\/p>\n<p class=\"p1\">Une p\u00e9riode compliqu\u00e9e, provoqu\u00e9e par les immenses travaux de la Librairie Kl\u00e9ber, qui ont \u00e9galement concern\u00e9 le b\u00e2timent au n\u00b09 de la place Kl\u00e9ber, l\u00e0 o\u00f9 se trouve RBS depuis 2008. Apr\u00e8s quelques mois de recherches et de rebondissements, <b>RBS est revenue sur les ondes le 23 mars dernier dans ses nouveaux locaux situ\u00e9s rue des Francs-Bourgeois<\/b>.<\/p>\n<p>    <img width=\"800\" height=\"600\" src=\"https:\/\/www.europesays.com\/fr\/wp-content\/uploads\/2026\/03\/img-5363-grande-800x600.jpeg\" class=\"attachment-image-size-L size-image-size-L\" alt=\"rbs\" decoding=\"async\" loading=\"lazy\"  \/>         \u00a9 Nicolas Kaspar \/ Pokaa <\/p>\n<p>D\u00e9m\u00e9nager, trouver un local et l\u2019adapter aux contraintes radios : les aventures de RBS<\/p>\n<p class=\"p1\">D\u00e9but janvier, alors que les travaux de la Librairie Kl\u00e9ber ont d\u00e9but\u00e9, ils d\u00e9bordent sur l\u2019immeuble du 9 place Kl\u00e9ber.<b> RBS doit donc rapidement organiser un d\u00e9m\u00e9nagement ; t\u00e2che peu ais\u00e9e selon Talri : \u00ab\u00a0On \u00e9tait dans ce local depuis 2008, on a accumul\u00e9 beaucoup de choses.\u00a0\u00bb<\/b> Surtout, il fallait trouver un local temporaire, adapt\u00e9 pour faire de la radio. \u00ab Un m\u00e9tier un peu atypique avec le c\u00f4t\u00e9 acoustique et technique. \u00bb<\/p>\n<p class=\"p1\">Accompagn\u00e9e par Habitation Moderne, RBS tombe sur une premi\u00e8re solution : <b>un local dans le secteur Meinau-Plaine des Bouchers<\/b>. Solution id\u00e9ale, avec un lieu immense et adapt\u00e9 aux contraintes techniques. <b>Sauf que de nombreuses choses n\u2019ont pas fonctionn\u00e9, notamment des soucis de chauffage<\/b>, en plus d\u2019excentrer les activit\u00e9s de la radio de son historique centre-ville.<\/p>\n<blockquote><p>\n        On pensait red\u00e9marrer plut\u00f4t mi-f\u00e9vrier que fin mars.    <\/p><\/blockquote>\n<p>            Talri, animateur du Morning sur RBS<\/p>\n<p>                <img width=\"375\" height=\"500\" src=\"https:\/\/www.europesays.com\/fr\/wp-content\/uploads\/2026\/03\/img-5366-grande-375x500.jpeg\" class=\"attachment-gallery size-gallery\" alt=\"rbs\" data-full-url=\"https:\/\/pokaa.fr\/wp-content\/uploads\/2026\/03\/30\/img-5366-grande.jpeg\" decoding=\"async\" loading=\"lazy\"  \/>            <\/p>\n<p>                <img width=\"375\" height=\"500\" src=\"https:\/\/www.europesays.com\/fr\/wp-content\/uploads\/2026\/03\/img-5365-grande-375x500.jpeg\" class=\"attachment-gallery size-gallery\" alt=\"rbs\" data-full-url=\"https:\/\/pokaa.fr\/wp-content\/uploads\/2026\/03\/30\/img-5365-grande.jpeg\" decoding=\"async\" loading=\"lazy\"  \/>            <\/p>\n<p>                <img width=\"375\" height=\"500\" src=\"https:\/\/www.europesays.com\/fr\/wp-content\/uploads\/2026\/03\/img-5358-grande-375x500.jpeg\" class=\"attachment-gallery size-gallery\" alt=\"rbs\" data-full-url=\"https:\/\/pokaa.fr\/wp-content\/uploads\/2026\/03\/30\/img-5358-grande.jpeg\" decoding=\"async\" loading=\"lazy\"  \/>            <\/p>\n<p>                <img width=\"375\" height=\"500\" src=\"https:\/\/www.europesays.com\/fr\/wp-content\/uploads\/2026\/03\/img-5360-grande-375x500.jpeg\" class=\"attachment-gallery size-gallery\" alt=\"rbs\" data-full-url=\"https:\/\/pokaa.fr\/wp-content\/uploads\/2026\/03\/30\/img-5360-grande.jpeg\" decoding=\"async\" loading=\"lazy\"  \/>            <\/p>\n<p>                    \u00a9 Nicolas Kaspar \/ Pokaa<\/p>\n<p class=\"p1\">Finalement, le choix s\u2019est port\u00e9 sur un local en rez-de-chauss\u00e9e, rue des Francs-Bourgeois. <b>Retour au centre-ville donc, mais dans un local anciennement occup\u00e9 par une assurance, donc pas du tout adapt\u00e9 \u00e0 la radio<\/b>. Il y a donc fallu faire tout un travail acoustique, pour pouvoir travailler avec le nouveau voisinage. Car entre un 5e \u00e9tage et un RDC, il y a une diff\u00e9rence : \u00ab Place Kl\u00e9ber, on n\u2019avait pas de voisins, donc avec les DJ et le reste on n\u2019\u00e9tait pas une nuisance. \u00bb<\/p>\n<p class=\"p1\">Surtout, RBS est cette fois-ci pleinement visible depuis la rue des Francs-Bourgeois, avec une vitrine donnant sur les bureaux. <b>La radio a donc d\u00fb mettre en place un syst\u00e8me d\u2019alarme et des cam\u00e9ras pour se prot\u00e9ger<\/b>. Comme le r\u00e9sume Talri : \u00ab Pour transformer ce local comme il est aujourd\u2019hui il y avait du taf. \u00bb<\/p>\n<p>    <img width=\"800\" height=\"600\" src=\"https:\/\/www.europesays.com\/fr\/wp-content\/uploads\/2026\/03\/img-5357-grande-800x600.jpeg\" class=\"attachment-image-size-L size-image-size-L\" alt=\"rbs\" decoding=\"async\" loading=\"lazy\"  \/>         \u00a9 Nicolas Kaspar \/ Pokaa <\/p>\n<p>La reprise des \u00e9missions (et quelle date de retour ?)<\/p>\n<p class=\"p1\">Depuis le 23 mars, c\u2019est le soulagement : les \u00e9missions ont repris sur RBS. Un red\u00e9marrage en douceur selon Talri : \u00ab\u00a0On va laisser red\u00e9marrer les \u00e9missions, laisser les gens reprendre leurs marques.\u00a0\u00bb <b>Partag\u00e9 entre l\u2019opportunit\u00e9 et la crainte d\u2019\u00eatre d\u00e9sormais visible et identifiable, Talri souhaite pouvoir utiliser cette nouvelle vitrine<\/b>. Pour retrouver leurs auditeurs\/rices, RBS annonce d\u00e9j\u00e0 une future RBS Party le 9 mai prochain, dans un lieu encore tenu secret.<\/p>\n<p class=\"p1\">Surtout, RBS souhaite utiliser le mieux possible son nouveau local, avant un retour dans ses locaux historiques. L\u2019objectif pr\u00e9vu est bien de retrouver le 9 place Kl\u00e9ber ; <b>si les travaux de la librairie sont cens\u00e9s se terminer en novembre, il est possible que, comme dans chaque gros chantier, il y ait un d\u00e9lai suppl\u00e9mentaire<\/b>. En attendant, RBS a recommenc\u00e9 son activit\u00e9 sur 91.9 FM, et c\u2019est ce qui compte.<\/p>\n","protected":false},"excerpt":{"rendered":"Accueil \/ Info locale \/ Bonjooouur Strasbourg : apr\u00e8s 3 mois d\u2019absence, radio RBS revient avec un nouveau&hellip;\n","protected":false},"author":2,"featured_media":836557,"comment_status":"","ping_status":"","sticky":false,"template":"","format":"standard","meta":{"footnotes":"","_share_on_mastodon":"0"},"categories":[2820],"tags":[1111,11,1777,674,1011,27,775,12,1825,90833,15197,25,640,58524],"class_list":["post-844805","post","type-post","status-publish","format-standard","has-post-thumbnail","category-strasbourg","tag-actu","tag-actualites","tag-eu","tag-europe","tag-fr","tag-france","tag-grand-est","tag-news","tag-radio","tag-radio-bienvenue-strasbourg","tag-rbs","tag-republique-francaise","tag-strasbourg","tag-strasbourg-actualite"],"share_on_mastodon":{"url":"https:\/\/pubeurope.com\/@fr\/116341023332983512","error":""},"_links":{"self":[{"href":"https:\/\/www.europesays.com\/fr\/wp-json\/wp\/v2\/posts\/844805","targetHints":{"allow":["GET"]}}],"collection":[{"href":"https:\/\/www.europesays.com\/fr\/wp-json\/wp\/v2\/posts"}],"about":[{"href":"https:\/\/www.europesays.com\/fr\/wp-json\/wp\/v2\/types\/post"}],"author":[{"embeddable":true,"href":"https:\/\/www.europesays.com\/fr\/wp-json\/wp\/v2\/users\/2"}],"replies":[{"embeddable":true,"href":"https:\/\/www.europesays.com\/fr\/wp-json\/wp\/v2\/comments?post=844805"}],"version-history":[{"count":0,"href":"https:\/\/www.europesays.com\/fr\/wp-json\/wp\/v2\/posts\/844805\/revisions"}],"wp:featuredmedia":[{"embeddable":true,"href":"https:\/\/www.europesays.com\/fr\/wp-json\/wp\/v2\/media\/836557"}],"wp:attachment":[{"href":"https:\/\/www.europesays.com\/fr\/wp-json\/wp\/v2\/media?parent=844805"}],"wp:term":[{"taxonomy":"category","embeddable":true,"href":"https:\/\/www.europesays.com\/fr\/wp-json\/wp\/v2\/categories?post=844805"},{"taxonomy":"post_tag","embeddable":true,"href":"https:\/\/www.europesays.com\/fr\/wp-json\/wp\/v2\/tags?post=844805"}],"curies":[{"name":"wp","href":"https:\/\/api.w.org\/{rel}","templated":true}]}}