{"id":84488,"date":"2025-05-08T13:20:08","date_gmt":"2025-05-08T13:20:08","guid":{"rendered":"https:\/\/www.europesays.com\/fr\/84488\/"},"modified":"2025-05-08T13:20:08","modified_gmt":"2025-05-08T13:20:08","slug":"le-match-castres-clermont-reporte-et-pluie-dhommages","status":"publish","type":"post","link":"https:\/\/www.europesays.com\/fr\/84488\/","title":{"rendered":"le match Castres-Clermont report\u00e9 et pluie d\u2019hommages"},"content":{"rendered":"<p>\u00c0 la demande du Castres Olympique, la Ligue a report\u00e9 la rencontre contre Clermont, pr\u00e9vu ce samedi. De nombreux clubs rendent hommage au joueur fidjien tragiquement disparu ce jeudi matin.<\/p>\n<p class=\"fig-paragraph\">Pr\u00e9venus ce jeudi matin de\u00a0<a href=\"http:\/\/www.lefigaro.fr\/sports\/rugby\/top-14\/top-1-josaia-raisuqe-joueur-de-castres-decede-dans-un-tragique-accident-de-la-route-20250508\" data-fig-type=\"NewsFlash\" data-gtm-custom-categorie=\"navigation\" data-gtm-custom-action=\"crossclick\" data-gtm-custom-label=\"Contextuel\" data-gtm-event=\"customEventSPE\" data-fig-domain=\"LEFIGARO\" target=\"_blank\" rel=\"noopener\">la terrible nouvelle de la disparition de leur co\u00e9quipier<\/a>, Josaia Raisuqe, les joueurs castrais, pr\u00e9sents au centre d\u2019entra\u00eenement du CO, ont \u00e9t\u00e9 lib\u00e9r\u00e9s de toute obligation pour la journ\u00e9e. Un accompagnement psychologique va \u00eatre mis en place dans la journ\u00e9e pour les aider \u00e0 surmonter ce deuil tragique.<\/p>\n<p class=\"fig-paragraph\">Selon Rugbyrama, plusieurs joueurs du CO, \u00e9galement sur le chemin de l\u2019entra\u00eenement, \u00e9taient pr\u00e9sents en voiture \u00e0 l\u2019endroit de l\u2019accident et ont assist\u00e9 \u00e0 la tragique collision entre le v\u00e9hicule de leur co\u00e9quipier et un train sur un passage \u00e0 niveau.<\/p>\n<p class=\"fig-paragraph\">Il \u00e9tait difficile, dans ces conditions dramatiques, d\u2019imaginer qu\u2019ils puissent jouer deux jours plus tard. \u00c0 la demande du Castres Olympique, la Ligue Nationale de Rugby, \u00abapr\u00e8s concertation avec l\u2019ASM Clermont Auvergne et Canal+\u00bb, le diffuseur, \u00aba d\u00e9cid\u00e9 du report de la rencontre Castres-Clermont\u00bb.<\/p>\n<p>Un hommage ce week-end sur tous les terrains de Top 14 et de Pro D2<\/p>\n<p class=\"fig-paragraph\">Programm\u00e9 ce samedi 10 mai en ouverture de la 24e journ\u00e9e du Top 14, ce match a \u00e9t\u00e9 report\u00e9 au week-end du 24 mai. Le Top 14 fait rel\u00e2che pour cause de finales europ\u00e9ennes (Lyon-Bath en Challenge Cup et UBB-Northampton en Champions Cup). Le jour et l\u2019heure du coup d\u2019envoi seront pr\u00e9cis\u00e9s \u00abult\u00e9rieurement\u00bb.<\/p>\n<p class=\"fig-paragraph\">Dans son communiqu\u00e9, la LNR \u00abadresse ses sinc\u00e8res condol\u00e9ances et ses pens\u00e9es les plus sinc\u00e8res \u00e0 la famille de Josaia Raisuqe, \u00e0 ses proches, \u00e0 l\u2019ensemble du Castres Olympique et \u00e0 tous les amis et tous les clubs qui avaient accompagn\u00e9 Josaia dans sa carri\u00e8re, le Stade Fran\u00e7ais Paris et l\u2019USON Nevers.\u00bb Elle annonce \u00e9galement qu\u2019un \u00abhommage lui sera rendu ce week-end sur tous les terrains de Top 14 et de Pro D2\u00bb.<\/p>\n<p class=\"fig-paragraph\">De nombreux clubs ont d\u00e9j\u00e0 fait part de leur tristesse et de leurs condol\u00e9ances sur les r\u00e9seaux sociaux, notamment le Stade Fran\u00e7ais o\u00f9 le Fidjien a \u00e9volu\u00e9, ainsi que le CA Brive, o\u00f9 il s\u2019\u00e9tait engag\u00e9 pour la saison prochaine.<\/p>\n","protected":false},"excerpt":{"rendered":"\u00c0 la demande du Castres Olympique, la Ligue a report\u00e9 la rencontre contre Clermont, pr\u00e9vu ce samedi. De&hellip;\n","protected":false},"author":2,"featured_media":84489,"comment_status":"","ping_status":"","sticky":false,"template":"","format":"standard","meta":{"footnotes":""},"categories":[9],"tags":[525,7336,4590,1981,2313,814,1011,27,955,4589,2311,1980,479,2259,60,2558,478,2310,2312],"class_list":{"0":"post-84488","1":"post","2":"type-post","3":"status-publish","4":"format-standard","5":"has-post-thumbnail","7":"category-sports","8":"tag-calendrier","9":"tag-castres-olympique","10":"tag-championnat-france","11":"tag-classement","12":"tag-clermont","13":"tag-direct","14":"tag-fr","15":"tag-france","16":"tag-match","17":"tag-phase-finale","18":"tag-racing","19":"tag-resultats","20":"tag-rugby","21":"tag-score","22":"tag-sports","23":"tag-stade-francais","24":"tag-top-14","25":"tag-toulon","26":"tag-toulouse"},"share_on_mastodon":{"url":"https:\/\/pubeurope.com\/@fr\/114472420947411550","error":""},"_links":{"self":[{"href":"https:\/\/www.europesays.com\/fr\/wp-json\/wp\/v2\/posts\/84488","targetHints":{"allow":["GET"]}}],"collection":[{"href":"https:\/\/www.europesays.com\/fr\/wp-json\/wp\/v2\/posts"}],"about":[{"href":"https:\/\/www.europesays.com\/fr\/wp-json\/wp\/v2\/types\/post"}],"author":[{"embeddable":true,"href":"https:\/\/www.europesays.com\/fr\/wp-json\/wp\/v2\/users\/2"}],"replies":[{"embeddable":true,"href":"https:\/\/www.europesays.com\/fr\/wp-json\/wp\/v2\/comments?post=84488"}],"version-history":[{"count":0,"href":"https:\/\/www.europesays.com\/fr\/wp-json\/wp\/v2\/posts\/84488\/revisions"}],"wp:featuredmedia":[{"embeddable":true,"href":"https:\/\/www.europesays.com\/fr\/wp-json\/wp\/v2\/media\/84489"}],"wp:attachment":[{"href":"https:\/\/www.europesays.com\/fr\/wp-json\/wp\/v2\/media?parent=84488"}],"wp:term":[{"taxonomy":"category","embeddable":true,"href":"https:\/\/www.europesays.com\/fr\/wp-json\/wp\/v2\/categories?post=84488"},{"taxonomy":"post_tag","embeddable":true,"href":"https:\/\/www.europesays.com\/fr\/wp-json\/wp\/v2\/tags?post=84488"}],"curies":[{"name":"wp","href":"https:\/\/api.w.org\/{rel}","templated":true}]}}