{"id":844939,"date":"2026-04-03T14:50:15","date_gmt":"2026-04-03T14:50:15","guid":{"rendered":"https:\/\/www.europesays.com\/fr\/844939\/"},"modified":"2026-04-03T14:50:15","modified_gmt":"2026-04-03T14:50:15","slug":"reouverture-leglise-notre-dame-du-taur","status":"publish","type":"post","link":"https:\/\/www.europesays.com\/fr\/844939\/","title":{"rendered":"R\u00e9ouverture ! L\u2019\u00e9glise Notre-Dame du Taur"},"content":{"rendered":"<p data-end=\"176\" data-start=\"0\">R\u00e9ouverture ! L\u2019\u00e9glise Notre-Dame du Taur rouvre enfin ses portes apr\u00e8s plusieurs mois de travaux de restauration, redonnant tout son \u00e9clat \u00e0 ce joyau du patrimoine toulousain.<\/p>\n<p data-end=\"620\" data-start=\"178\">C\u00e9l\u00e8bre pour son impressionnant clocher-mur, elle se dresse au c\u0153ur de la rue du m\u00eame nom, \u00e0 deux pas de la basilique Saint-Sernin. \u00c9difi\u00e9e entre le XIVe et le XVIe si\u00e8cle, l\u2019\u00e9glise est intimement li\u00e9e \u00e0 l\u2019histoire de la ville : selon la tradition, elle aurait \u00e9t\u00e9 construite \u00e0 l\u2019emplacement o\u00f9 le premier \u00e9v\u00eaque de Toulouse, Saturnin, fut tra\u00een\u00e9 par un taureau \u2014 donnant ainsi son nom \u00e0 la rue du Taur \u2014 avant d\u2019\u00eatre martyris\u00e9 puis canonis\u00e9.<\/p>\n<p data-end=\"999\" data-start=\"622\">Ferm\u00e9e depuis ao\u00fbt 2023, l\u2019\u00e9glise a b\u00e9n\u00e9fici\u00e9 d\u2019un vaste chantier de r\u00e9novation visant \u00e0 pr\u00e9server et valoriser ses richesses : r\u00e9fection des peintures, restauration des vitraux, modernisation de l\u2019\u00e9clairage et remise en valeur de la statue de Notre-Dame du Rempart. Ces interventions permettent aujourd\u2019hui aux visiteurs de red\u00e9couvrir l\u2019\u00e9difice dans des conditions optimales.<\/p>\n<p data-end=\"1190\" data-start=\"1001\">\u00a0Bonne nouvelle : \u00e0 partir de juillet 2026, l\u2019\u00e9glise int\u00e8gre nos visites guid\u00e9es du \u00ab Quartier Saint-Sernin \u00bb, une belle occasion d\u2019en apprendre davantage sur son histoire et ses tr\u00e9sors.<\/p>\n<p data-end=\"1236\" data-start=\"1192\">\u00a0Ouverte en semaine\u00a0de 17h \u00e0 18h30<\/p>\n<p>\u00a0&#13;\n<\/p>\n<p data-end=\"1374\" data-is-last-node=\"\" data-is-only-node=\"\" data-start=\"1310\">\u00a0<\/p>\n","protected":false},"excerpt":{"rendered":"R\u00e9ouverture ! L\u2019\u00e9glise Notre-Dame du Taur rouvre enfin ses portes apr\u00e8s plusieurs mois de travaux de restauration, redonnant&hellip;\n","protected":false},"author":2,"featured_media":844940,"comment_status":"","ping_status":"","sticky":false,"template":"","format":"standard","meta":{"footnotes":"","_share_on_mastodon":"0"},"categories":[2816],"tags":[1111,11,1777,674,1011,27,12,2680,91578,25,2312],"class_list":["post-844939","post","type-post","status-publish","format-standard","has-post-thumbnail","category-toulouse","tag-actu","tag-actualites","tag-eu","tag-europe","tag-fr","tag-france","tag-news","tag-occitanie","tag-reouverture-leglise-notre-dame-du-taurle-journal-du-gers-journal-en-ligne-numerique-en-continu-journal-du-gers-actualites-gersoises-auch","tag-republique-francaise","tag-toulouse"],"share_on_mastodon":{"url":"https:\/\/pubeurope.com\/@fr\/116341337417894815","error":""},"_links":{"self":[{"href":"https:\/\/www.europesays.com\/fr\/wp-json\/wp\/v2\/posts\/844939","targetHints":{"allow":["GET"]}}],"collection":[{"href":"https:\/\/www.europesays.com\/fr\/wp-json\/wp\/v2\/posts"}],"about":[{"href":"https:\/\/www.europesays.com\/fr\/wp-json\/wp\/v2\/types\/post"}],"author":[{"embeddable":true,"href":"https:\/\/www.europesays.com\/fr\/wp-json\/wp\/v2\/users\/2"}],"replies":[{"embeddable":true,"href":"https:\/\/www.europesays.com\/fr\/wp-json\/wp\/v2\/comments?post=844939"}],"version-history":[{"count":0,"href":"https:\/\/www.europesays.com\/fr\/wp-json\/wp\/v2\/posts\/844939\/revisions"}],"wp:featuredmedia":[{"embeddable":true,"href":"https:\/\/www.europesays.com\/fr\/wp-json\/wp\/v2\/media\/844940"}],"wp:attachment":[{"href":"https:\/\/www.europesays.com\/fr\/wp-json\/wp\/v2\/media?parent=844939"}],"wp:term":[{"taxonomy":"category","embeddable":true,"href":"https:\/\/www.europesays.com\/fr\/wp-json\/wp\/v2\/categories?post=844939"},{"taxonomy":"post_tag","embeddable":true,"href":"https:\/\/www.europesays.com\/fr\/wp-json\/wp\/v2\/tags?post=844939"}],"curies":[{"name":"wp","href":"https:\/\/api.w.org\/{rel}","templated":true}]}}