{"id":84504,"date":"2025-05-08T13:29:11","date_gmt":"2025-05-08T13:29:11","guid":{"rendered":"https:\/\/www.europesays.com\/fr\/84504\/"},"modified":"2025-05-08T13:29:11","modified_gmt":"2025-05-08T13:29:11","slug":"la-musique-dans-les-etoiles","status":"publish","type":"post","link":"https:\/\/www.europesays.com\/fr\/84504\/","title":{"rendered":"La musique dans les \u00e9toiles"},"content":{"rendered":"<p>En avant-premi\u00e8re de la Nuit des \u00e9toiles, l\u2019orchestre de l\u2019Op\u00e9ra national de Lorraine et le chef Simon Proust proposent un voyage sid\u00e9ral vers des galaxies musicales (pour beaucoup) inconnues\u2026 Mais puisque la conqu\u00eate de l\u2019espace est un \u00e9v\u00e8nement r\u00e9cent, le vaisseau spatial de la salle Poirel sera peupl\u00e9 de spationautes d\u2019aujourd\u2019hui, de la musique contemporaine \u00e0 la musique de film. Une seule destination\u00a0: l\u2019espace infini et ses myst\u00e8res, ses dangers, ses aventures et sa po\u00e9sie, \u00e0 travers les \u0153uvres musicales de compositeurs aussi diff\u00e9rents que Kaija Saariaho ou John Williams. Ce voyage est l\u2019occasion de faire d\u00e9couvrir la musique d\u2019aujourd\u2019hui aux plus petits d\u2019une mani\u00e8re amusante.<\/p>\n<p class=\"note\">Mercredi 14\u00a0mai et jeudi 15\u00a0mai \u00e0 19\u00a0h salle Poirel, rue Victor Poirel. Tarifs\u00a0: 10\u00a0\u20ac, enfants -12 ans\u00a0: 5\u00a0\u20ac.<\/p>\n","protected":false},"excerpt":{"rendered":"En avant-premi\u00e8re de la Nuit des \u00e9toiles, l\u2019orchestre de l\u2019Op\u00e9ra national de Lorraine et le chef Simon Proust&hellip;\n","protected":false},"author":2,"featured_media":84505,"comment_status":"","ping_status":"","sticky":false,"template":"","format":"standard","meta":{"footnotes":""},"categories":[9635],"tags":[1111,11,1687,1704,1777,674,1011,27,775,873,1702,1703,12,25],"class_list":{"0":"post-84504","1":"post","2":"type-post","3":"status-publish","4":"format-standard","5":"has-post-thumbnail","7":"category-nancy","8":"tag-actu","9":"tag-actualites","10":"tag-culture-loisirs","11":"tag-edition-nancy-et-agglomeration","12":"tag-eu","13":"tag-europe","14":"tag-fr","15":"tag-france","16":"tag-grand-est","17":"tag-musique","18":"tag-nancy","19":"tag-nancy-ville-54b","20":"tag-news","21":"tag-republique-francaise"},"share_on_mastodon":{"url":"https:\/\/pubeurope.com\/@fr\/114472456309295020","error":""},"_links":{"self":[{"href":"https:\/\/www.europesays.com\/fr\/wp-json\/wp\/v2\/posts\/84504","targetHints":{"allow":["GET"]}}],"collection":[{"href":"https:\/\/www.europesays.com\/fr\/wp-json\/wp\/v2\/posts"}],"about":[{"href":"https:\/\/www.europesays.com\/fr\/wp-json\/wp\/v2\/types\/post"}],"author":[{"embeddable":true,"href":"https:\/\/www.europesays.com\/fr\/wp-json\/wp\/v2\/users\/2"}],"replies":[{"embeddable":true,"href":"https:\/\/www.europesays.com\/fr\/wp-json\/wp\/v2\/comments?post=84504"}],"version-history":[{"count":0,"href":"https:\/\/www.europesays.com\/fr\/wp-json\/wp\/v2\/posts\/84504\/revisions"}],"wp:featuredmedia":[{"embeddable":true,"href":"https:\/\/www.europesays.com\/fr\/wp-json\/wp\/v2\/media\/84505"}],"wp:attachment":[{"href":"https:\/\/www.europesays.com\/fr\/wp-json\/wp\/v2\/media?parent=84504"}],"wp:term":[{"taxonomy":"category","embeddable":true,"href":"https:\/\/www.europesays.com\/fr\/wp-json\/wp\/v2\/categories?post=84504"},{"taxonomy":"post_tag","embeddable":true,"href":"https:\/\/www.europesays.com\/fr\/wp-json\/wp\/v2\/tags?post=84504"}],"curies":[{"name":"wp","href":"https:\/\/api.w.org\/{rel}","templated":true}]}}