{"id":84524,"date":"2025-05-08T13:43:20","date_gmt":"2025-05-08T13:43:20","guid":{"rendered":"https:\/\/www.europesays.com\/fr\/84524\/"},"modified":"2025-05-08T13:43:20","modified_gmt":"2025-05-08T13:43:20","slug":"un-appel-a-lunion-des-gauches-sociales-et-ecologistes-2","status":"publish","type":"post","link":"https:\/\/www.europesays.com\/fr\/84524\/","title":{"rendered":"un appel \u00e0 l\u2019union des gauches sociales et \u00e9cologistes"},"content":{"rendered":"<p class=\"insetTitle\">Le 8 mai, rassemblement pour l\u2019Europe sur la pelouse du parc de l\u2019Orangerie<\/p>\n<p>Les Jeunes Europ\u00e9ens &#8211; Strasbourg, le Mouvement Europ\u00e9en &#8211; Alsace et l\u2019Union des F\u00e9d\u00e9ralistes Europ\u00e9ens organisent un rassemblement populaire pour une Europe libre et unie, ce jeudi 8\u00a0mai de 12\u00a0h\u00a030 \u00e0 13\u00a0h\u00a030, au parc de l\u2019Orangerie \u00e0 Strasbourg, entre le pavillon Jos\u00e9phine et le Palais de l\u2019Europe. D\u00e8s 13\u00a0h, prises de parole de plusieurs d\u00e9put\u00e9s europ\u00e9ens et d\u2019Herv\u00e9 Moritz, pr\u00e9sident du Mouvement Europ\u00e9en &#8211; France, ainsi que d\u00e9ploiement d\u2019un grand drapeau europ\u00e9en. Petite restauration d\u00e8s 12\u00a0h\u00a030 et activit\u00e9s \u00e0 partir de 14\u00a0h de l\u2019association PromoUkra\u00efna au pavillon Jos\u00e9phine.<\/p>\n","protected":false},"excerpt":{"rendered":"Le 8 mai, rassemblement pour l\u2019Europe sur la pelouse du parc de l\u2019Orangerie Les Jeunes Europ\u00e9ens &#8211; Strasbourg,&hellip;\n","protected":false},"author":2,"featured_media":82716,"comment_status":"","ping_status":"","sticky":false,"template":"","format":"standard","meta":{"footnotes":""},"categories":[2820],"tags":[1111,11,2880,5949,4188,1777,674,107,1011,27,775,12,316,25,640,2879],"class_list":{"0":"post-84524","1":"post","2":"type-post","3":"status-publish","4":"format-standard","5":"has-post-thumbnail","7":"category-strasbourg","8":"tag-actu","9":"tag-actualites","10":"tag-edition-strasbourg","11":"tag-elections","12":"tag-elections-municipales","13":"tag-eu","14":"tag-europe","15":"tag-fil-info","16":"tag-fr","17":"tag-france","18":"tag-grand-est","19":"tag-news","20":"tag-politique","21":"tag-republique-francaise","22":"tag-strasbourg","23":"tag-strasbourg-ville"},"share_on_mastodon":{"url":"https:\/\/pubeurope.com\/@fr\/114472511493969287","error":""},"_links":{"self":[{"href":"https:\/\/www.europesays.com\/fr\/wp-json\/wp\/v2\/posts\/84524","targetHints":{"allow":["GET"]}}],"collection":[{"href":"https:\/\/www.europesays.com\/fr\/wp-json\/wp\/v2\/posts"}],"about":[{"href":"https:\/\/www.europesays.com\/fr\/wp-json\/wp\/v2\/types\/post"}],"author":[{"embeddable":true,"href":"https:\/\/www.europesays.com\/fr\/wp-json\/wp\/v2\/users\/2"}],"replies":[{"embeddable":true,"href":"https:\/\/www.europesays.com\/fr\/wp-json\/wp\/v2\/comments?post=84524"}],"version-history":[{"count":0,"href":"https:\/\/www.europesays.com\/fr\/wp-json\/wp\/v2\/posts\/84524\/revisions"}],"wp:featuredmedia":[{"embeddable":true,"href":"https:\/\/www.europesays.com\/fr\/wp-json\/wp\/v2\/media\/82716"}],"wp:attachment":[{"href":"https:\/\/www.europesays.com\/fr\/wp-json\/wp\/v2\/media?parent=84524"}],"wp:term":[{"taxonomy":"category","embeddable":true,"href":"https:\/\/www.europesays.com\/fr\/wp-json\/wp\/v2\/categories?post=84524"},{"taxonomy":"post_tag","embeddable":true,"href":"https:\/\/www.europesays.com\/fr\/wp-json\/wp\/v2\/tags?post=84524"}],"curies":[{"name":"wp","href":"https:\/\/api.w.org\/{rel}","templated":true}]}}