{"id":84542,"date":"2025-05-08T13:53:11","date_gmt":"2025-05-08T13:53:11","guid":{"rendered":"https:\/\/www.europesays.com\/fr\/84542\/"},"modified":"2025-05-08T13:53:11","modified_gmt":"2025-05-08T13:53:11","slug":"lille-piste-de-danse-gateaux-geants-fanions-cest-la-fete-a-saint-so-avec-lexpo-des-enfants-momart","status":"publish","type":"post","link":"https:\/\/www.europesays.com\/fr\/84542\/","title":{"rendered":"Lille. Piste de danse, g\u00e2teaux g\u00e9ants, fanions\u2026 C\u2019est la f\u00eate \u00e0 Saint-So avec l\u2019expo des enfants M\u00f4m\u2019Art"},"content":{"rendered":"<p>            Par<br \/>\n        <strong><br \/>\n            <a href=\"https:\/\/actu.fr\/auteur\/amandine-vachez\" title=\"Consulter tous les articles de Amandine Vachez\" target=\"_blank\" rel=\"noopener\">Amandine Vachez<\/a><br \/>\n        <\/strong><\/p>\n<p>        Publi\u00e9 le<\/p>\n<p>            8 mai 2025 \u00e0 15h46        <\/p>\n<p>C\u2019est gargantuesque, color\u00e9 et surprenant\u2009! L\u2019<b>exposition M\u00f4m\u2019Art<\/b> vous r\u00e9serve de sacr\u00e9es surprises \u00e0 <a href=\"https:\/\/actu.fr\/lille\/\" target=\"_blank\" rel=\"noopener\">Lille<\/a> (Nord)\u2009! Cr\u00e9\u00e9e par des enfants de la ville et des villes associ\u00e9es <a href=\"https:\/\/actu.fr\/tag\/lomme\" target=\"_blank\" rel=\"noopener\">Lomme<\/a> et <a href=\"https:\/\/actu.fr\/tag\/hellemes\" target=\"_blank\" rel=\"noopener\">Hellemmes<\/a>, elle explore pour cette<b> 7e \u00e9dition la th\u00e9matique de la f\u00eate<\/b>. On vous fait d\u00e9couvrir l\u2019\u00e9v\u00e9nement, en quelques images.<\/p>\n<p>La f\u00eate dans tous ses \u00e9tats \u00e0 Saint-So<\/p>\n<p class=\" wall-content\">Il n\u2019y a qu\u2019\u00e0 M\u00f4m\u2019Art que l\u2019on voit \u00e7a\u2009: des parts de g\u00e2teaux g\u00e9antes pr\u00e8s d\u2019une table de banquet, non loin d\u2019un bar \u00e0 cocktails tenu par le souriant \u00ab\u2009Alexis\u2009\u00bb, du Tiki Bar.<\/p>\n<p>      <img   decoding=\"async\" loading=\"lazy\" class=\"size-large\" src=\"https:\/\/www.europesays.com\/fr\/wp-content\/uploads\/2025\/05\/b35c8ae91b186185c8ae91b182c5c8v-960x640.jpeg\" alt=\"Alexis, \" barman=\"\" du=\"\" tiki=\"\" bar=\"\" vous=\"\" accueille=\"\" saint-so=\"\" dans=\"\" l=\"\" m=\"\" cr=\"\" par=\"\" des=\"\" enfants=\"\" de=\"\" lille=\"\" hellemmes=\"\" et=\"\" lomme.=\"\" jeunes=\"\" ukrainiens=\"\" ont=\"\" aussi=\"\" particip=\"\" width=\"960\" height=\"640\"\/><br \/>\n    Alexis, \u00ab\u2009barman\u2009\u00bb du Tiki Bar, vous accueille \u00e0 Saint-So, dans l\u2019exposition M\u00f4m\u2019Art, cr\u00e9\u00e9e par des enfants de Lille, Hellemmes et Lomme. De jeunes ukrainiens ont aussi particip\u00e9 \u00e0 l\u2019\u00e9dition 2025. \u00a9Amandine Vachez<\/p>\n<p class=\" wall-content\">Des <b>sayn\u00e8tes festives <\/b>dans des bo\u00eetes \u00e0 chaussures, des <b>guirlandes et fanions de diverses tailles <\/b>accroch\u00e9es dans la halle B de la gare Saint-Sauveur, des<b> danseurs et danseuses<\/b> qui s\u2019enjaillent\u2026 On trouve m\u00eame une sc\u00e8ne, sur laquelle on peut, pourquoi pas, s\u2019imaginer \u00eatre la star d\u2019un jour.<\/p>\n<p class=\" wall-content\">L\u2019\u00e9dition 2025 de M\u00f4m\u2019Art r\u00e9serve en somme de belles surprises. Les cr\u00e9ations vont <b>du dessin \u00e0 la vid\u00e9o en passant par les constructions cartonn\u00e9es.<\/b><\/p>\n<p>Vid\u00e9os : en ce moment sur Actu<br \/>\n      <img   decoding=\"async\" loading=\"lazy\" class=\"size-large\" src=\"https:\/\/www.europesays.com\/fr\/wp-content\/uploads\/2025\/05\/5674aae91b1869a74aae91b188e74av-960x640.jpeg\" alt=\"Des parts de g\u00e2teau g\u00e9antes s'invitent dans l'exposition M\u00f4m'Art de \" fiesta=\"\" ouverte=\"\" jusqu=\"\" septembre=\"\" lille=\"\" width=\"960\" height=\"640\"\/><br \/>\n    Des parts de g\u00e2teau g\u00e9antes s\u2019invitent dans l\u2019exposition M\u00f4m\u2019Art de \u00ab\u2009Fiesta\u2009\u00bb, ouverte jusqu\u2019en septembre\u00a02025 \u00e0 Lille (Nord). \u00a9Amandine Vachez5\u2009000\u00a0enfants exposent leurs \u0153uvres<\/p>\n<p class=\" wall-content\">Les \u0153uvres pr\u00e9sent\u00e9es de ce c\u00f4t\u00e9 de la halle Saint-So ont \u00e9t\u00e9 confectionn\u00e9es par 5\u2009000\u00a0\u00e9l\u00e8ves des \u00e9coles (de la maternelle au lyc\u00e9e) et des structures p\u00e9riscolaires de la m\u00e9tropole lilloise. \u00ab\u2009C\u2019est<b> une exposition unique, faite par les enfants, pour les enfants<\/b>\u2009\u00bb, r\u00e9sume Olivier Cottet, directeur acad\u00e9mique des services de l\u2019\u00c9ducation nationale du Nord.<\/p>\n<blockquote class=\"ac-article-quote wall-content\">\n<p>\u00ab\u2009Cette exposition, c\u2019est la c\u00e9l\u00e9bration de l\u2019imaginaire, de l\u2019expression de la vie et du partage.\u2009\u00bb<\/p>\n<p>Olivier Cottet, de l\u2019\u00c9ducation nationale.<\/p><\/blockquote>\n<p class=\" wall-content\">\u00ab\u2009Les enfants et les jeunes ont \u00e9crit, dessin\u00e9, d\u00e9coup\u00e9, film\u00e9, imagin\u00e9, construit, perform\u00e9, fabriqu\u00e9, peint, dans\u00e9, lu, photographi\u00e9, coll\u00e9, chant\u00e9, sign\u00e9\u2026\u00a0\u00bb, compl\u00e8te la Ville. \u00ab\u00a0Ils ont travaill\u00e9 ensemble, se sont d\u00e9couvert des talents, ont rencontr\u00e9 des artistes, se sont amus\u00e9s, se sont d\u00e9pass\u00e9s.\u00a0\u00bb<\/p>\n<p>      <img   decoding=\"async\" loading=\"lazy\" class=\"size-large\" src=\"https:\/\/www.europesays.com\/fr\/wp-content\/uploads\/2025\/05\/9dbfbae91b186f1cfbae91b18d5cfbv-960x640.jpeg\" alt=\"Ca danse \u00e0 Saint-So, pour l'expo M\u00f4m'Art !\" width=\"960\" height=\"640\"\/><br \/>\n    \u00c7a danse \u00e0 Saint-So, pour l\u2019expo M\u00f4m\u2019Art\u2009! \u00a9Amandine Vachez<\/p>\n<p class=\" wall-content\">\u00ab\u2009Il y a aussi des<b> \u0153uvres de villes jumelles en Ukraine<\/b>\u2009\u00bb, a soulign\u00e9 le maire Arnaud Deslandes. Comme un rappel du \u00ab\u2009droit au sourire, \u00e0 l\u2019insouciance\u2009\u00bb, malgr\u00e9 la situation sur place. \u00ab\u2009\u00c0 toutes et tous, ceux et celles qui y ont contribu\u00e9, merci et encore bravo\u2009!\u2009\u00bb, a d\u00e9clar\u00e9 le maire de Lille, avant un temps musical et dans\u00e9 festif, pour inaugurer cette exposition. Parents et enfants s\u2019y sont pr\u00e9cipit\u00e9s pour d\u00e9couvrir les \u0153uvres, \u00e9merveill\u00e9s et \u00e9tonn\u00e9s. L\u2019exposition, en acc\u00e8s libre, est <b>ouverte jusqu\u2019au 7\u00a0septembre 2025.<\/b><\/p>\n<p>M\u00f4m\u2019Art, \u00e0 la gare Saint-Sauveur, rue Jean-Baptiste Lebas \u00e0 Lille. Ouverte du mercredi au dimanche de 12\u2009h \u00e0 19\u2009h. Entr\u00e9e libre. Infos suppl\u00e9mentaires\u00a0<a href=\"https:\/\/www.lille.fr\/A-l-affiche\/Agenda\/Mom-Art\" target=\"_blank\" rel=\"noopener\">sur le site de la Ville<\/a>.<\/p>\n<p class=\" wall-content\">Suivez toute l\u2019actualit\u00e9 de vos villes et m\u00e9dias favoris en vous inscrivant \u00e0 <a href=\"https:\/\/moncompte.actu.fr\" title=\"D\u00e9couvez Mon Actu\" rel=\"nofollow noopener\" data-trk=\"{&quot;cta&quot;:{&quot;action&quot;:&quot;https:\\\/\\\/moncompte.actu.fr&quot;,&quot;category&quot;:&quot;mon compte&quot;,&quot;from&quot;:&quot;article footer&quot;,&quot;name&quot;:&quot;Mon actu&quot;,&quot;type&quot;:&quot;cta&quot;}}\" target=\"_blank\">Mon Actu<\/a>.<\/p>\n","protected":false},"excerpt":{"rendered":"Par Amandine Vachez Publi\u00e9 le 8 mai 2025 \u00e0 15h46 C\u2019est gargantuesque, color\u00e9 et surprenant\u2009! L\u2019exposition M\u00f4m\u2019Art vous&hellip;\n","protected":false},"author":2,"featured_media":84543,"comment_status":"","ping_status":"","sticky":false,"template":"","format":"standard","meta":{"footnotes":""},"categories":[2815],"tags":[1111,11,1777,674,652,1011,27,16874,811,1307,1652,12,25],"class_list":{"0":"post-84542","1":"post","2":"type-post","3":"status-publish","4":"format-standard","5":"has-post-thumbnail","7":"category-lille","8":"tag-actu","9":"tag-actualites","10":"tag-eu","11":"tag-europe","12":"tag-famille","13":"tag-fr","14":"tag-france","15":"tag-gare-saint-sauveur","16":"tag-hauts-de-france","17":"tag-lille","18":"tag-loisirs-culture","19":"tag-news","20":"tag-republique-francaise"},"share_on_mastodon":{"url":"https:\/\/pubeurope.com\/@fr\/114472550944802920","error":""},"_links":{"self":[{"href":"https:\/\/www.europesays.com\/fr\/wp-json\/wp\/v2\/posts\/84542","targetHints":{"allow":["GET"]}}],"collection":[{"href":"https:\/\/www.europesays.com\/fr\/wp-json\/wp\/v2\/posts"}],"about":[{"href":"https:\/\/www.europesays.com\/fr\/wp-json\/wp\/v2\/types\/post"}],"author":[{"embeddable":true,"href":"https:\/\/www.europesays.com\/fr\/wp-json\/wp\/v2\/users\/2"}],"replies":[{"embeddable":true,"href":"https:\/\/www.europesays.com\/fr\/wp-json\/wp\/v2\/comments?post=84542"}],"version-history":[{"count":0,"href":"https:\/\/www.europesays.com\/fr\/wp-json\/wp\/v2\/posts\/84542\/revisions"}],"wp:featuredmedia":[{"embeddable":true,"href":"https:\/\/www.europesays.com\/fr\/wp-json\/wp\/v2\/media\/84543"}],"wp:attachment":[{"href":"https:\/\/www.europesays.com\/fr\/wp-json\/wp\/v2\/media?parent=84542"}],"wp:term":[{"taxonomy":"category","embeddable":true,"href":"https:\/\/www.europesays.com\/fr\/wp-json\/wp\/v2\/categories?post=84542"},{"taxonomy":"post_tag","embeddable":true,"href":"https:\/\/www.europesays.com\/fr\/wp-json\/wp\/v2\/tags?post=84542"}],"curies":[{"name":"wp","href":"https:\/\/api.w.org\/{rel}","templated":true}]}}