{"id":84562,"date":"2025-05-08T14:05:10","date_gmt":"2025-05-08T14:05:10","guid":{"rendered":"https:\/\/www.europesays.com\/fr\/84562\/"},"modified":"2025-05-08T14:05:10","modified_gmt":"2025-05-08T14:05:10","slug":"apres-la-folie-des-preventes-en-france-lespoir-des-fans-est-a-letranger","status":"publish","type":"post","link":"https:\/\/www.europesays.com\/fr\/84562\/","title":{"rendered":"apr\u00e8s la folie des pr\u00e9ventes en France, l\u2019espoir des fans est \u00e0 l\u2019\u00e9tranger"},"content":{"rendered":"<p>        <img decoding=\"async\" loading=\"lazy\" src=\"https:\/\/www.europesays.com\/fr\/wp-content\/uploads\/2025\/05\/211ef48_sirius-fs-upload-1-aqioqq1rnegz-1746709981667-063-2213606770.jpg\"  width=\"728\" height=\"485\" alt=\"Bad Bunny sera en concert en France les 1er, 4\u00a0et 5\u00a0juillet 2026.\"\/>  <\/p>\n<p>DIMITRIOS KAMBOURIS \/ Getty Images via AFP<\/p>\n<p>Bad Bunny sera en concert en France les 1er, 4\u00a0et 5\u00a0juillet 2026.<\/p>\n<p class=\"asset asset-text\">CONCERT &#8211; La journ\u00e9e a \u00e9t\u00e9 rude pour le public fran\u00e7ais de <a href=\"https:\/\/www.huffingtonpost.fr\/culture\/article\/el-muerto-devient-le-premier-film-marvel-dedie-a-un-personnage-latino_195557.html\" rel=\"nofollow noopener\" target=\"_blank\">Bad Bunny<\/a>. Ce jeudi 9\u00a0mai, les places pour les deux concerts de l\u2019artiste portoricain en France &#8211; le 1er\u00a0juillet\u00a02026\u00a0au stade V\u00e9lodrome, \u00e0 Marseille et le 4\u00a0juillet \u00e0<a href=\"https:\/\/www.huffingtonpost.fr\/culture\/video\/taylor-swift-en-concert-a-la-defense-arena-son-dernier-album-rappelle-qu-elle-est-avant-tout-une-poetesse-clx1_232179.html\" rel=\"nofollow noopener\" target=\"_blank\"> La Paris La D\u00e9fense Arena<\/a>, &#8211; \u00e9taient disponibles en pr\u00e9vente \u00e0 partir de la mi-journ\u00e9e. Sur les plateformes, les fans se sont arrach\u00e9 les cheveux, coinc\u00e9s dans d\u2019interminables listes d\u2019attente. Face \u00e0 la demande, une date suppl\u00e9mentaire a \u00e9t\u00e9 annonc\u00e9e dans la capitale.<\/p>\n<p class=\"asset asset-text\">\u00c0 l\u2019ouverture de la billetterie, \u00e0 12\u00a0heures, plus de 300\u00a0000\u00a0personnes \u00e9taient connect\u00e9es dans chacune des deux listes d\u2019attente. Selon Billboard France, une heure plus tard, \u00ab\u00a0\u00e0 13\u00a0h\u00a004, plus de 500\u00a0000\u00a0personnes \u00e9taient dans la file d\u2019attente\u00a0\u00bb du concert \u00e0 Paris. Pour rappel, le V\u00e9lodrome comprend 67\u00a0000\u00a0places et la D\u00e9fense Arena 45\u00a0000.<\/p>\n<p class=\"asset asset-text\">De quoi d\u00e9cevoir de nombreux fans, qui se sont agac\u00e9s de la situation sur les r\u00e9seaux sociaux. \u00ab\u00a0C\u2019est pas possible\u2026 Il n\u2019y a pas autant de fans de Bad Bunny en France lib\u00e9rez ma place\u00a0\u00bb, ordonne une internaute sur X. \u00ab\u00a0J\u2019ai rarement crois\u00e9 des fans de reggaeton en France mais on va me faire croire que plus de 300\u00a0000\u00a0personnes sont en liste d\u2019attente pour une place de Bad Bunny\u00a0?\u00a0\u00bb, abonde un autre.<\/p>\n<p> La lecture de ce contenu est susceptible d\u2019entra\u00eener un d\u00e9p\u00f4t de cookies de la part de l\u2019op\u00e9rateur tiers qui l\u2019h\u00e9berge. Compte-tenu des choix que vous avez exprim\u00e9s en mati\u00e8re de d\u00e9p\u00f4t de cookies, nous avons bloqu\u00e9 l\u2019affichage de ce contenu. Si vous souhaitez y acc\u00e9der, vous devez accepter la cat\u00e9gorie de cookies \u201cContenus tiers\u201d en cliquant sur le bouton ci-dessous. <\/p>\n<p> Lire la Vid\u00e9o        Une nouvelle date annonc\u00e9e \u00e0 Paris    <\/p>\n<p class=\"asset asset-text\">Certains ont \u00e9galement d\u00e9nonc\u00e9 les achats effectu\u00e9s dans un objectif de revente \u00e0 des prix plus \u00e9lev\u00e9s. \u00ab\u00a0Les gens qui ont d\u00e9j\u00e0 r\u00e9ussi \u00e0 avoir des places pour Bad Bunny et qui revendent direct allez bien vous faire ******\u00a0\u00bb, peste un auditeur, tandis que d\u2019autres annoncent d\u00e9j\u00e0 la mise en vente de leurs billets.<\/p>\n<p> La lecture de ce contenu est susceptible d\u2019entra\u00eener un d\u00e9p\u00f4t de cookies de la part de l\u2019op\u00e9rateur tiers qui l\u2019h\u00e9berge. Compte-tenu des choix que vous avez exprim\u00e9s en mati\u00e8re de d\u00e9p\u00f4t de cookies, nous avons bloqu\u00e9 l\u2019affichage de ce contenu. Si vous souhaitez y acc\u00e9der, vous devez accepter la cat\u00e9gorie de cookies \u201cContenus tiers\u201d en cliquant sur le bouton ci-dessous. <\/p>\n<p> Lire la Vid\u00e9o        <\/p>\n<p class=\"asset asset-text\">Pour les d\u00e9\u00e7us du jour, tous les espoirs ne sont cependant pas perdus. Pour les dates des 1er et 4\u00a0juillets, la vente classique est maintenue comme pr\u00e9vu le vendredi 9\u00a0mai.<\/p>\n<p class=\"asset asset-text\">Par ailleurs, face \u00e0 l\u2019afflux de connexions, une deuxi\u00e8me date a \u00e9t\u00e9 ajout\u00e9e \u00e0 Paris, \u00e0 La D\u00e9fense Arena, le 5\u00a0juillet, comme le rapporte Billboard France. Pour ce nouveau concert, la pr\u00e9vente a d\u00e9but\u00e9 ce jeudi 8\u00a0mai \u00e0 15\u00a0heures.<\/p>\n<p> La lecture de ce contenu est susceptible d\u2019entra\u00eener un d\u00e9p\u00f4t de cookies de la part de l\u2019op\u00e9rateur tiers qui l\u2019h\u00e9berge. Compte-tenu des choix que vous avez exprim\u00e9s en mati\u00e8re de d\u00e9p\u00f4t de cookies, nous avons bloqu\u00e9 l\u2019affichage de ce contenu. Si vous souhaitez y acc\u00e9der, vous devez accepter la cat\u00e9gorie de cookies \u201cContenus tiers\u201d en cliquant sur le bouton ci-dessous. <\/p>\n<p> Lire la Vid\u00e9o        <\/p>\n<p class=\"asset asset-text\">Les fans les plus d\u00e9termin\u00e9s peuvent \u00e9galement tenter leurs chances pour les dates pr\u00e9vues ailleurs en Europe. Pour Lisbonne (26\u00a0mai\u00a02026), Madrid (30\u00a0et 31\u00a0mai\u00a02026), Barcelone (22\u00a0mai\u00a02026), Londres (27\u00a0juin\u00a02026), Milan (17\u00a0juillet\u00a02026) et Bruxelles (22\u00a0juillet\u00a02026) les billets seront mis en vente vendredi 9\u00a0mai \u00e0 partir de midi.<\/p>\n<p class=\"asset asset-text\">L\u00e0 encore les places risques d\u2019\u00eatre difficiles \u00e0 obtenir. D\u2019autant que pour sa tourn\u00e9e mondiale, la star du reggaeton boycotte pour l\u2019heure les \u00c9tats-Unis, un \u00e9norme march\u00e9. Lors de la derni\u00e8re \u00e9lection pr\u00e9sidentielle, il a officiellement soutenu Kamala Harris apr\u00e8s qu\u2019un humoriste a tenu des propos insultants et racistes pour les Portoricains<a href=\"https:\/\/www.huffingtonpost.fr\/international\/article\/donald-trump-tente-de-se-rattraper-sur-porto-rico-et-les-femmes-dans-les-dernieres-heures-de-sa-campagne_241788.html\" rel=\"nofollow noopener\" target=\"_blank\"> lors d\u2019un meeting de Donald Trump<\/a>. \u00c0 l\u2019\u00e2ge de 31\u00a0ans, Benito Antonio Mart\u00ednez\u00a0Ocasio &#8211; de son vrai nom &#8211; est l\u2019un des artistes les plus \u00e9cout\u00e9s au monde. Son dernier album, Debi Tirar Mas Fotos, l\u2019a propuls\u00e9 au-del\u00e0 de la sc\u00e8ne reggaeton.<\/p>\n<p class=\"asset asset-text\"><strong>\u00c0 voir \u00e9galement sur Le HuffPost\u00a0:<\/strong><\/p>\n<p> La lecture de ce contenu est susceptible d\u2019entra\u00eener un d\u00e9p\u00f4t de cookies de la part de l\u2019op\u00e9rateur tiers qui l\u2019h\u00e9berge. Compte-tenu des choix que vous avez exprim\u00e9s en mati\u00e8re de d\u00e9p\u00f4t de cookies, nous avons bloqu\u00e9 l\u2019affichage de ce contenu. Si vous souhaitez y acc\u00e9der, vous devez accepter la cat\u00e9gorie de cookies \u201cContenus tiers\u201d en cliquant sur le bouton ci-dessous. <\/p>\n<p> Lire la Vid\u00e9o                <\/p>\n","protected":false},"excerpt":{"rendered":"DIMITRIOS KAMBOURIS \/ Getty Images via AFP Bad Bunny sera en concert en France les 1er, 4\u00a0et 5\u00a0juillet&hellip;\n","protected":false},"author":2,"featured_media":84563,"comment_status":"","ping_status":"","sticky":false,"template":"","format":"standard","meta":{"footnotes":""},"categories":[1888],"tags":[11,1697,251,1777,674,1011,27,884,873,12,626,25,1280],"class_list":{"0":"post-84562","1":"post","2":"type-post","3":"status-publish","4":"format-standard","5":"has-post-thumbnail","7":"category-paris","8":"tag-actualites","9":"tag-concert","10":"tag-culture","11":"tag-eu","12":"tag-europe","13":"tag-fr","14":"tag-france","15":"tag-marseille","16":"tag-musique","17":"tag-news","18":"tag-paris","19":"tag-republique-francaise","20":"tag-stade-velodrome"},"share_on_mastodon":{"url":"https:\/\/pubeurope.com\/@fr\/114472597851093688","error":""},"_links":{"self":[{"href":"https:\/\/www.europesays.com\/fr\/wp-json\/wp\/v2\/posts\/84562","targetHints":{"allow":["GET"]}}],"collection":[{"href":"https:\/\/www.europesays.com\/fr\/wp-json\/wp\/v2\/posts"}],"about":[{"href":"https:\/\/www.europesays.com\/fr\/wp-json\/wp\/v2\/types\/post"}],"author":[{"embeddable":true,"href":"https:\/\/www.europesays.com\/fr\/wp-json\/wp\/v2\/users\/2"}],"replies":[{"embeddable":true,"href":"https:\/\/www.europesays.com\/fr\/wp-json\/wp\/v2\/comments?post=84562"}],"version-history":[{"count":0,"href":"https:\/\/www.europesays.com\/fr\/wp-json\/wp\/v2\/posts\/84562\/revisions"}],"wp:featuredmedia":[{"embeddable":true,"href":"https:\/\/www.europesays.com\/fr\/wp-json\/wp\/v2\/media\/84563"}],"wp:attachment":[{"href":"https:\/\/www.europesays.com\/fr\/wp-json\/wp\/v2\/media?parent=84562"}],"wp:term":[{"taxonomy":"category","embeddable":true,"href":"https:\/\/www.europesays.com\/fr\/wp-json\/wp\/v2\/categories?post=84562"},{"taxonomy":"post_tag","embeddable":true,"href":"https:\/\/www.europesays.com\/fr\/wp-json\/wp\/v2\/tags?post=84562"}],"curies":[{"name":"wp","href":"https:\/\/api.w.org\/{rel}","templated":true}]}}