{"id":84595,"date":"2025-05-08T14:24:10","date_gmt":"2025-05-08T14:24:10","guid":{"rendered":"https:\/\/www.europesays.com\/fr\/84595\/"},"modified":"2025-05-08T14:24:10","modified_gmt":"2025-05-08T14:24:10","slug":"fff-philippe-diallo-reagit-a-la-qualification-du-psg-en-finale-de-ligue-des-champions","status":"publish","type":"post","link":"https:\/\/www.europesays.com\/fr\/84595\/","title":{"rendered":"FFF : Philippe Diallo r\u00e9agit \u00e0 la qualification du PSG en finale de Ligue des champions"},"content":{"rendered":"<p data-testid=\"article-teaser\">Alors que le foot fran\u00e7ais est en pleine tourmente, le PSG redonne espoir. Philippe Diallo y voit un symbole fort pour l\u2019avenir.<\/p>\n<p>Malgr\u00e9 les remous \u00e9conomiques qui secouent le football fran\u00e7ais, une lueur vient \u00e9claircir l\u2019horizon. <a href=\"https:\/\/www.goal.com\/fr\/news\/le-psg-dompte-arsenal-et-s-offre-une-nouvelle-finale-europeenne\/bltd6608483e81babe9\" target=\"_self\" rel=\"nofollow noopener\">La qualification du PSG pour la finale de la Ligue des champions contre Arsenal (2-1)<\/a> ne r\u00e9jouit pas que les supporters parisiens. \u00c0 l\u2019\u00e9chelle nationale, c\u2019est toute une discipline qui profite de cette exposition sur la sc\u00e8ne europ\u00e9enne, en pleine crise de visibilit\u00e9.<\/p>\n<p>Une victoire qui d\u00e9passe Paris<\/p>\n<p>Le pr\u00e9sident de la F\u00e9d\u00e9ration Fran\u00e7aise de Football, Philippe Diallo, ne s\u2019y est pas tromp\u00e9. \u00c0 travers un communiqu\u00e9 officiel, il a tenu \u00e0 saluer cette performance :<\/p>\n<p>\u00ab Cette qualification est une excellente nouvelle pour le football fran\u00e7ais. Je tiens \u00e0 f\u00e9liciter chaleureusement le Paris-Saint-Germain, ses joueurs, son staff technique et ses dirigeants. Se qualifier pour la finale de la Ligue des champions aux d\u00e9pens d\u2019Arsenal, un g\u00e9ant du football anglais, constitue une performance remarquable \u00bb.<\/p>\n<p>L&rsquo;article continue ci-dessous<\/p>\n<p>Cette r\u00e9ussite intervient alors que la Ligue 1 est confront\u00e9e \u00e0 une incertitude majeure : l\u2019avenir de sa diffusion t\u00e9l\u00e9vis\u00e9e. <a href=\"https:\/\/www.goal.com\/fr\/listes\/droits-tv-ligue-1-c-est-fait-dazn-se-retire-de-la-diffusion\/blt6f567e1332028056\" target=\"_self\" rel=\"nofollow noopener\">Le retrait de DAZN pour la saison prochaine plonge la LFP dans le flou, avec aucune certitude sur le nom du futur diffuseur ni sur les revenus attendus par les clubs<\/a>. Dans ce contexte troubl\u00e9, le rayonnement du PSG agit comme un puissant levier d\u2019image pour l\u2019ensemble du championnat.<\/p>\n<p><img decoding=\"async\" aria-label=\"Logo\" class=\"poll_logo__wtDm7\" src=\"https:\/\/www.europesays.com\/fr\/wp-content\/uploads\/2025\/05\/Stan Sport WHT Logo Contextual Poll.png\" alt=\"Stan Sport AU logo\" width=\"100\" height=\"32\" loading=\"lazy\"\/><\/p>\n<p>Erling HaalandVinicius JrKylian MbappeJude BellinghamRodriOthers<\/p>\n<p>32549 Votes<\/p>\n","protected":false},"excerpt":{"rendered":"Alors que le foot fran\u00e7ais est en pleine tourmente, le PSG redonne espoir. Philippe Diallo y voit un&hellip;\n","protected":false},"author":2,"featured_media":84596,"comment_status":"","ping_status":"","sticky":false,"template":"","format":"standard","meta":{"footnotes":""},"categories":[1410],"tags":[5357,63,1011,27,447,91,60],"class_list":{"0":"post-84595","1":"post","2":"type-post","3":"status-publish","4":"format-standard","5":"has-post-thumbnail","7":"category-football","8":"tag-arsenal","9":"tag-football","10":"tag-fr","11":"tag-france","12":"tag-ligue-des-champions","13":"tag-paris-saint-germain","14":"tag-sports"},"share_on_mastodon":{"url":"https:\/\/pubeurope.com\/@fr\/114472672467729495","error":""},"_links":{"self":[{"href":"https:\/\/www.europesays.com\/fr\/wp-json\/wp\/v2\/posts\/84595","targetHints":{"allow":["GET"]}}],"collection":[{"href":"https:\/\/www.europesays.com\/fr\/wp-json\/wp\/v2\/posts"}],"about":[{"href":"https:\/\/www.europesays.com\/fr\/wp-json\/wp\/v2\/types\/post"}],"author":[{"embeddable":true,"href":"https:\/\/www.europesays.com\/fr\/wp-json\/wp\/v2\/users\/2"}],"replies":[{"embeddable":true,"href":"https:\/\/www.europesays.com\/fr\/wp-json\/wp\/v2\/comments?post=84595"}],"version-history":[{"count":0,"href":"https:\/\/www.europesays.com\/fr\/wp-json\/wp\/v2\/posts\/84595\/revisions"}],"wp:featuredmedia":[{"embeddable":true,"href":"https:\/\/www.europesays.com\/fr\/wp-json\/wp\/v2\/media\/84596"}],"wp:attachment":[{"href":"https:\/\/www.europesays.com\/fr\/wp-json\/wp\/v2\/media?parent=84595"}],"wp:term":[{"taxonomy":"category","embeddable":true,"href":"https:\/\/www.europesays.com\/fr\/wp-json\/wp\/v2\/categories?post=84595"},{"taxonomy":"post_tag","embeddable":true,"href":"https:\/\/www.europesays.com\/fr\/wp-json\/wp\/v2\/tags?post=84595"}],"curies":[{"name":"wp","href":"https:\/\/api.w.org\/{rel}","templated":true}]}}