{"id":84603,"date":"2025-05-08T14:28:06","date_gmt":"2025-05-08T14:28:06","guid":{"rendered":"https:\/\/www.europesays.com\/fr\/84603\/"},"modified":"2025-05-08T14:28:06","modified_gmt":"2025-05-08T14:28:06","slug":"en-direct-80-ans-de-la-victoire-suivez-avec-nous-les-commemorations-du-8-mai","status":"publish","type":"post","link":"https:\/\/www.europesays.com\/fr\/84603\/","title":{"rendered":"EN DIRECT &#8211; 80 ans de la Victoire : suivez avec nous les comm\u00e9morations du 8-Mai"},"content":{"rendered":"<p>Une c\u00e9r\u00e9monie exceptionnelle se tient ce jeudi 8 mai 2025 autour de l\u2019Arc de Triomphe et sur le haut des Champs-\u00c9lys\u00e9es.Elle est suivie d\u2019une parade de reconstituants, en v\u00e9hicules d&rsquo;\u00e9poque, vers 19h.Suivez cette journ\u00e9e pour se souvenir sur TF1info et LCI d\u00e8s 15h, puis sur TF1 et en streaming sur TF1+ \u00e0 partir de 16h45.<a href=\"https:\/\/www.tf1info.fr\/actualite\/video-8-mai-1945-la-ceremonie-des-80-ans-de-la-victoire-sur-tf1-13920\/\" rel=\"noopener\" class=\"jsx-3118104007 Link jsx-1428418400 jsx-1910851033\" target=\"_blank\"><\/p>\n<p style=\"font-weight:400\" class=\"jsx-1837267516\">Suivez la couverture compl\u00e8te<\/p>\n<p style=\"font-weight:800\" class=\"jsx-1837267516\">8 mai 1945 : la c\u00e9r\u00e9monie des 80 ans de la Victoire sur TF1<\/p>\n<p><\/a>Minute par minute16:24UNE DATE PAS C\u00c9L\u00c9BR\u00c9E EN TOUT TEMPS<\/p>\n<p>La R\u00e9publique n&rsquo;a pas toujours comm\u00e9mor\u00e9 la date de la victoire des Alli\u00e9s. Dans les ann\u00e9es 70, le pr\u00e9sident Val\u00e9ry Giscard d&rsquo;Estaing avait notamment d\u00e9cid\u00e9 de c\u00e9l\u00e9brer la fin des deux guerres mondiales ensemble, le jour du 11 novembre.<\/p>\n<p>Sujets de soci\u00e9t\u00e9<img decoding=\"async\" src=\"https:\/\/www.europesays.com\/fr\/wp-content\/uploads\/2025\/05\/commemoration-8-mai-2002-b161e4-0@1x.jpeg\" alt=\"Comm\u00e9morations officielles du 8 mai 1945, en 2002.\" loading=\"lazy\" importance=\"low\" fetchpriority=\"low\" class=\"\" aria-hidden=\"true\"\/><\/p>\n<p>Publi\u00e9 le 8 mai 2024 \u00e0 13h51<\/p>\n<p>16:20L&rsquo;HOMMAGE DE LECORNU<\/p>\n<p>Le ministre des Arm\u00e9es, S\u00e9bastien Lecornu, a rendu hommage sur X aux disparus durant la Seconde Guerre mondiale.\u00a0<\/p>\n<blockquote data-testid=\"EmbedTwitter\" id=\"tweet-1920456241551224949-:Rso96mamij9n79m:\" class=\"jsx-aeff1a1c40f54d7a twitter-tweet flex justify-center items-center\"><p>Il y a 80 ans, la Victoire. Le sacrifice pour l&rsquo;atteindre avait \u00e9t\u00e9 immense. Des soldats morts, bless\u00e9s, prisonniers. Des r\u00e9sistants foudroy\u00e9s ou tortur\u00e9s. Des civils assassin\u00e9s et d\u00e9port\u00e9s, en particulier les Juifs morts dans la Shoah. Des champs de ruines laiss\u00e9s par les\u2026  pic.twitter.com\/RKHnMZzkp6 \u2014 S\u00e9bastien Lecornu (@SebLecornu)  May 8, 2025<\/p><\/blockquote>\n<p>16:14PROGRAMME <\/p>\n<p>D\u00e8s le d\u00e9but de la c\u00e9r\u00e9monie, Emmanuel Macron va d\u00e9poser une gerbe devant la statue du g\u00e9n\u00e9ral de Gaulle, place Clemenceau, \u00e0 Paris. Le petit-fils de ce dernier, Yves de Gaulle, sera pr\u00e9sent. Le pr\u00e9sident de la R\u00e9publique remontera ensuite les Champs-\u00c9lys\u00e9es, avant d&rsquo;arriver \u00e0 l&rsquo;Arc de Triomphe.\u00a0<\/p>\n<blockquote data-testid=\"EmbedTwitter\" id=\"tweet-1920478364281753626-:Rsod6mamij9n79m:\" class=\"jsx-aeff1a1c40f54d7a twitter-tweet flex justify-center items-center\"><p>Comme le veut la tradition, le pr\u00e9sident de la R\u00e9publique Emmanuel Macron d\u00e9posera une gerbe de fleurs devant la statue du g\u00e9n\u00e9ral Charles de Gaulle, situ\u00e9e place Clemenceau \u00e0 Paris. \u25b6\ufe0f 80 ans de la Victoire : suivez en direct sur LCI les comm\u00e9morations du 8-Mai 1945  pic.twitter.com\/uw4itt8WUd \u2014 LCI (@LCI)  May 8, 2025<\/p><\/blockquote>\n<p>16:09BLEUET DE FRANCE<\/p>\n<p>Vous le voyez \u00e9trenn\u00e9 par de nombreuses personnalit\u00e9s lors des comm\u00e9morations militaires : de quoi le Bleuet de France est-il en r\u00e9alit\u00e9 le symbole ? Explications.\u00a0<\/p>\n<p>Sujets de soci\u00e9t\u00e9<img decoding=\"async\" src=\"https:\/\/www.europesays.com\/fr\/wp-content\/uploads\/2025\/05\/bleuet-de-france-80-ans-145c4b-0@1x.jpeg\" alt=\"Le Bleuet de France : arbor\u00e9 le 8-Mai et lors des comm\u00e9morations, de quoi est-il le symbole ? \" loading=\"lazy\" importance=\"low\" fetchpriority=\"low\" class=\"\" aria-hidden=\"true\"\/><\/p>\n<p>Publi\u00e9 aujourd&rsquo;hui \u00e0 12h26<\/p>\n<p>15:59DESCENDANT DE CHURCHILL<\/p>\n<p>L&rsquo;arri\u00e8re-arri\u00e8re-petit-fils de Winston Churchill, \u00e2g\u00e9 de 10 ans, a \u00e9t\u00e9 invit\u00e9 \u00e0 participer \u00e0 la c\u00e9r\u00e9monie de comm\u00e9moration du 8 mai 1945 \u00e0 Londres ce jeudi.<\/p>\n<p>International<img decoding=\"async\" src=\"https:\/\/www.europesays.com\/fr\/wp-content\/uploads\/2025\/05\/alexander-churchill-ccb06b-0@1x.jpeg\" alt=\"Victoire du 8 mai 1945 : l'arri\u00e8re-arri\u00e8re-petit-fils de Churchill allume une &quot;bougie de la paix&quot; \u00e0 Londres\" loading=\"lazy\" importance=\"low\" fetchpriority=\"low\" class=\"\" aria-hidden=\"true\"\/><\/p>\n<p>Publi\u00e9 aujourd&rsquo;hui \u00e0 15h45<\/p>\n<p>15:56PATROUILLE DE FRANCE<\/p>\n<p>Une \u00e9quipe de LCI est pr\u00e9sente aux c\u00f4t\u00e9s des militaires de la Patrouille de France cet aor\u00e8s-midi, avant leur premi\u00e8re sortie officielle de la saison.<\/p>\n<blockquote data-testid=\"EmbedTwitter\" id=\"tweet-1920473143770005902-:Rsop6mamij9n79m:\" class=\"jsx-aeff1a1c40f54d7a twitter-tweet flex justify-center items-center\"><p>Les c\u00e9r\u00e9monies du 8 mai marquent la 1\u00e8re sortie officielle de l&rsquo;ann\u00e9e de la Patrouille de France depuis l&rsquo;accident entre deux de ces avions de l&rsquo;arm\u00e9e de l&rsquo;air lors d&rsquo;un entra\u00eenement fin mars \u25b6\ufe0f 80 ans de la Victoire : suivez en direct sur LCI les comm\u00e9morations du 8-Mai 1945  pic.twitter.com\/B55gmQBGJa \u2014 LCI (@LCI)  May 8, 2025<\/p><\/blockquote>\n<p>15:53DERNIERS T\u00c9MOINS DE LA GUERRE <\/p>\n<p>Les t\u00e9moins de la Seconde Guerre mondiale disparaissent peu \u00e0 peu. Comment perp\u00e9tuer le devoir de m\u00e9moire malgr\u00e9 cette tendance ? L&rsquo;historien Denis Peschanski, directeur de recherche \u00e9m\u00e9rite au CNRS, a r\u00e9pondu aux questions de TF1info sur le sujet.<\/p>\n<p>Sujets de soci\u00e9t\u00e9<img decoding=\"async\" src=\"https:\/\/www.europesays.com\/fr\/wp-content\/uploads\/2025\/05\/un-memorial-de-la-seconde-guerre-mondiale-a-callac-dans-l-ouest-de-la-france-16063e-0@1x.jpeg\" alt=\"Un m\u00e9morial de la Seconde Guerre mondiale \u00e0 Callac, dans l'ouest de la France.\" loading=\"lazy\" importance=\"low\" fetchpriority=\"low\" class=\"\" aria-hidden=\"true\"\/><\/p>\n<p>Publi\u00e9 aujourd&rsquo;hui \u00e0 12h20<\/p>\n<p>15:48DES MUSICIENS ALLEMANDS PR\u00c9SENTS <\/p>\n<p>Une \u00e9quipe de LCI a rencontr\u00e9 un musicien de la Marine nationale allemande, pr\u00e9sent pour participer aux comm\u00e9morations des 80 ans de la victoire des Alli\u00e9s face \u00e0 l&rsquo;Allemagne nazie. \u00ab\u00a0On se trouve ici avec l&rsquo;arm\u00e9e allemande pour f\u00eater la paix\u00a0\u00bb, commente ce joueur de tuba. \u00ab\u00a0On va jouer tous ensemble une marche de la libert\u00e9.\u00a0\u00bb<\/p>\n<p>15:42C\u00c9L\u00c9BRATIONS AU ROYAUME-UNI<\/p>\n<p>Le Royaume-Uni c\u00e9l\u00e8bre lui aussi ce 8 mai les 80 ans de la fin de la Seconde Guerre mondiale. Le roi Charles III et le prince h\u00e9ritier William ont assist\u00e9 \u00e0 une c\u00e9r\u00e9monie \u00e0 l&rsquo;abbaye de Westminster, \u00e0 Londres, ce jeudi matin.<\/p>\n<p><img decoding=\"async\" src=\"https:\/\/www.europesays.com\/fr\/wp-content\/uploads\/2025\/05\/charles-iii-william-8-mai-1945-42bfed-0@1x.jpeg\" alt=\"Le roi du Royaume-Uni Charles III et le prince h\u00e9ritier William, le 8 mai 2025, \u00e0 l'abbaye de Westminster, \u00e0 Londres.  - Jordan Pettitt \/ POOL \/ AFP\" loading=\"lazy\" importance=\"low\" fetchpriority=\"low\" class=\"\"\/>Le roi du Royaume-Uni Charles III et le prince h\u00e9ritier William, le 8 mai 2025, \u00e0 l&rsquo;abbaye de Westminster, \u00e0 Londres.  &#8211; Jordan Pettitt \/ POOL \/ AFP15:37DERNIERS PR\u00c9PARATIFS<\/p>\n<p>Chars, v\u00e9hicules militaires, chevaux de la garde r\u00e9publicaines&#8230; Les derniers pr\u00e9paratifs pour la c\u00e9r\u00e9monie du 80\u1d49 anniversaire de la Seconde Guerre mondiale sont en cours pr\u00e8s des Champs \u00c9lys\u00e9es \u00e0 Paris, o\u00f9 doit se tenir la c\u00e9r\u00e9monie officielle \u00e0 partir de 17 heures, en pr\u00e9sence du pr\u00e9sident de la R\u00e9publique Emmanuel Macron.<\/p>\n<p>15:31PATROUILLE DE FRANCE<\/p>\n<p>Les c\u00e9r\u00e9monies du 8 mai marquent la premi\u00e8re sortie officielle de l&rsquo;ann\u00e9e de la Patrouille de France depuis<a href=\"https:\/\/www.tf1info.fr\/justice-faits-divers\/video-collision-d-avions-de-la-patrouille-de-france-ce-que-disent-les-premiers-elements-de-l-enquete-2361554.html\" target=\"_blank\" rel=\"noopener\"> l&rsquo;accident entre deux de ces avions de l&rsquo;arm\u00e9e de l&rsquo;air<\/a> lors d&rsquo;un entra\u00eenement fin mars. Ces appareils \u00e9taient entr\u00e9s en collision, sans faire de bless\u00e9s graves, les pilotes s&rsquo;\u00e9tant \u00e9ject\u00e9s \u00e0 temps de leur cockpit.<\/p>\n<p>15:24LE DISCOURS DU G\u00c9N\u00c9RAL DE GAULLE <\/p>\n<p>Le 8 mai 1945, le g\u00e9n\u00e9ral de Gaulle adresse un discours radiodiffus\u00e9 annon\u00e7ant la victoire des Alli\u00e9s. \u00ab\u00a0Dans la joie et la fiert\u00e9 nationale, le peuple fran\u00e7ais adresse son fraternel salut \u00e0 ses vaillants alli\u00e9s qui, comme lui, pour la m\u00eame cause que lui, ont durement, longuement, prodigu\u00e9 leurs peines, \u00e0 leurs h\u00e9ro\u00efques arm\u00e9es et aux chefs qui les commandent, \u00e0 tous ces hommes et \u00e0 toutes ces femmes qui, dans le monde, ont lutt\u00e9, p\u00e2ti, travaill\u00e9, pour que l\u2019emportent, \u00e0 la fin des fins, la justice et la libert\u00e9\u00a0\u00bb, lance Charles de Gaulle sur Radio Londres.<\/p>\n<p>DOCUMENT &#8211; 8-Mai 1945 : le discours historique du g\u00e9n\u00e9ral De GaulleSource : TF1 Info<\/p>\n<p><img decoding=\"async\" src=\"https:\/\/www.europesays.com\/fr\/wp-content\/uploads\/2025\/05\/document-8-mai-1945-le-discours-historique-du-general-de-gaulle-d5fa16-0@1x.jpeg\" alt=\"DOCUMENT - 8-Mai 1945 : le discours historique du g\u00e9n\u00e9ral De Gaulle\" loading=\"lazy\" importance=\"low\" fetchpriority=\"low\" class=\"\"\/><img decoding=\"async\" src=\"https:\/\/www.europesays.com\/fr\/wp-content\/uploads\/2025\/04\/player-logo-play.svg.svg+xml\" alt=\"Logo lecture\" class=\"jsx-d0de44c05fe3042c PlayerLazyload__Play\"\/>15:20LA FRANCE SOUS CONTR\u00d4LE AM\u00c9RICAIN ?<\/p>\n<p>Les comm\u00e9morations du 8 mai 1945 sont aussi l&rsquo;occasion de revenir sur un \u00e9pisode m\u00e9connu de la Seconde Guerre mondiale, lorsque les \u00c9tats-Unis ambitionnaient de placer l&rsquo;Hexagone sous leur administration apr\u00e8s la Lib\u00e9ration. Mais le g\u00e9n\u00e9ral de Gaulle a finalement permis que ce plan ne se concr\u00e9tise jamais&#8230;\u00a0<\/p>\n<p>Sujets de soci\u00e9t\u00e9<img decoding=\"async\" src=\"https:\/\/www.europesays.com\/fr\/wp-content\/uploads\/2025\/05\/debarquement-des-soldats-americains-en-normandie-73bbd3-0@1x.jpeg\" alt=\"D\u00e9barquement des soldats am\u00e9ricains en Normandie. \" loading=\"lazy\" importance=\"low\" fetchpriority=\"low\" class=\"\" aria-hidden=\"true\"\/><\/p>\n<p>Publi\u00e9 aujourd&rsquo;hui \u00e0 11h30<\/p>\n<p>14:57PROGRAMME TV<\/p>\n<p>Pour suivre en direct les comm\u00e9morations du 8 mai 1945, rendez-vous cet apr\u00e8s-midi en direct sur LCI et TF1.<\/p>\n<p>Sujets de soci\u00e9t\u00e9<img decoding=\"async\" src=\"https:\/\/www.europesays.com\/fr\/wp-content\/uploads\/2025\/05\/80-ans-victoire-tf1-699136-0@1x.jpeg\" alt=\"8-Mai 1945 : quand et comment suivre sur TF1 et LCI les comm\u00e9morations des 80 ans de la Victoire ? \" loading=\"lazy\" importance=\"low\" fetchpriority=\"low\" class=\"\" aria-hidden=\"true\"\/><\/p>\n<p>Publi\u00e9 aujourd&rsquo;hui \u00e0 7h49<\/p>\n<p>14:37\u00c0 SUIVRE SUR LCI<\/p>\n<p>LCI sera en \u00e9dition sp\u00e9ciale \u00e0 partir de 15 heures \u00e0 l&rsquo;occasion du 80e anniversaire de l&rsquo;armistice de 1945, tandis que TF1 prendra l&rsquo;antenne d\u00e8s 16h45.\u00a0<\/p>\n<blockquote data-testid=\"EmbedTwitter\" id=\"tweet-1920388276482965578-:Rspt6mamij9n79m:\" class=\"jsx-aeff1a1c40f54d7a twitter-tweet flex justify-center items-center\"><p>\ud83d\udd34 Aujourd&rsquo;hui, jeudi 8 mai \ud83d\udc49 \u00c9dition Sp\u00e9ciale \u00ab\u00a08-Mai, les 80 ans de la Victoire\u00a0\u00bb pr\u00e9sent\u00e9e par  @ACCoudray et  @GillesBouleau \ud83d\udde3\ufe0f Avec  @Magali_Lunel en direct des Champs-\u00c9lys\u00e9es, replongez au c\u0153ur de l&rsquo;Histoire \u23f0 \u00c0 15h sur  @LCI &amp; 16h45 sur  @TF1 pic.twitter.com\/sdowRpD3Xi \u2014 LCI (@LCI)  May 8, 2025<\/p><\/blockquote>\n<p>14:28BIENVENUE<\/p>\n<p>Bonjour \u00e0 toutes et \u00e0 tous et bienvenue sur ce live consacr\u00e9 aux comm\u00e9morations du 8 mai 1945.<\/p>\n<p data-module=\"article-paragraph\" class=\"jsx-362436225 Paragraph\">Il y a 80 ans, partout en France \u00e0 15h, les cloches des \u00e9glises ont sonn\u00e9 la fin de la Seconde Guerre mondiale. \u00ab\u00a0La guerre est gagn\u00e9e ! Voici la Victoire ! C\u2019est la Victoire des Nations Unies et c\u2019est la Victoire de la France ! L\u2019ennemi allemand vient de capituler devant les arm\u00e9es alli\u00e9es de l\u2019ouest et de l\u2019est\u00a0\u00bb, lance le g\u00e9n\u00e9ral de Gaulle \u00e0 la radio, adressant \u00ab\u00a0son fraternel salut \u00e0 ses vaillants alli\u00e9s qui, comme lui, pour la m\u00eame cause que lui, ont durement, longuement, prodigu\u00e9 leurs peines, \u00e0 leurs h\u00e9ro\u00efques arm\u00e9es et aux chefs qui les commandent, \u00e0 tous ces hommes et \u00e0 toutes ces femmes qui, dans le monde, ont lutt\u00e9, p\u00e2ti, travaill\u00e9, pour que l\u2019emportent, \u00e0 la fin des fins, la justice et la libert\u00e9\u00a0\u00bb.\u00a0<\/p>\n<p data-module=\"article-paragraph\" class=\"jsx-362436225 Paragraph Paragraph__End\">La veille, dans la salle d&rsquo;un coll\u00e8ge de Reims transform\u00e9 en QG du g\u00e9n\u00e9ral Eisenhower <a href=\"https:\/\/www.tf1info.fr\/societe\/realite-augmentee-qu-est-ce-que-la-salle-des-cartes-ou-l-allemagne-nazie-a-signe-sa-capitulation-le-7-mai-1945-2369166.html\" target=\"_blank\" rel=\"noopener\">(vous pouvez la visiter en cliquant ici<\/a>), le g\u00e9n\u00e9ral allemand Alfred Jodl a sign\u00e9 la reddition inconditionnelle des forces arm\u00e9es allemandes.\u00a0<\/p>\n<p data-module=\"article-paragraph\" class=\"jsx-362436225 Paragraph\">Quatre-vingts ans plus tard, en France, comme dans le monde entier, ce \u00ab\u00a0jour de la Victoire\u00a0\u00bb est c\u00e9l\u00e9br\u00e9 \u00e0 travers <a href=\"https:\/\/www.tf1info.fr\/societe\/interview-80-e-anniversaire-8-mai-1945-tout-part-de-l-education-comment-la-memoire-de-la-seconde-guerre-mondiale-evolue-avec-la-disparition-des-temoins-2367669.html\" target=\"_blank\" rel=\"noopener\">un moment<\/a> pour se souvenir de la bravoure et du sacrifice de ceux qui ont servi pendant la Seconde Guerre mondiale.\u00a0<\/p>\n<p data-module=\"article-paragraph\" class=\"jsx-362436225 Paragraph Paragraph__End\">Ce jeudi, \u00e0 Paris, une grande c\u00e9r\u00e9monie se d\u00e9roule \u00e0 partir de 17h45 \u00e0 l\u2019Arc de Triomphe et sur le haut des Champs-\u00c9lys\u00e9es, en pr\u00e9sence des derniers t\u00e9moins de cette p\u00e9riode. Elle est suivie d\u2019une parade de \u00ab\u00a0reconstitueurs\u00a0\u00bb vers 19h. \u00a0Ne manquez rien de cet \u00e9v\u00e9nement sur LCI (d\u00e8s 15), TF1 et TF1+ (\u00e0 partir de 16h45) et ici m\u00eame. \u00a0<\/p>\n<p>La r\u00e9daction de TF1info<\/p>\n<p><script async src=\"https:\/\/platform.twitter.com\/widgets.js\" charset=\"utf-8\"><\/script><\/p>\n","protected":false},"excerpt":{"rendered":"Une c\u00e9r\u00e9monie exceptionnelle se tient ce jeudi 8 mai 2025 autour de l\u2019Arc de Triomphe et sur le&hellip;\n","protected":false},"author":2,"featured_media":84604,"comment_status":"","ping_status":"","sticky":false,"template":"","format":"standard","meta":{"footnotes":""},"categories":[1356],"tags":[19090,1111,11,1921,19350,58,59,1011,27,1922,252,199,1364,133,5010],"class_list":{"0":"post-84603","1":"post","2":"type-post","3":"status-publish","4":"format-standard","5":"has-post-thumbnail","7":"category-television","8":"tag-8-mai-1945-la-ceremonie-des-80-ans-de-la-victoire-sur-tf1","9":"tag-actu","10":"tag-actualites","11":"tag-article-video","12":"tag-commemoration-de-la-victoire-du-8-mai-1945","13":"tag-divertissement","14":"tag-entertainment","15":"tag-fr","16":"tag-france","17":"tag-info","18":"tag-television","19":"tag-tf1","20":"tag-tv","21":"tag-video","22":"tag-video-sujets-de-societe"},"share_on_mastodon":{"url":"https:\/\/pubeurope.com\/@fr\/114472688730112508","error":""},"_links":{"self":[{"href":"https:\/\/www.europesays.com\/fr\/wp-json\/wp\/v2\/posts\/84603","targetHints":{"allow":["GET"]}}],"collection":[{"href":"https:\/\/www.europesays.com\/fr\/wp-json\/wp\/v2\/posts"}],"about":[{"href":"https:\/\/www.europesays.com\/fr\/wp-json\/wp\/v2\/types\/post"}],"author":[{"embeddable":true,"href":"https:\/\/www.europesays.com\/fr\/wp-json\/wp\/v2\/users\/2"}],"replies":[{"embeddable":true,"href":"https:\/\/www.europesays.com\/fr\/wp-json\/wp\/v2\/comments?post=84603"}],"version-history":[{"count":0,"href":"https:\/\/www.europesays.com\/fr\/wp-json\/wp\/v2\/posts\/84603\/revisions"}],"wp:featuredmedia":[{"embeddable":true,"href":"https:\/\/www.europesays.com\/fr\/wp-json\/wp\/v2\/media\/84604"}],"wp:attachment":[{"href":"https:\/\/www.europesays.com\/fr\/wp-json\/wp\/v2\/media?parent=84603"}],"wp:term":[{"taxonomy":"category","embeddable":true,"href":"https:\/\/www.europesays.com\/fr\/wp-json\/wp\/v2\/categories?post=84603"},{"taxonomy":"post_tag","embeddable":true,"href":"https:\/\/www.europesays.com\/fr\/wp-json\/wp\/v2\/tags?post=84603"}],"curies":[{"name":"wp","href":"https:\/\/api.w.org\/{rel}","templated":true}]}}