{"id":84625,"date":"2025-05-08T14:39:04","date_gmt":"2025-05-08T14:39:04","guid":{"rendered":"https:\/\/www.europesays.com\/fr\/84625\/"},"modified":"2025-05-08T14:39:04","modified_gmt":"2025-05-08T14:39:04","slug":"lagenda-du-week-end-des-9-10-et-11-mai-2025","status":"publish","type":"post","link":"https:\/\/www.europesays.com\/fr\/84625\/","title":{"rendered":"L\u2019agenda du week-end des 9, 10 et 11 mai 2025"},"content":{"rendered":"<p><strong>Destination Finale: Bloodlines \u00e0 Saint-Etienne<\/strong><\/p>\n<p>La c\u00e9l\u00e8bre franchise \u00ab\u00a0Destination Finale\u00a0\u00bb revient sur grand \u00e9cran avec un nouvel opus qui promet de renouveler la formule tout en conservant l\u2019essence gla\u00e7ante de la s\u00e9rie. \u00ab\u00a0Destination Finale: Bloodlines\u00a0\u00bb explore une nouvelle dimension de la mort \u00e0 travers une histoire familiale transg\u00e9n\u00e9rationnelle. Stefani, une jeune femme de 18 ans, est hant\u00e9e par des cauchemars r\u00e9currents o\u00f9 elle voit sa grand-m\u00e8re \u00e9chapper miraculeusement \u00e0 un accident mortel survenu 50 ans plus t\u00f4t. Gr\u00e2ce \u00e0 cette esquive du destin, son a\u00efeule a pu vivre jusqu\u2019\u00e0 80 ans et mourir paisiblement de causes naturelles. Mais ce miracle n\u2019est pas sans cons\u00e9quence : la mort n\u2019oublie jamais ceux qui lui \u00e9chappent. Toute la descendance de sa grand-m\u00e8re a d\u00e9sormais une dette envers la mort. Alors que Stefani commence \u00e0 percevoir des signes inqui\u00e9tants autour d\u2019elle, une course contre la montre s\u2019engage pour comprendre les r\u00e8gles de cette mal\u00e9diction familiale et tenter d\u2019y \u00e9chapper.<\/p>\n<p>Les fans du genre et les curieux pourront d\u00e9couvrir ce nouveau chapitre terrifiant en avant-premi\u00e8re <strong>ce vendredi \u00e0 21h30 au Megarama Jean-Jaur\u00e8s<\/strong> \u00e0 Saint-\u00c9tienne. Plus d\u2019info <a href=\"https:\/\/42info.fr\/destination-finale-bloodlines-en-avant-premiere-au-megarama\/\" target=\"_blank\" rel=\"noreferrer noopener\">ICI<\/a>.<\/p>\n<p>Guid\u00e9s par Alexandra, vanni\u00e8re d\u2019exp\u00e9rience, les apprentis artistes pourront r\u00e9aliser leur propre panier rond en osier \u00e0 l\u2019atelier d\u2019Alexandra Ferdinande \u00e0 P\u00e9lussin, samedi 10 mai. Une occasion unique de s\u2019initier \u00e0 cet artisanat traditionnel qui conna\u00eet un v\u00e9ritable renouveau dans la d\u00e9coration contemporaine.<\/p>\n<p><strong>Quand ?<\/strong>\u00a0Samedi 10 mai de 10h \u00e0 18h<br \/><strong>O\u00f9 ?<\/strong>\u00a0\u00c0 l\u2019atelier d\u2019Alexandra Ferdinande, rue de la Tour, \u00e0 P\u00e9lussin<br \/><strong>Pour qui ?<\/strong>\u00a0De sept \u00e0 neuf personnes, d\u00e9butants et initi\u00e9s, \u00e0 partir de 16 ans<br \/><strong>Tarif :<\/strong>\u00a0125 euros (mat\u00e9riel et enseignement inclus)<br \/><strong>R\u00e9servations :<\/strong>\u00a006 18 99 85 92<\/p>\n<p>Plus d\u2019info <a href=\"https:\/\/www.pilat-tourisme.fr\/planifier\/agenda\/vos-escapades-artisanales-vannerie-panier-zarzo-rond-5343100\" target=\"_blank\" rel=\"noreferrer noopener\">ICI<\/a>.<\/p>\n<p><strong>Plong\u00e9e dans l\u2019histoire cor\u00e9enne : un voyage sans valise<\/strong><\/p>\n<p>\u00c0 Saint-\u00c9tienne, l\u2019association franco-cor\u00e9enne Loire Haute-Loire, Hanasso, organise l\u2019une de ses rencontres mensuelles autour d\u2019une nouvelle th\u00e9matique passionnante. Samedi 10 mai, \u00e0 14h30, au M\u00e9li\u00e8s Caf\u00e9, elle proposera d\u2019\u00e9changer autour du th\u00e8me \u00ab Histoire de la Cor\u00e9e de 1950 \u00e0 2025 : fin de la guerre, r\u00e9voltes, tentative de coup d\u2019\u00c9tat, d\u00e9mocratie \u00bb. Une occasion unique de d\u00e9couvrir les grands bouleversements d\u2019un pays fascinant sans quitter le confort st\u00e9phanois. Plus d\u2019info <a href=\"https:\/\/www.facebook.com\/profile.php?id=61562735937120\" target=\"_blank\" rel=\"noreferrer noopener\">ICI<\/a>.<\/p>\n<p><strong>Exposition sur la coiffure et les chapeaux \u00e0 Charlieu<\/strong><\/p>\n<p>Afin de c\u00e9l\u00e9brer les 1 150 ans du prieur\u00e9 de la ville de Charlieu, un programme riche en animations culturelles a \u00e9t\u00e9 concoct\u00e9. Parmi les \u00e9v\u00e9nements phares de ces festivit\u00e9s historiques, une exposition captivante invite les visiteurs \u00e0 remonter le temps \u00e0 travers un prisme original : l\u2019art de la coiffure \u00e0 travers les \u00e2ges. L\u2019exposition \u00ab\u00a0La coiffure un ph\u00e9nom\u00e8ne de mode\u2026 ou deux mill\u00e9naires d\u2019art\u00a0\u00bb pr\u00e9sente de nombreuses pi\u00e8ces con\u00e7ues par la chapeli\u00e8re-modiste Aline Traclet, artiste talentueuse originaire de Charlieu. Ses cr\u00e9ations uniques t\u00e9moignent d\u2019un savoir-faire local tout en racontant une histoire universelle qui traverse les \u00e9poques.<\/p>\n<p><strong>Quand ?<\/strong>\u00a0Du 30 avril au 12 mai 2025<br \/><strong>O\u00f9 ?<\/strong>\u00a0Galerie Ronzi\u00e8re, place des Canuts \u00e0 Charlieu<br \/><strong>Tarif :<\/strong>\u00a0Participation libre<\/p>\n<p><strong>Musiques anciennes et village historique : la Chartreuse en f\u00eate<\/strong><\/p>\n<p>Les 9, 10 et 11 mai, le Site de la Chartreuse de Sainte-Croix-en-Jarez et l\u2019ensemble Canticum Novum vous invitent \u00e0 la 16\u1d49 \u00e9dition du Festin Musical. Pendant trois jours, ce lieu exceptionnel vibrera au rythme des concerts de musiques anciennes du monde, d\u2019ateliers de danse et de yoga, de visites guid\u00e9es et de balades dans un cadre majestueux. La nouveaut\u00e9 2025 ? Un march\u00e9 artisanal et de cr\u00e9ateurs qui enrichit encore cette programmation d\u00e9j\u00e0 all\u00e9chante.<\/p>\n<p>Monsieur Constant en avant-premi\u00e8re \u00e0 Roanne<\/p>\n<p>Le cin\u00e9ma Le Grand Palais \u00e0 Roanne vous invite \u00e0 d\u00e9couvrir en avant-premi\u00e8re le film \u00ab\u00a0Monsieur Constant\u00a0\u00bb r\u00e9alis\u00e9 par Alan Simon, en pr\u00e9sence de l\u2019\u00e9quipe du film. Un rendez-vous privil\u00e9gi\u00e9 pour les cin\u00e9philes lig\u00e9riens ce samedi 10 mai \u00e0 14h. Sur l\u2019\u00cele-aux-Moines en Bretagne, Monsieur Constant, ancien photographe de guerre, est hant\u00e9 par le souvenir de son amour perdu, Natalia, une c\u00e9l\u00e8bre danseuse \u00e9toile russe tragiquement disparu il y a cinquante ans. Son fils, Sergio, doit se rendre en Sib\u00e9rie pour achever l\u2019op\u00e9ra dont r\u00eavait sa m\u00e8re. Il confie alors sa fille de huit ans, Ad\u00e9la, \u00e0 son grand-p\u00e8re qu\u2019elle n\u2019a encore jamais rencontr\u00e9.\u00a0Cette rencontre inattendue entre le vieil homme et sa petite-fille d\u00e9clenche un puissant voyage qui les conduira dans une \u00e9pop\u00e9e d\u2019amour, de musique et de danse entre la Bretagne et Novossibirsk en Russie. L\u2019histoire explore les th\u00e8mes universels de la m\u00e9moire, de la r\u00e9conciliation familiale et de la transmission artistique.<\/p>\n<p><strong>\u00c9v\u00e9nement :<\/strong>\u00a0Avant-premi\u00e8re en pr\u00e9sence de l\u2019\u00e9quipe du film<br \/><strong>Film :<\/strong>\u00a0Monsieur Constant<br \/><strong>Date et heure :<\/strong>\u00a0Samedi 10 mai \u00e0 14h<br \/><strong>Lieu :<\/strong>\u00a0Cin\u00e9ma Le Grand Palais \u00e0 Roanne<br \/><strong>Sortie nationale :<\/strong>\u00a028 mai 2025<br \/><strong>R\u00e9alisateur :<\/strong>\u00a0Alan Simon<\/p>\n<p><strong>Ch\u00e8vre et miel : duo gourmand \u00e0 Roche-la-Moli\u00e8re<\/strong><\/p>\n<p>Samedi 10 mai, de 14h \u00e0 18h30, La Miellerie des Gorges de la Loire, \u00e0 Roche-la-Moli\u00e8re, organise une vente de fromages par La Ch\u00e8vrerie des P\u2019tits Lou. L\u2019occasion parfaite pour les gourmands de d\u00e9couvrir l\u2019association subtile entre fromage de ch\u00e8vre et miel, un mariage de saveurs qui ne d\u00e9\u00e7oit jamais. Un rendez-vous savoureux pour garnir votre panier de produits locaux et artisanaux. Plus d\u2019info <a href=\"https:\/\/www.miellerieloire.com\" target=\"_blank\" rel=\"noreferrer noopener\">ICI<\/a>.<\/p>\n<p><strong>Les tout-petits ont leur festival : quand les pages s\u2019animent<\/strong><\/p>\n<p>Les m\u00e9diath\u00e8ques de Roannais agglom\u00e9ration lancent le festival Des b\u00e9b\u00e9s et des livres, sp\u00e9cialement con\u00e7u pour les 0-5 ans. \u00c0 partir du samedi 10 mai, et jusqu\u2019au 24, une programmation riche attend les bambins : spectacles, ateliers, installations, lectures et jeux. Une belle opportunit\u00e9 pour initier les plus jeunes au plaisir des livres et stimuler leur imagination \u00e0 travers des activit\u00e9s ludiques et culturelles. Plus d\u2019info <a href=\"https:\/\/www.facebook.com\/mediathequesroannaisagglomeration\/photos\/-des-b\u00e9b\u00e9s-et-des-livres-lenvol\u00e9edurant-un-mois-les-tout-petits-sont-\u00e0-lhonneur-\/724585476515478\/?_rdr\" target=\"_blank\" rel=\"noreferrer noopener\">ICI<\/a>.<\/p>\n<p><strong>Aventure interactive : devenez h\u00e9ros d\u2019un jour<\/strong><\/p>\n<p>Dimanche \u00e0 17h, la Com\u00e9die le Triomphe \u00e0 Saint-\u00c9tienne pr\u00e9sente un spectacle interactif captivant. Dans \u00ab\u00a0Le Ma\u00eetre du jeu\u00a0\u00bb, c\u2019est vous qui d\u00e9ciderez de la marche \u00e0 suivre dans cette folle aventure th\u00e9\u00e2trale. Explorerez-vous ce myst\u00e9rieux couloir de grotte sombre, attir\u00e9 par l\u2019or qui s\u2019y cacherait ? Ou pr\u00e9f\u00e9rerez-vous rester \u00e0 la taverne pour \u00e9couter les r\u00e9cits d\u2019un vieux barde ? \u00c0 vous de fa\u00e7onner l\u2019histoire et d\u2019en d\u00e9couvrir les multiples possibilit\u00e9s ! Plus d\u2019info <a href=\"https:\/\/www.comedietriomphe.fr\" target=\"_blank\" rel=\"noopener\">ICI<\/a>.<\/p>\n","protected":false},"excerpt":{"rendered":"Destination Finale: Bloodlines \u00e0 Saint-Etienne La c\u00e9l\u00e8bre franchise \u00ab\u00a0Destination Finale\u00a0\u00bb revient sur grand \u00e9cran avec un nouvel opus&hellip;\n","protected":false},"author":2,"featured_media":39010,"comment_status":"","ping_status":"","sticky":false,"template":"","format":"standard","meta":{"footnotes":""},"categories":[9653],"tags":[1111,11,4763,2430,650,251,1719,1777,674,12176,1011,27,3367,7357,12,25,9838,9669,4001,1669],"class_list":{"0":"post-84625","1":"post","2":"type-post","3":"status-publish","4":"format-standard","5":"has-post-thumbnail","7":"category-saint-etienne","8":"tag-actu","9":"tag-actualites","10":"tag-agenda","11":"tag-auvergne-rhone-alpes","12":"tag-cinema","13":"tag-culture","14":"tag-enfants","15":"tag-eu","16":"tag-europe","17":"tag-expo","18":"tag-fr","19":"tag-france","20":"tag-loire","21":"tag-montbrison","22":"tag-news","23":"tag-republique-francaise","24":"tag-roanne","25":"tag-saint-chamond","26":"tag-saint-etienne","27":"tag-sorties"},"share_on_mastodon":{"url":"https:\/\/pubeurope.com\/@fr\/114472731595506570","error":""},"_links":{"self":[{"href":"https:\/\/www.europesays.com\/fr\/wp-json\/wp\/v2\/posts\/84625","targetHints":{"allow":["GET"]}}],"collection":[{"href":"https:\/\/www.europesays.com\/fr\/wp-json\/wp\/v2\/posts"}],"about":[{"href":"https:\/\/www.europesays.com\/fr\/wp-json\/wp\/v2\/types\/post"}],"author":[{"embeddable":true,"href":"https:\/\/www.europesays.com\/fr\/wp-json\/wp\/v2\/users\/2"}],"replies":[{"embeddable":true,"href":"https:\/\/www.europesays.com\/fr\/wp-json\/wp\/v2\/comments?post=84625"}],"version-history":[{"count":0,"href":"https:\/\/www.europesays.com\/fr\/wp-json\/wp\/v2\/posts\/84625\/revisions"}],"wp:featuredmedia":[{"embeddable":true,"href":"https:\/\/www.europesays.com\/fr\/wp-json\/wp\/v2\/media\/39010"}],"wp:attachment":[{"href":"https:\/\/www.europesays.com\/fr\/wp-json\/wp\/v2\/media?parent=84625"}],"wp:term":[{"taxonomy":"category","embeddable":true,"href":"https:\/\/www.europesays.com\/fr\/wp-json\/wp\/v2\/categories?post=84625"},{"taxonomy":"post_tag","embeddable":true,"href":"https:\/\/www.europesays.com\/fr\/wp-json\/wp\/v2\/tags?post=84625"}],"curies":[{"name":"wp","href":"https:\/\/api.w.org\/{rel}","templated":true}]}}