{"id":84628,"date":"2025-05-08T14:41:05","date_gmt":"2025-05-08T14:41:05","guid":{"rendered":"https:\/\/www.europesays.com\/fr\/84628\/"},"modified":"2025-05-08T14:41:05","modified_gmt":"2025-05-08T14:41:05","slug":"les-cardinaux-de-retour-a-la-chapelle-sixtine-pour-deux-nouveaux-votes","status":"publish","type":"post","link":"https:\/\/www.europesays.com\/fr\/84628\/","title":{"rendered":"les cardinaux de retour \u00e0 la chapelle Sixtine pour deux nouveaux votes"},"content":{"rendered":"<p><strong>De la fum\u00e9e noire !<\/strong>\u00a0Une fum\u00e9e noire est sortie de la chemin\u00e9e, signe que le premier vote des 133 cardinaux r\u00e9unis en conclave n&rsquo;a pas permis d&rsquo;\u00e9lire un nouveau pape. Les volutes de fum\u00e9e \u00e9taient visibles sur la place Saint-Pierre par des milliers de curieux et fid\u00e8les qui ont attendu plus de trois heures pour conna\u00eetre en direct l&rsquo;issue de cette premi\u00e8re journ\u00e9e de r\u00e9union, qui se tient dans le plus strict huis clos.<\/p>\n<p><strong>Le conclave a d\u00e9but\u00e9.<\/strong>\u00a0Apr\u00e8s les prestation de serment des 133 cardinaux sous la pr\u00e9sidence du cardinal italien Pietro Parolin, les portes de la chapelle Sixtine ont \u00e9t\u00e9 ferm\u00e9es. Le conclave a pu d\u00e9marrer \u00e0 huis clos.<\/p>\n<p><strong>Les cardinaux envisagent un conclave de trois jours maximum.<\/strong>\u00a0Improbable d\u00e8s ce mercredi,\u00a0le choix des cardinaux devrait \u00eatre connu jeudi ou vendredi, au plus tard samedi\u00a0: ils \u00ab\u00a0envisagent\u00a0\u00bb de\u00a0trouver un successeur au pape Fran\u00e7ois \u00ab\u00a0en trois jours au maximum\u00a0\u00bb.\u00a0Une dur\u00e9e conforme \u00e0 celle des derniers conclaves\u00a0: aucun, depuis le milieu du XIXe si\u00e8cle, n&rsquo;a d\u00e9pass\u00e9 cinq jours. Les derniers ont plut\u00f4t dur\u00e9 deux jours (pour Fran\u00e7ois, Beno\u00eet XVI et Jean Paul Ier) ou trois jours (Jean Paul II et Paul VI).<\/p>\n<p><strong>Le futur pape face \u00e0 un \u00ab tournant complexe de l&rsquo;Histoire \u00bb.<\/strong>\u00a0Le doyen des cardinaux charg\u00e9s d&rsquo;\u00e9lire le futur pape a appel\u00e9 \u00e0 choisir celui \u00ab dont l&rsquo;Eglise et l&rsquo;humanit\u00e9 ont besoin en ce tournant si difficile, complexe et tourment\u00e9 de l&rsquo;Histoire \u00bb, mercredi lors d&rsquo;une messe pr\u00e9c\u00e9dant le d\u00e9but du conclave. L&rsquo;Italien Giovanni Battista Re a plaid\u00e9, lors de son hom\u00e9lie dans la basilique Saint-Pierre, pour \u00ab maintenir l&rsquo;unit\u00e9 de l&rsquo;Eglise \u00bb lors de ce \u00ab choix d&rsquo;une importance exceptionnelle \u00bb et o\u00f9 \u00ab toute consid\u00e9ration personnelle doit \u00eatre abandonn\u00e9e \u00bb.<\/p>\n","protected":false},"excerpt":{"rendered":"De la fum\u00e9e noire !\u00a0Une fum\u00e9e noire est sortie de la chemin\u00e9e, signe que le premier vote des&hellip;\n","protected":false},"author":2,"featured_media":84629,"comment_status":"","ping_status":"","sticky":false,"template":"","format":"standard","meta":{"footnotes":""},"categories":[9635],"tags":[1111,11,1777,674,107,1011,27,329,775,1702,12,5889,25],"class_list":{"0":"post-84628","1":"post","2":"type-post","3":"status-publish","4":"format-standard","5":"has-post-thumbnail","7":"category-nancy","8":"tag-actu","9":"tag-actualites","10":"tag-eu","11":"tag-europe","12":"tag-fil-info","13":"tag-fr","14":"tag-france","15":"tag-france-monde","16":"tag-grand-est","17":"tag-nancy","18":"tag-news","19":"tag-religion-croyance","20":"tag-republique-francaise"},"share_on_mastodon":{"url":"https:\/\/pubeurope.com\/@fr\/114472739479244799","error":""},"_links":{"self":[{"href":"https:\/\/www.europesays.com\/fr\/wp-json\/wp\/v2\/posts\/84628","targetHints":{"allow":["GET"]}}],"collection":[{"href":"https:\/\/www.europesays.com\/fr\/wp-json\/wp\/v2\/posts"}],"about":[{"href":"https:\/\/www.europesays.com\/fr\/wp-json\/wp\/v2\/types\/post"}],"author":[{"embeddable":true,"href":"https:\/\/www.europesays.com\/fr\/wp-json\/wp\/v2\/users\/2"}],"replies":[{"embeddable":true,"href":"https:\/\/www.europesays.com\/fr\/wp-json\/wp\/v2\/comments?post=84628"}],"version-history":[{"count":0,"href":"https:\/\/www.europesays.com\/fr\/wp-json\/wp\/v2\/posts\/84628\/revisions"}],"wp:featuredmedia":[{"embeddable":true,"href":"https:\/\/www.europesays.com\/fr\/wp-json\/wp\/v2\/media\/84629"}],"wp:attachment":[{"href":"https:\/\/www.europesays.com\/fr\/wp-json\/wp\/v2\/media?parent=84628"}],"wp:term":[{"taxonomy":"category","embeddable":true,"href":"https:\/\/www.europesays.com\/fr\/wp-json\/wp\/v2\/categories?post=84628"},{"taxonomy":"post_tag","embeddable":true,"href":"https:\/\/www.europesays.com\/fr\/wp-json\/wp\/v2\/tags?post=84628"}],"curies":[{"name":"wp","href":"https:\/\/api.w.org\/{rel}","templated":true}]}}