{"id":84642,"date":"2025-05-08T14:53:10","date_gmt":"2025-05-08T14:53:10","guid":{"rendered":"https:\/\/www.europesays.com\/fr\/84642\/"},"modified":"2025-05-08T14:53:10","modified_gmt":"2025-05-08T14:53:10","slug":"om-le-dernier-match-de-la-saison-contre-rennes-a-guichets-fermes","status":"publish","type":"post","link":"https:\/\/www.europesays.com\/fr\/84642\/","title":{"rendered":"OM. Le dernier match de la saison contre Rennes \u00e0 guichets ferm\u00e9s"},"content":{"rendered":"<p>Ce n&rsquo;est une surprise pour personne mais l&rsquo;information a \u00e9t\u00e9 confirm\u00e9e par l&rsquo;OM ce jeudi via les r\u00e9seaux sociaux. La r\u00e9ception de Rennes, le samedi 17 mai, comptant pour la 34e et derni\u00e8re journ\u00e9e de Ligue 1, se jouera \u00e0 guichets ferm\u00e9s.<\/p>\n<p>Pour les retardataires qui n&rsquo;ont pas encore leur pr\u00e9cieux s\u00e9same, il est possible de se procurer un billet via <a href=\"https:\/\/billetterie.om.fr\/fr\/second\/match-om-stade-rennais\/#bk612b1e79-zone\" target=\"_blank\" rel=\"noopener\">la plateforme de revente du club<\/a>, \u00e0 partir de 75\u20ac et jusqu&rsquo;\u00e0 200\u20ac pour les places les plus ch\u00e8res.<\/p>\n<p>Les Olympiens pourront donc compter sur leur fid\u00e8le public pour cette ultime joute de la saison, \u00f4 combien importante pour <a href=\"https:\/\/www.laprovence.com\/article\/om\/1430614733745115\/om-le-retourne-acrobatique-damine-gouiri-face-a-brest-selectionne-pour-le-titre-du-but-de-la-saison-en-ligue-1\" target=\"_blank\" rel=\"noopener\">Amine Gouiri<\/a> et ses partenaires dans la course \u00e0 la Ligue des champions.<\/p>\n","protected":false},"excerpt":{"rendered":"Ce n&rsquo;est une surprise pour personne mais l&rsquo;information a \u00e9t\u00e9 confirm\u00e9e par l&rsquo;OM ce jeudi via les r\u00e9seaux&hellip;\n","protected":false},"author":2,"featured_media":84643,"comment_status":"","ping_status":"","sticky":false,"template":"","format":"standard","meta":{"footnotes":""},"categories":[2821],"tags":[17,1111,11,829,1444,4431,1777,674,1011,27,5488,955,12,149,584,25,3242],"class_list":{"0":"post-84642","1":"post","2":"type-post","3":"status-publish","4":"format-standard","5":"has-post-thumbnail","7":"category-rennes","8":"tag-17","9":"tag-actu","10":"tag-actualites","11":"tag-bretagne","12":"tag-contre","13":"tag-dernier","14":"tag-eu","15":"tag-europe","16":"tag-fr","17":"tag-france","18":"tag-guichets","19":"tag-match","20":"tag-news","21":"tag-om","22":"tag-rennes","23":"tag-republique-francaise","24":"tag-saison"},"share_on_mastodon":{"url":"https:\/\/pubeurope.com\/@fr\/114472786753159814","error":""},"_links":{"self":[{"href":"https:\/\/www.europesays.com\/fr\/wp-json\/wp\/v2\/posts\/84642","targetHints":{"allow":["GET"]}}],"collection":[{"href":"https:\/\/www.europesays.com\/fr\/wp-json\/wp\/v2\/posts"}],"about":[{"href":"https:\/\/www.europesays.com\/fr\/wp-json\/wp\/v2\/types\/post"}],"author":[{"embeddable":true,"href":"https:\/\/www.europesays.com\/fr\/wp-json\/wp\/v2\/users\/2"}],"replies":[{"embeddable":true,"href":"https:\/\/www.europesays.com\/fr\/wp-json\/wp\/v2\/comments?post=84642"}],"version-history":[{"count":0,"href":"https:\/\/www.europesays.com\/fr\/wp-json\/wp\/v2\/posts\/84642\/revisions"}],"wp:featuredmedia":[{"embeddable":true,"href":"https:\/\/www.europesays.com\/fr\/wp-json\/wp\/v2\/media\/84643"}],"wp:attachment":[{"href":"https:\/\/www.europesays.com\/fr\/wp-json\/wp\/v2\/media?parent=84642"}],"wp:term":[{"taxonomy":"category","embeddable":true,"href":"https:\/\/www.europesays.com\/fr\/wp-json\/wp\/v2\/categories?post=84642"},{"taxonomy":"post_tag","embeddable":true,"href":"https:\/\/www.europesays.com\/fr\/wp-json\/wp\/v2\/tags?post=84642"}],"curies":[{"name":"wp","href":"https:\/\/api.w.org\/{rel}","templated":true}]}}