{"id":846536,"date":"2026-04-04T08:10:17","date_gmt":"2026-04-04T08:10:17","guid":{"rendered":"https:\/\/www.europesays.com\/fr\/846536\/"},"modified":"2026-04-04T08:10:17","modified_gmt":"2026-04-04T08:10:17","slug":"apres-paris-une-marche-geante-de-teckels-va-debarquer-a-lyon-au-parc-de-la-tete-dor","status":"publish","type":"post","link":"https:\/\/www.europesays.com\/fr\/846536\/","title":{"rendered":"Apr\u00e8s Paris, une marche g\u00e9ante de teckels va d\u00e9barquer \u00e0 Lyon au parc de la T\u00eate d&rsquo;Or"},"content":{"rendered":"<p>                    Par<br \/>\n        <strong><br \/>\n            <a href=\"https:\/\/actu.fr\/auteur\/ludivine-caporal\" title=\"Consulter tous les articles de Ludivine Caporal\" rel=\"nofollow noopener\" target=\"_blank\">Ludivine Caporal<\/a><br \/>\n                    <\/strong><\/p>\n<p>        Publi\u00e9 le<\/p>\n<p>            4 avr. 2026 \u00e0 7h20        <\/p>\n<p>Des centaines de \u00ab\u00a0chiens saucisses\u00a0\u00bb vont envahir le <a href=\"https:\/\/actu.fr\/tag\/parc-de-la-tete-d-or\" rel=\"nofollow noopener\" target=\"_blank\">parc de la T\u00eate d\u2019Or<\/a> cet \u00e9t\u00e9 ! La premi\u00e8re \u00e9dition de la <strong>\u00ab\u00a0Hot Gone\u00a0\u00bb,<\/strong> une grande marche de teckels \u00ab\u00a0festive et solidaire\u00a0\u00bb, d\u00e9barquera \u00e0 <a href=\"https:\/\/actu.fr\/auvergne-rhone-alpes\/lyon_69123\" rel=\"nofollow noopener\" target=\"_blank\">Lyon<\/a> le dimanche 14 juin 2026.<\/p>\n<p>Rendez-vous \u00e0 10h \u00e0 la porte des enfants du Rh\u00f4ne<\/p>\n<p class=\" wall-content\">Tout comme la \u00ab\u00a0Paris Sausage Walk\u00a0\u00bb, qui conna\u00eet un immense succ\u00e8s au sein de la capitale, propri\u00e9taires de teckels, familles et simples curieux sont donc invit\u00e9s \u00e0 participer \u00e0 une promenade collective de <strong>2,8 kilom\u00e8tres, cette fois<\/strong> <strong>autour du lac du parc de la T\u00eate d\u2019Or.\u00a0<\/strong><\/p>\n<p class=\" wall-content\">Plusieurs centaines de chiens sont attendus \u00e0 10h au niveau de la porte des enfants du Rh\u00f4ne pour cette premi\u00e8re \u00e9dition lyonnaise, qui compte sur la \u00ab\u00a0communaut\u00e9 tr\u00e8s active\u00a0\u00bb des amoureux des teckels.<\/p>\n<p class=\" wall-content\">Avec leur caract\u00e8re bien tremp\u00e9, leur long dos et leurs courtes pattes, ils ont d\u2019ailleurs fait leur entr\u00e9e dans le <strong>top 10<\/strong> des chiens pr\u00e9f\u00e9r\u00e9s des Fran\u00e7ais en 2025, selon la Centrale Canine.<\/p>\n<p class=\" wall-content\"><a href=\"https:\/\/www.instagram.com\/p\/DQ4h288CM-a\/embed\" title=\"Ouvrir le lien sur Instagram\" rel=\"nofollow noopener\" target=\"_blank\">Visualiser le contenu sur Instagram<\/a><\/p>\n<p>Soutien \u00e0 deux associations<\/p>\n<p class=\" wall-content\">Outre la promenade <strong>libre et gratuite<\/strong>, la \u00ab\u00a0Hot Gone\u00a0\u00bb se veut aussi \u00eatre un \u00e9v\u00e9nement solidaire en soutenant deux associations : <a href=\"https:\/\/actu.fr\/auvergne-rhone-alpes\/lyon_69123\/la-spa-de-lyon-horrifiee-par-le-traitement-inflige-a-ce-chien-il-vivait-un-enfer_63179353.html\" rel=\"nofollow noopener\" target=\"_blank\">la SPA de Lyon<\/a> et celle des Teckels Sans Doux Foyer.<\/p>\n<p class=\" wall-content\">Des objets seront ainsi propos\u00e9s contre des dons et l\u2019int\u00e9gralit\u00e9 des contributions leur sera ensuite revers\u00e9e. Un food truck sera \u00e9galement pr\u00e9sent pour \u00ab\u00a0prolonger ce moment de rencontre\u00a0\u00bb.<\/p>\n<p>    <img   decoding=\"async\" loading=\"lazy\" src=\"https:\/\/www.europesays.com\/fr\/wp-content\/uploads\/2026\/04\/teckels-chiens-animaux-960x640.jpg\" alt=\"Des centaines de teckels sont attendus au parc de la T\u00eate d'Or \u00e0 Lyon dimanche 14 juin.\" width=\"960\" height=\"640\"\/><br \/>\n    Des centaines de teckels sont attendus au parc de la T\u00eate d\u2019Or \u00e0 Lyon dimanche 14 juin. (\u00a9Ludivine Caporal\/actu Lyon)<\/p>\n<p>Les \u00e9lections municipales 2026<\/p>\n<p>Suivez toutes les actualit\u00e9s des municipales 2026 dans une seule newsletter.<\/p>\n<p>    <a href=\"http:\/\/actu.fr\/newsletter\/#encampagne_preview\" class=\"ac-btn ac-btn--corner ac-btn--medium ac-btn--blue800\" rel=\"nofollow noopener\" target=\"_blank\">S&rsquo;inscrire<\/a><\/p>\n<p class=\" wall-content\">\u00ab\u00a0Avec la Hot Gone, les organisateurs souhaitent installer \u00e0 Lyon <strong>un rendez-vous annuel<\/strong> d\u00e9di\u00e9 aux amoureux de teckels, m\u00ealant humour, passion canine et engagement solidaire. L\u2019\u00e9v\u00e9nement offrira une occasion originale de voir d\u00e9filer des centaines de teckels dans l\u2019un des plus grands parcs urbains d\u2019Europe, et de partager un moment chaleureux entre passionn\u00e9s et curieux\u00a0\u00bb, se r\u00e9jouissent-ils.<\/p>\n<p class=\" wall-content\">Personnalisez votre actualit\u00e9 en ajoutant vos villes et m\u00e9dias en favori avec <a href=\"https:\/\/moncompte.actu.fr\" title=\"D\u00e9couvez Mon Actu\" rel=\"nofollow noopener\" data-trk=\"{&quot;cta&quot;:{&quot;action&quot;:&quot;https:\\\/\\\/moncompte.actu.fr&quot;,&quot;category&quot;:&quot;mon compte&quot;,&quot;from&quot;:&quot;article footer&quot;,&quot;name&quot;:&quot;Mon actu&quot;,&quot;type&quot;:&quot;cta&quot;}}\" target=\"_blank\">Mon Actu<\/a>.<\/p>\n<p>                    <script async src=\"\/\/www.instagram.com\/embed.js\"><\/script><\/p>\n","protected":false},"excerpt":{"rendered":"Par Ludivine Caporal Publi\u00e9 le 4 avr. 2026 \u00e0 7h20 Des centaines de \u00ab\u00a0chiens saucisses\u00a0\u00bb vont envahir le&hellip;\n","protected":false},"author":2,"featured_media":846537,"comment_status":"","ping_status":"","sticky":false,"template":"","format":"standard","meta":{"footnotes":"","_share_on_mastodon":"0"},"categories":[1889],"tags":[1111,11,1867,2430,4850,1777,674,1011,27,1652,2428,12,13760,25],"class_list":["post-846536","post","type-post","status-publish","format-standard","has-post-thumbnail","category-lyon","tag-actu","tag-actualites","tag-animaux","tag-auvergne-rhone-alpes","tag-chien","tag-eu","tag-europe","tag-fr","tag-france","tag-loisirs-culture","tag-lyon","tag-news","tag-parc-de-la-tete-dor","tag-republique-francaise"],"share_on_mastodon":{"url":"https:\/\/pubeurope.com\/@fr\/116345426870102106","error":""},"_links":{"self":[{"href":"https:\/\/www.europesays.com\/fr\/wp-json\/wp\/v2\/posts\/846536","targetHints":{"allow":["GET"]}}],"collection":[{"href":"https:\/\/www.europesays.com\/fr\/wp-json\/wp\/v2\/posts"}],"about":[{"href":"https:\/\/www.europesays.com\/fr\/wp-json\/wp\/v2\/types\/post"}],"author":[{"embeddable":true,"href":"https:\/\/www.europesays.com\/fr\/wp-json\/wp\/v2\/users\/2"}],"replies":[{"embeddable":true,"href":"https:\/\/www.europesays.com\/fr\/wp-json\/wp\/v2\/comments?post=846536"}],"version-history":[{"count":0,"href":"https:\/\/www.europesays.com\/fr\/wp-json\/wp\/v2\/posts\/846536\/revisions"}],"wp:featuredmedia":[{"embeddable":true,"href":"https:\/\/www.europesays.com\/fr\/wp-json\/wp\/v2\/media\/846537"}],"wp:attachment":[{"href":"https:\/\/www.europesays.com\/fr\/wp-json\/wp\/v2\/media?parent=846536"}],"wp:term":[{"taxonomy":"category","embeddable":true,"href":"https:\/\/www.europesays.com\/fr\/wp-json\/wp\/v2\/categories?post=846536"},{"taxonomy":"post_tag","embeddable":true,"href":"https:\/\/www.europesays.com\/fr\/wp-json\/wp\/v2\/tags?post=846536"}],"curies":[{"name":"wp","href":"https:\/\/api.w.org\/{rel}","templated":true}]}}