{"id":84664,"date":"2025-05-08T15:04:08","date_gmt":"2025-05-08T15:04:08","guid":{"rendered":"https:\/\/www.europesays.com\/fr\/84664\/"},"modified":"2025-05-08T15:04:08","modified_gmt":"2025-05-08T15:04:08","slug":"cirque-a-saint-so-maneges-expos-que-faire-a-lille-ce-week-end-nos-idees-de-sorties","status":"publish","type":"post","link":"https:\/\/www.europesays.com\/fr\/84664\/","title":{"rendered":"Cirque \u00e0 Saint-So, man\u00e8ges, expos\u2026 Que faire \u00e0 Lille ce week-end ? Nos id\u00e9es de sorties"},"content":{"rendered":"<p>            Par<br \/>\n        <strong><br \/>\n            <a href=\"https:\/\/actu.fr\/auteur\/amandine-vachez\" title=\"Consulter tous les articles de Amandine Vachez\" rel=\"nofollow noopener\" target=\"_blank\">Amandine Vachez<\/a><br \/>\n        <\/strong><\/p>\n<p>        Publi\u00e9 le<\/p>\n<p>            8 mai 2025 \u00e0 16h40        <\/p>\n<p>Il devrait faire beau et chaud, avant peut-\u00eatre un dimanche soir orageux. Vous devriez pouvoir bien profiter du<b> week-end<\/b>, donc. Voici quelques <b>suggestions de sorties, pour les samedi\u00a010 et dimanche 11\u00a0mai 2025<\/b> \u00e0 <a href=\"https:\/\/actu.fr\/lille\/\" rel=\"nofollow noopener\" target=\"_blank\">Lille<\/a> (Nord).<\/p>\n<p>Nos id\u00e9es de sorties pour le week-end<\/p>\n<ul class=\" wall-content\">\n<li><b>Du cirque \u00e0 Saint-So pour \u00ab\u2009Fiesta\u2009\u00bb<\/b><\/li>\n<\/ul>\n<p class=\" wall-content\">Un week-end festif (c\u2019est le cas de le dire) vous attend \u00e0 la gare Saint-Sauveur de Lille. En plus des expositions M\u00f4m\u2019Art et \u00ab\u2009La f\u00eate int\u00e9rieure\u2009\u00bb \u00e0 d\u00e9couvrir sur place en ce moment, une riche programmation est propos\u00e9e par le Cirque du bout du monde, qui investira les lieux pendant deux jours. Au programme\u2009: un village de cirque, install\u00e9 samedi et dimanche de 14\u2009h \u00e0 17\u2009h, la premi\u00e8re du spectacle \u00ab\u2009Les Mondes Possibles\u2009\u00bb sur l\u2019esplanade \u00e0 18\u2009h\u200930 et un \u00ab\u2009cabaret au bistrot\u2009\u00bb \u00e0 20\u2009h\u200930. Le dimanche, le spectacle \u00ab\u2009Moi Aussi\u2009\u00bb sera pr\u00e9sent\u00e9 sous chapiteau \u00e0 17\u2009h. Plus d\u2019infos <a href=\"https:\/\/www.facebook.com\/events\/1413272053351444\" rel=\"nofollow noopener\" target=\"_blank\">sur la page Facebook de l\u2019\u00e9v\u00e9nement<\/a>.<\/p>\n<p class=\" wall-content\">Le Flow de Lille sera en folie, avec le Waka Festival, propos\u00e9 par l\u2019\u00e9cole de danse Waka Waka Dance Academy. Des shows, battles et rencontres sont au programme des 10 et 11\u00a0mai. Les danses afro-urbaines seront mises en avant de multiples fa\u00e7ons, pour cette 6e \u00e9dition qui s\u2019annonce inoubliable\u2009! Infos et r\u00e9servations <a href=\"https:\/\/www.wakawaka.fr\/\" rel=\"nofollow noopener\" target=\"_blank\">sur le site officiel de la Waka Waka Dance Academy<\/a>.<\/p>\n<ul class=\" wall-content\">\n<li><b>Les expositions \u00e9tonnantes de lille3000<\/b><\/li>\n<\/ul>\n<p class=\" wall-content\">Apr\u00e8s la grande parade du 26\u00a0avril, la saison \u00ab\u2009Fiesta\u2009\u00bb de lille3000 se poursuit au travers de divers \u00e9v\u00e9nements, mais aussi et surtout de ses expositions singuli\u00e8res. Vous pouvez en ce moment d\u00e9couvrir le <a href=\"https:\/\/actu.fr\/hauts-de-france\/lille_59350\/lille-tetes-colorees-carnavalesques-entrez-dans-le-karnavalo-de-shen-ozdemir-dans-cette-expo-gratuite_62578888.html\" rel=\"nofollow noopener\" target=\"_blank\">\u00ab\u2009Karnavalo\u2009\u00bb de Shen \u00d6zdemir <\/a>\u00e0 l\u2019espace Pignon, l\u2019\u00e9dition 2025 de M\u00f4m\u2019Art et \u00ab\u2009La f\u00eate int\u00e9rieure\u2009\u00bb \u00e0 Saint-So, ou admirer les \u00e9tranget\u00e9s de la \u00ab\u2009Distorted party\u2009\u00bb \u00e0 l\u2019Hospice Comtesse. Au Palais des Beaux-arts, partez sur les traces des traditions locales, avec les <a href=\"https:\/\/actu.fr\/hauts-de-france\/lille_59350\/a-lille-des-tableaux-des-musees-royaux-de-belgique-et-autres-tresors-exposes-aux-beaux-arts_62286762.html\" rel=\"nofollow noopener\" target=\"_blank\">\u00ab\u2009F\u00eates et c\u00e9l\u00e9brations flamandes\u2009\u00bb<\/a>. Et ce n\u2019est qu\u2019un aper\u00e7u de la <a href=\"https:\/\/fiestalille3000.com\/\" rel=\"nofollow noopener\" target=\"_blank\">large proposition de cette saison<\/a>\u2009!<\/p>\n<p class=\" wall-content\">L\u2019humoriste sera sur les planches du Z\u00e9nith de Lille deux soirs de suite, samedi et dimanche \u00e0 20\u2009h. Il pr\u00e9sentera son seul en sc\u00e8ne baptis\u00e9 \u00ab\u2009Lui-m\u00eame\u2009\u00bb, dans le cadre d\u2019une tourn\u00e9e nationale. Comptez entre 35 et 75 euros la place. Il reste quelques si\u00e8ges de libres\u2009! Plus d\u2019infos et r\u00e9servations <a href=\"https:\/\/www.zenithdelille.com\/evenement\/gad-elmaleh\/\" rel=\"nofollow noopener\" target=\"_blank\">par ici<\/a>.<\/p>\n<ul class=\" wall-content\">\n<li><b>Une expo photo au Th\u00e9\u00e2tre du Nord<\/b><\/li>\n<\/ul>\n<p class=\" wall-content\">Le Th\u00e9\u00e2tre du Nord accueille une exposition de la Maison de la photographie de Lille, pendant sa fermeture. Avec \u00ab\u2009Just My Luck\u2009\u00bb, projet imagin\u00e9 par les artistes belges C\u00e9cile Hupin et Katherine Longly, plongez dans l\u2019ambiance des jeux de tirage, de grattage et de hasard. \u00ab\u2009Hybride et d\u00e9cal\u00e9e, cette exposition multim\u00e9dia, con\u00e7ue d\u2019apr\u00e8s des documents d\u2019archives et n\u00e9e de plusieurs rencontres, confronte le r\u00eave \u00e0 la r\u00e9alit\u00e9 en nous plongeant au c\u0153ur d\u2019une s\u00e9rie de t\u00e9moignages de gagnants, de perdants et de leur entourage, proche ou li\u00e9 au jeu\u2009\u00bb, pr\u00e9sente le th\u00e9\u00e2tre. <a href=\"https:\/\/www.theatredunord.fr\/agenda\/saison-2024-2025\/just-my-luck\" rel=\"nofollow noopener\" target=\"_blank\">L\u2019exposition<\/a> sera ouverte ce\u00a0samedi de 14\u2009h \u00e0 19\u2009h.<\/p>\n<ul class=\" wall-content\">\n<li><b>Les coulisses de l\u2019op\u00e9ra<\/b><\/li>\n<\/ul>\n<p class=\" wall-content\">L\u2019Op\u00e9ra de Lille ouvre grand ses portes le dimanche 11\u00a0mai \u00e0 l\u2019occasion de l\u2019\u00e9v\u00e8nement national \u00ab\u2009Tous \u00e0 l\u2019Op\u00e9ra\u2009\u00bb\u2009! L\u2019\u00e9quipe annonce\u2009: \u00ab\u2009Toute la journ\u00e9e, visitez la Grande salle et le d\u00e9cor de Faust, profitez de spectacles musicaux et d\u2019exp\u00e9riences sensorielles, donnez de la voix et laissez libre cours \u00e0 votre cr\u00e9ativit\u00e9. Carmen, Wagner et le coq Maurice vous r\u00e9servent de belles surprises\u2009!\u2009\u00bb L\u2019entr\u00e9e sera libre, de 11\u2009h \u00e0 17\u2009h. Toute la programmation est d\u00e9taill\u00e9e <a href=\"https:\/\/www.opera-lille.fr\/spectacle\/happy-day-tous-a-lopera-2025\/\" rel=\"nofollow noopener\" target=\"_blank\">sur le site officiel de l\u2019Op\u00e9ra de Lille<\/a>.<\/p>\n<p class=\" wall-content\">Comme \u00e0 l\u2019accoutum\u00e9e, le programme des spectacles est charg\u00e9, ce week-end \u00e0 Lille. Le <a href=\"https:\/\/www.lespotlight.fr\/\" rel=\"nofollow noopener\" target=\"_blank\">Spotlight<\/a> et la <a href=\"https:\/\/www.comediedelille.fr\/\" rel=\"nofollow noopener\" target=\"_blank\">Com\u00e9die de Lille<\/a> vous ont concoct\u00e9 une fin de semaine aux petits oignons. Au Spotlight, PV pr\u00e9sentera son spectacle \u00e0 21\u2009h, apr\u00e8s le passage de Sofiane Soch (en rodage) et le traditionnel comedy club de 17\u2009h. En plus des spectacles pour les adultes du moment, les enfants ont leur propre programmation. Samedi et dimanche, ce sera Alice au pays des merveilles (d\u00e8s 4\u00a0ans), les deux jours \u00e0 14\u2009h\u200930.<\/p>\n<p class=\" wall-content\">La foire de printemps de 2025 vit ses derni\u00e8res heures \u00e0 Lille, sur le Champ de mars. Les attractions et stands gourmands seront ouverts cette fin de semaine. Dernier jour des festivit\u00e9s, le dimanche 11\u00a0mai. On vous en dit plus sur cette \u00e9dition <a href=\"https:\/\/actu.fr\/hauts-de-france\/lille_59350\/maneges-a-lille-la-foire-de-printemps-revient-sur-le-champ-de-mars-le-programme-de-cette-edition_62449962.html\" rel=\"nofollow noopener\" target=\"_blank\">dans un article consacr\u00e9 au sujet<\/a>.<\/p>\n<p class=\" wall-content\">Vous pourrez sans probl\u00e8me aller \u00e0 la chasse aux bons plans ce week-end. Samedi, des ventes sont pr\u00e9vues \u00e0 Loos, Mons-en-Bar\u0153ul, Templeuve-en-P\u00e9v\u00e8le, Tourcoing, Wannehain ou encore Wavrin. Dimanche, vous pourrez chiner \u00e0 Ann\u0153ullin, Anstaing, Lambersart, Lomme, Roncq, Templeuve-en-P\u00e9v\u00e8le et Tourcoing. D\u2019autres brocantes et vide-greniers sont pr\u00e9vus dans le Nord. On vous les liste avec les infos pratiques <a href=\"https:\/\/actu.fr\/loisirs-culture\/voici-les-brocantes-et-vide-greniers-organises-dans-le-nord-le-week-end-des-10-et-11-mai_62605550.html\" rel=\"nofollow noopener\" target=\"_blank\">dans un article consacr\u00e9 au sujet<\/a>.<\/p>\n<p class=\" wall-content\">Voil\u00e0 de quoi vous inspirer\u2009!<\/p>\n<p class=\" wall-content\">Suivez toute l\u2019actualit\u00e9 de vos villes et m\u00e9dias favoris en vous inscrivant \u00e0 <a href=\"https:\/\/moncompte.actu.fr\" title=\"D\u00e9couvez Mon Actu\" rel=\"nofollow noopener\" data-trk=\"{&quot;cta&quot;:{&quot;action&quot;:&quot;https:\\\/\\\/moncompte.actu.fr&quot;,&quot;category&quot;:&quot;mon compte&quot;,&quot;from&quot;:&quot;article footer&quot;,&quot;name&quot;:&quot;Mon actu&quot;,&quot;type&quot;:&quot;cta&quot;}}\" target=\"_blank\">Mon Actu<\/a>.<\/p>\n","protected":false},"excerpt":{"rendered":"Par Amandine Vachez Publi\u00e9 le 8 mai 2025 \u00e0 16h40 Il devrait faire beau et chaud, avant peut-\u00eatre&hellip;\n","protected":false},"author":2,"featured_media":84665,"comment_status":"","ping_status":"","sticky":false,"template":"","format":"standard","meta":{"footnotes":""},"categories":[2815],"tags":[1111,11,6557,1719,1777,674,652,1011,27,811,1307,1652,12,25],"class_list":{"0":"post-84664","1":"post","2":"type-post","3":"status-publish","4":"format-standard","5":"has-post-thumbnail","7":"category-lille","8":"tag-actu","9":"tag-actualites","10":"tag-bon-plan-a-lille","11":"tag-enfants","12":"tag-eu","13":"tag-europe","14":"tag-famille","15":"tag-fr","16":"tag-france","17":"tag-hauts-de-france","18":"tag-lille","19":"tag-loisirs-culture","20":"tag-news","21":"tag-republique-francaise"},"share_on_mastodon":{"url":"https:\/\/pubeurope.com\/@fr\/114472829949031326","error":""},"_links":{"self":[{"href":"https:\/\/www.europesays.com\/fr\/wp-json\/wp\/v2\/posts\/84664","targetHints":{"allow":["GET"]}}],"collection":[{"href":"https:\/\/www.europesays.com\/fr\/wp-json\/wp\/v2\/posts"}],"about":[{"href":"https:\/\/www.europesays.com\/fr\/wp-json\/wp\/v2\/types\/post"}],"author":[{"embeddable":true,"href":"https:\/\/www.europesays.com\/fr\/wp-json\/wp\/v2\/users\/2"}],"replies":[{"embeddable":true,"href":"https:\/\/www.europesays.com\/fr\/wp-json\/wp\/v2\/comments?post=84664"}],"version-history":[{"count":0,"href":"https:\/\/www.europesays.com\/fr\/wp-json\/wp\/v2\/posts\/84664\/revisions"}],"wp:featuredmedia":[{"embeddable":true,"href":"https:\/\/www.europesays.com\/fr\/wp-json\/wp\/v2\/media\/84665"}],"wp:attachment":[{"href":"https:\/\/www.europesays.com\/fr\/wp-json\/wp\/v2\/media?parent=84664"}],"wp:term":[{"taxonomy":"category","embeddable":true,"href":"https:\/\/www.europesays.com\/fr\/wp-json\/wp\/v2\/categories?post=84664"},{"taxonomy":"post_tag","embeddable":true,"href":"https:\/\/www.europesays.com\/fr\/wp-json\/wp\/v2\/tags?post=84664"}],"curies":[{"name":"wp","href":"https:\/\/api.w.org\/{rel}","templated":true}]}}