{"id":84670,"date":"2025-05-08T15:08:12","date_gmt":"2025-05-08T15:08:12","guid":{"rendered":"https:\/\/www.europesays.com\/fr\/84670\/"},"modified":"2025-05-08T15:08:12","modified_gmt":"2025-05-08T15:08:12","slug":"notre-selection-de-soirees-pour-preparer-lete","status":"publish","type":"post","link":"https:\/\/www.europesays.com\/fr\/84670\/","title":{"rendered":"notre s\u00e9lection de soir\u00e9es pour pr\u00e9parer l\u2019\u00e9t\u00e9"},"content":{"rendered":"<p>Les Halles de la Major, la Citadelle, Notre-Dame de la Garde, La Plaine\u00a0: des lieux mythiques de Marseille accueillent des \u00e9v\u00e9nements festifs en ext\u00e9rieur.<\/p>\n<p>Une buvette perch\u00e9e dans les hauteurs de la ville<\/p>\n<p>Depuis le 30\u00a0avril, la buvette Le Bon Air a rouvert \u00e0 l\u2019occasion du lancement de la saison estivale. Situ\u00e9e au pied de la Basilique Notre-Dame de la Garde, \u00e0 139\u00a0m d\u2019altitude, elle permet de d\u00e9guster un ap\u00e9ritif (panisses, falafels, brochettes\u2026), tout en profitant d\u2019une vue imprenable sur la mer. Le menu est propos\u00e9 par le traiteur marseillais La French Cuisine. La buvette est accessible sans r\u00e9servation, de 15h30 \u00e0 22h, tous les jours.<\/p>\n<p>En musique aux Halles de la Major<\/p>\n<p>Tous les vendredis, <a href=\"https:\/\/www.laprovence.com\/article\/culture-loisirs\/142473807490515\/a-marseille-deux-spots-hors-du-commun-pour-des-soirees-musicales-en-plein-air\" target=\"_blank\" rel=\"noopener\">Les Jardins Suspendus<\/a> organisent des soir\u00e9es aux Halles de la Major. Vendredi 9\u00a0mai, le collectif recevra David Walters. L\u2019artiste multi-instrumentiste, aux inspirations cr\u00e9oles, br\u00e9siliennes, africaines et soul proposera un show ambian\u00e7ant. Rendez-vous de 18h \u00e0 1h, sur la terrasse des Halles, pour partager un ap\u00e9ro accompagn\u00e9 du coucher de soleil. La f\u00eate se poursuivra le 16\u00a0mai, avec une nouvelle soir\u00e9e. Les DJ Armo E.Mathieu, Le Fripon et Funky Foush seront de la partie. L\u2019entr\u00e9e des deux soir\u00e9es est gratuite et la r\u00e9servation se fait directement sur le site des Jardins Suspendus.<\/p>\n<p>Les Off du festival Marsatac<\/p>\n<p>\u00c0 l\u2019occasion du lancement du festival de musique, programm\u00e9 d\u00e9but juin, <a href=\"https:\/\/www.laprovence.com\/article\/culture-loisirs\/1161592166817214\/marsatac-une-programmation-riche-en-electro-et-hip-hop-pour-les-2-jours-du-festival-au-parc-borely-a-marseille\" target=\"_blank\" rel=\"noopener\">Marsatac<\/a> organise diff\u00e9rentes soir\u00e9es en ext\u00e9rieur. Le 17\u00a0mai, de 18h \u00e0 23h30, le show sera anim\u00e9 par les collectifs Moonsquad, Halfpipe records, et le DJ Violet Indigo. Le ticket d\u2019entr\u00e9e est \u00e0 22\u20ac. L\u2019\u00e9v\u00e9nement prendra place \u00e0 <a href=\"https:\/\/www.laprovence.com\/article\/region\/1189308802116915\/200-000-personnes-l-ont-decouverte-en-2024-la-citadelle-de-marseille-se-reve-en-bastion-culturel\" target=\"_blank\" rel=\"noopener\">la Citadelle<\/a>, lieu marquant du patrimoine marseillais, qui offre une vue imprenable sur la ville. Pour f\u00eater les dix ans du festival Ch\u00e2teau Perch\u00e9, Marsatac organise le 30\u00a0mai, \u00e0 la Vieille Charit\u00e9, une nouvelle soir\u00e9e, de 19h \u00e0 2h. Au programme\u00a0: Club Buissonni\u00e8re, Perch\u00e9polis, Abstraxion et Perla &amp; Sean paul. Les tarifs vont de 15 \u00e0 18\u20ac.<\/p>\n<p>Concert de rock \u00e0 la Plaine<\/p>\n<p>Le festival <a href=\"https:\/\/www.laprovence.com\/article\/culture-loisirs\/21069855726629\/a-marseille-la-plaine-du-rock-renait-de-ses-cendres-apres-quatre-ans-d-absence\" target=\"_blank\" rel=\"noopener\">La Plaine du Rock<\/a> revient pour une deuxi\u00e8me \u00e9dition le dimanche 18\u00a0mai 2025. Initialement organis\u00e9 rue Consolat, la Rue du Rock s\u2019est d\u00e9plac\u00e9 sur la Plaine en\u00a02024, ce qui lui a valu un changement de nom. Les organisateurs, l\u2019Interm\u00e9diaire et Phocea Rock ont pr\u00e9vu pour l\u2019occasion 4 sc\u00e8nes et 16 groupes de musique \u00e9lectronique aux inspirations vari\u00e9es\u00a0: cold wave, punk, folk, post-punk, indie-pop, metal, et encore bien d\u2019autres.<\/p>\n<p>\u00c0 l\u2019affiche notamment 52 Hertz, Avee Mana, Bird in Shell, mais aussi La Flemme ou encore Mumuse. L\u2019objectif est de rendre la musique accessible \u00e0 tous pour un \u00e9v\u00e8nement interg\u00e9n\u00e9rationnel.\u00a0Il se tiendra de 13h \u00e0 20h30 sur la place Jean Jaur\u00e8s, et sera accessible gratuitement.<\/p>\n<p>Danser en plein air au R2<\/p>\n<p>Pour faire la f\u00eate tout en profitant d\u2019une vue mer, le <a href=\"https:\/\/www.laprovence.com\/article\/sortie-loisirs\/70690551141637\/le-r2-rouvre-a-marseille-carte-retravaillee-securite-renforcee-son-nouveau-directeur-devoile-la-saison\" target=\"_blank\" rel=\"noopener\">Rooftop R2<\/a> organise des soir\u00e9es, aux th\u00e8mes vari\u00e9s. La soir\u00e9e de ce 9\u00a0mai propose de replonger dans l\u2019ambiance des ann\u00e9es\u00a02000. De Usher \u00e0 Beyonc\u00e9 en passant par Justin Timberlake, des hits cultes sont au programme. Le dimanche 11\u00a0mai, le Rooftop r\u00e9serve sa soir\u00e9e aux fans de rap et de hip-hop US avec l\u2019\u00e9v\u00e9nement Sunblock. Sont attendus les DJ Andyman, Jon Rocca et Taylor Sossa. Le 15\u00a0mai, c\u2019est le trio Mont Rouge qui est mis \u00e0 l\u2019honneur pour une ambiance aux inspirations africaines. Ils seront accompagn\u00e9s du duo Two Soul et de Casa Mata. Toutes les soir\u00e9es ont lieu de 19h \u00e0 2h, au prix de 15\u20ac.<\/p>\n","protected":false},"excerpt":{"rendered":"Les Halles de la Major, la Citadelle, Notre-Dame de la Garde, La Plaine\u00a0: des lieux mythiques de Marseille&hellip;\n","protected":false},"author":2,"featured_media":84671,"comment_status":"","ping_status":"","sticky":false,"template":"","format":"standard","meta":{"footnotes":""},"categories":[2814],"tags":[17,1111,11,19355,1777,674,1011,27,2831,19357,884,12,14455,13775,19356,882,25,1650,16335],"class_list":{"0":"post-84670","1":"post","2":"type-post","3":"status-publish","4":"format-standard","5":"has-post-thumbnail","7":"category-marseille","8":"tag-17","9":"tag-actu","10":"tag-actualites","11":"tag-buvette","12":"tag-eu","13":"tag-europe","14":"tag-fr","15":"tag-france","16":"tag-loisirs-traditions","17":"tag-marsatac","18":"tag-marseille","19":"tag-news","20":"tag-notre","21":"tag-off","22":"tag-perchee","23":"tag-provence-alpes-cote-dazur","24":"tag-republique-francaise","25":"tag-selection","26":"tag-soirees"},"share_on_mastodon":{"url":"https:\/\/pubeurope.com\/@fr\/114472845781548044","error":""},"_links":{"self":[{"href":"https:\/\/www.europesays.com\/fr\/wp-json\/wp\/v2\/posts\/84670","targetHints":{"allow":["GET"]}}],"collection":[{"href":"https:\/\/www.europesays.com\/fr\/wp-json\/wp\/v2\/posts"}],"about":[{"href":"https:\/\/www.europesays.com\/fr\/wp-json\/wp\/v2\/types\/post"}],"author":[{"embeddable":true,"href":"https:\/\/www.europesays.com\/fr\/wp-json\/wp\/v2\/users\/2"}],"replies":[{"embeddable":true,"href":"https:\/\/www.europesays.com\/fr\/wp-json\/wp\/v2\/comments?post=84670"}],"version-history":[{"count":0,"href":"https:\/\/www.europesays.com\/fr\/wp-json\/wp\/v2\/posts\/84670\/revisions"}],"wp:featuredmedia":[{"embeddable":true,"href":"https:\/\/www.europesays.com\/fr\/wp-json\/wp\/v2\/media\/84671"}],"wp:attachment":[{"href":"https:\/\/www.europesays.com\/fr\/wp-json\/wp\/v2\/media?parent=84670"}],"wp:term":[{"taxonomy":"category","embeddable":true,"href":"https:\/\/www.europesays.com\/fr\/wp-json\/wp\/v2\/categories?post=84670"},{"taxonomy":"post_tag","embeddable":true,"href":"https:\/\/www.europesays.com\/fr\/wp-json\/wp\/v2\/tags?post=84670"}],"curies":[{"name":"wp","href":"https:\/\/api.w.org\/{rel}","templated":true}]}}