{"id":84687,"date":"2025-05-08T15:17:08","date_gmt":"2025-05-08T15:17:08","guid":{"rendered":"https:\/\/www.europesays.com\/fr\/84687\/"},"modified":"2025-05-08T15:17:08","modified_gmt":"2025-05-08T15:17:08","slug":"lula-a-moscou-le-pari-risque-dune-tournee-antidemocratique","status":"publish","type":"post","link":"https:\/\/www.europesays.com\/fr\/84687\/","title":{"rendered":"Lula \u00e0 Moscou, le pari risqu\u00e9 d\u2019\u201cune tourn\u00e9e antid\u00e9mocratique\u201d"},"content":{"rendered":"\n<p>Invit\u00e9 par Vladimir Poutine, le pr\u00e9sident br\u00e9silien Luiz In\u00e1cio Lula da Silva a atterri \u00e0 Moscou mardi 7\u00a0mai pour participer aux comm\u00e9morations du 80e anniversaire de la victoire sur l\u2019Allemagne nazie.<\/p>\n<p>Aux c\u00f4t\u00e9s de son homologue russe et d\u2019une trentaine d\u2019autres dirigeants \u00e9trangers \u2013 parmi lesquels le Chinois Xi Jinping et le V\u00e9n\u00e9zu\u00e9lien Nicol\u00e1s Maduro \u2013 il assistera \u00e0 la traditionnelle parade militaire du 9\u00a0mai sur la Place Rouge, une c\u00e9r\u00e9monie qui, depuis le d\u00e9but de la guerre en Ukraine en 2022, est \u201cper\u00e7ue comme une d\u00e9monstration de force de la Russie\u201d, <a href=\"https:\/\/www.cnnbrasil.com.br\/internacional\/lula-na-russia-o-que-o-brasil-tem-a-ganhar-e-perder-com-a-visita\/\" rel=\"nofollow noopener\" target=\"_blank\">rappelle la cha\u00eene <strong>CNN Brasil<\/strong><\/a><strong>.<\/strong><\/p>\n<p>Mais derri\u00e8re les fanfares et les blind\u00e9s, l\u2019agenda est r\u00e9solument politique. Lula doit s\u2019entretenir en t\u00eate-\u00e0-t\u00eate avec Vladimir Poutine, une premi\u00e8re depuis son retour \u00e0 la pr\u00e9sidence en 2023. Au programme\u00a0: l\u2019intensification des \u00e9changes commerciaux \u2013 Bras\u00edlia souhaite amplifier ses exportations vers le Russie \u2013 mais aussi le dossier ukrainien.<\/p>\n<p> \u201cTrain du futur\u201d <\/p>\n<p><a href=\"https:\/\/oglobo.globo.com\/mundo\/noticia\/2025\/05\/05\/lula-vai-a-russia-em-nova-tentativa-de-colocar-brasil-como-mediador-de-acordo-de-paz.ghtml\" rel=\"nofollow noopener\" target=\"_blank\">Selon des sources du quotidien <strong>O<\/strong> <strong>Globo<\/strong> au sein du gouvernement<\/a>, le dirigeant de gauche entend profiter de ce d\u00e9placement pour \u201csignaler l\u2019ind\u00e9pendance de la politique \u00e9trang\u00e8re br\u00e9silienne par rapport \u00e0 d\u2019autres grandes puissances mondiales\u201d mais aussi \u201ctenter de positionner le Br\u00e9sil comme m\u00e9diateur\u201d <a href=\"https:\/\/www.courrierinternational.com\/article\/verbatim-guerre-en-ukraine-lula-se-pose-en-faiseur-de-paix\" rel=\"nofollow noopener\" target=\"_blank\">d\u2019un accord de paix entre Moscou et Kiev<\/a>. \u00c0 la t\u00eate de la pr\u00e9sidence tournante des Brics depuis janvier, le Br\u00e9sil plaide \u00e9galement pour impliquer le reste du groupe dans d\u2019\u00e9ventuelles n\u00e9gociations.<\/p>\n<p>\u201cLe pr\u00e9sident Lu<\/p>\n","protected":false},"excerpt":{"rendered":"Invit\u00e9 par Vladimir Poutine, le pr\u00e9sident br\u00e9silien Luiz In\u00e1cio Lula da Silva a atterri \u00e0 Moscou mardi 7\u00a0mai&hellip;\n","protected":false},"author":2,"featured_media":84688,"comment_status":"","ping_status":"","sticky":false,"template":"","format":"standard","meta":{"footnotes":""},"categories":[1591],"tags":[11,3822,9322,19362,674,1887,1892,131,19363,12,1885,1886,132],"class_list":{"0":"post-84687","1":"post","2":"type-post","3":"status-publish","4":"format-standard","5":"has-post-thumbnail","7":"category-russie","8":"tag-actualites","9":"tag-amu00e9riques","10":"tag-brics","11":"tag-bru00e9sil","12":"tag-europe","13":"tag-federation-de-russie","14":"tag-gu00e9opolitique","15":"tag-guerre-en-ukraine","16":"tag-lula","17":"tag-news","18":"tag-russia","19":"tag-russian-federation","20":"tag-russie"},"share_on_mastodon":{"url":"https:\/\/pubeurope.com\/@fr\/114472880931580056","error":""},"_links":{"self":[{"href":"https:\/\/www.europesays.com\/fr\/wp-json\/wp\/v2\/posts\/84687","targetHints":{"allow":["GET"]}}],"collection":[{"href":"https:\/\/www.europesays.com\/fr\/wp-json\/wp\/v2\/posts"}],"about":[{"href":"https:\/\/www.europesays.com\/fr\/wp-json\/wp\/v2\/types\/post"}],"author":[{"embeddable":true,"href":"https:\/\/www.europesays.com\/fr\/wp-json\/wp\/v2\/users\/2"}],"replies":[{"embeddable":true,"href":"https:\/\/www.europesays.com\/fr\/wp-json\/wp\/v2\/comments?post=84687"}],"version-history":[{"count":0,"href":"https:\/\/www.europesays.com\/fr\/wp-json\/wp\/v2\/posts\/84687\/revisions"}],"wp:featuredmedia":[{"embeddable":true,"href":"https:\/\/www.europesays.com\/fr\/wp-json\/wp\/v2\/media\/84688"}],"wp:attachment":[{"href":"https:\/\/www.europesays.com\/fr\/wp-json\/wp\/v2\/media?parent=84687"}],"wp:term":[{"taxonomy":"category","embeddable":true,"href":"https:\/\/www.europesays.com\/fr\/wp-json\/wp\/v2\/categories?post=84687"},{"taxonomy":"post_tag","embeddable":true,"href":"https:\/\/www.europesays.com\/fr\/wp-json\/wp\/v2\/tags?post=84687"}],"curies":[{"name":"wp","href":"https:\/\/api.w.org\/{rel}","templated":true}]}}