{"id":84719,"date":"2025-05-08T15:36:08","date_gmt":"2025-05-08T15:36:08","guid":{"rendered":"https:\/\/www.europesays.com\/fr\/84719\/"},"modified":"2025-05-08T15:36:08","modified_gmt":"2025-05-08T15:36:08","slug":"il-veut-distraire-il-prend-des-risques-il-est-genereux-et-fidele","status":"publish","type":"post","link":"https:\/\/www.europesays.com\/fr\/84719\/","title":{"rendered":"\u00abIl veut distraire, il prend des risques, il est g\u00e9n\u00e9reux et fid\u00e8le\u00bb"},"content":{"rendered":"<p>L\u2019acteur de 74 ans, \u00e0 l\u2019affiche de Balle perdue 3 sur Netflix, porte une affection sans faille \u00e0 l\u2019animateur et d\u00e9plore qu\u2019il soit d\u00e9cri\u00e9 en raison de sa popularit\u00e9.<\/p>\n<p class=\"fig-paragraph\"><a href=\"https:\/\/www.lefigaro.fr\/tag\/gerard-lanvin\" target=\"_blank\" rel=\"noopener\" data-gtm-custom-categorie=\"navigation\" data-gtm-custom-action=\"crossclick\" data-gtm-custom-label=\"Contextuel\" data-gtm-event=\"customEventSPE\"><strong>G\u00e9rard Lanvin<\/strong><\/a> \u00a0s\u2019est rendu \u00e0 plusieurs reprises sur le plateau de\u00a0<a href=\"https:\/\/tvmag.lefigaro.fr\/programme-tv\/programme\/touche-pas-a-mon-poste-d1917940577\" target=\"_blank\" rel=\"noopener\" data-gtm-custom-categorie=\"navigation\" data-gtm-custom-action=\"crossclick\" data-gtm-custom-label=\"Contextuel\" data-gtm-event=\"customEventSPE\">\u00abTouche \u00e0 mon poste\u00a0!\u00bb<\/a>\u00a0sur C8. Sa derni\u00e8re venue remonte au 23 octobre 2024 dans le cadre de la promotion de 4 Z\u00e9ros. Ce jour-l\u00e0, le com\u00e9dien avait affich\u00e9 son soutien \u00e0\u00a0<a href=\"https:\/\/www.lefigaro.fr\/tag\/cyril-hanouna\" target=\"_blank\" rel=\"noopener\" data-gtm-custom-categorie=\"navigation\" data-gtm-custom-action=\"crossclick\" data-gtm-custom-label=\"Contextuel\" data-gtm-event=\"customEventSPE\"><strong>Cyril Hanouna<\/strong><\/a> . Quelques mois auparavant, l\u2019Arcom avait act\u00e9 le retrait de la cha\u00eene de TNT pour avoir bafou\u00e9 ses obligations \u00e0 de multiples reprises. Une sanction qui a pris effet le 28 f\u00e9vrier 2025. \u00abFabien [Onteniente, NDR] et moi tenions \u00e0 te dire que quoi qu\u2019il arrive, puisque j\u2019ai appris qu\u2019il y avait des complications, l\u00e0 o\u00f9 tu iras, nous viendrons\u00a0!\u00bb, avait d\u00e9clar\u00e9 G\u00e9rard Lanvin. Touch\u00e9 par ces mots sinc\u00e8res, Cyril Hanouna s\u2019\u00e9tait alors pr\u00e9cipit\u00e9 pour les embrasser.<\/p>\n<p class=\"fig-paragraph\">Ce mercredi 7 mai, Netflix a mis en ligne Balle perdue 3 dans lequel G\u00e9rard Lanvin tient le r\u00f4le d\u2019un commandant des stups corrompu aux c\u00f4t\u00e9s d\u2019Alban Lenoir, Nicolas Duvauchelle, St\u00e9fi Celma et Pascale Arbillot. \u00c0 cette occasion, l\u2019acteur a accord\u00e9 une interview exclusive \u00e0\u00a0<a href=\"https:\/\/tvmag.lefigaro.fr\/\" target=\"_blank\" data-fig-type=\"Section\" rel=\"noopener\" data-gtm-custom-categorie=\"navigation\" data-gtm-custom-action=\"crossclick\" data-gtm-custom-label=\"Contextuel\" data-gtm-event=\"customEventSPE\" data-fig-domain=\"TVMAG\">TV Magazine<\/a> \u00a0au cours de laquelle il a r\u00e9it\u00e9r\u00e9 son affection pour Cyril Hanouna.<\/p>\n<p class=\"fig-body-link\">\n            \u00c0 lire aussi<br \/>\n        <a class=\"fig-body-link__link fig-premium-mark\" href=\"http:\/\/tvmag.lefigaro.fr\/programme-tv\/actu-tele\/gerard-lanvin-j-ai-fait-ma-vie-je-n-ai-rien-a-prouver-20250508\" target=\"_blank\" data-fig-type=\"Article\" rel=\"noopener\" data-gtm-custom-categorie=\"navigation\" data-gtm-custom-action=\"crossclick\" data-gtm-custom-label=\"Contextuel\" data-gtm-event=\"customEventSPE\" data-fig-domain=\"TVMAG\">G\u00e9rard Lanvin\u00a0: \u00abJ\u2019ai fait ma vie, je n\u2019ai rien \u00e0 prouver\u00bb<br \/>\n    <\/a>\n<\/p>\n<p class=\"fig-paragraph\">Selon lui, l\u2019animateur est \u00abd\u00e9cri\u00e9 par tous ceux qui d\u00e9testent la r\u00e9ussite et la popularit\u00e9\u00bb. \u00abOn est tous critiqu\u00e9s, on est dans un monde de d\u00e9lation, les r\u00e9seaux sociaux rendent fou. \u00c7a aide beaucoup de gens, mais \u00e7a aide aussi tous les minables \u00e0 exister\u00bb, estime G\u00e9rard Lanvin avant de rappeler\u00a0: \u00ab Il avait une \u00e9mission qui cartonnait, un rendez-vous populaire, les gens le kiffaient pendant deux heures. Il a fait les seules \u00e9missions politiques qu\u2019on pouvait regarder parce qu\u2019elles \u00e9taient accessibles, les questions \u00e9taient ordinaires\u00bb.<\/p>\n<p class=\"fig-paragraph\">\u00abC\u2019est minable ce qu\u2019ils ont fait, ils ont mis plein de familles \u00e0 la rue en s\u2019en foutant totalement\u00bb, d\u00e9plore-t-il ajoutant\u00a0: \u00abOn lui a ferm\u00e9 sa bouche parce qu\u2019il l\u2019ouvrait, mais il va revenir dix fois plus fort. C\u2019est un combattant et il ne peut pas se laisser mettre au tapis par un pauvre crochet\u00bb. Et de conclure\u00a0: \u00abJ\u2019estime Cyril parce qu\u2019il va dans un sens positif, il veut distraire, il prend des risques, c\u2019est quelqu\u2019un de g\u00e9n\u00e9reux et de fid\u00e8le\u00bb. Pour rappel, Cyril Hanouna doit faire sa rentr\u00e9e sur W9 avec un nouveau talk-show.<\/p>\n<p>    G\u00e9rard Lanvin \u00e0 la Une du Figaro TV Magazine, \u00e0 para\u00eetre le vendredi 9 mai 2025.<br \/>\n                TV Magazine<\/p>\n","protected":false},"excerpt":{"rendered":"L\u2019acteur de 74 ans, \u00e0 l\u2019affiche de Balle perdue 3 sur Netflix, porte une affection sans faille \u00e0&hellip;\n","protected":false},"author":2,"featured_media":84720,"comment_status":"","ping_status":"","sticky":false,"template":"","format":"standard","meta":{"footnotes":""},"categories":[1359],"tags":[497,496,499,1083,58,59,1011,27,19365,500,504,505,495,973,503,502,501,498],"class_list":{"0":"post-84719","1":"post","2":"type-post","3":"status-publish","4":"format-standard","5":"has-post-thumbnail","7":"category-people","8":"tag-actu-tv","9":"tag-actualite-tv","10":"tag-buzz-tv","11":"tag-cyril-hanouna","12":"tag-divertissement","13":"tag-entertainment","14":"tag-fr","15":"tag-france","16":"tag-gerard-lanvin","17":"tag-medias","18":"tag-news-tele","19":"tag-news-television","20":"tag-news-tv","21":"tag-people","22":"tag-programme-tele","23":"tag-programme-tv","24":"tag-quiz-tv","25":"tag-tv-actu"},"share_on_mastodon":{"url":"https:\/\/pubeurope.com\/@fr\/114472955748197834","error":""},"_links":{"self":[{"href":"https:\/\/www.europesays.com\/fr\/wp-json\/wp\/v2\/posts\/84719","targetHints":{"allow":["GET"]}}],"collection":[{"href":"https:\/\/www.europesays.com\/fr\/wp-json\/wp\/v2\/posts"}],"about":[{"href":"https:\/\/www.europesays.com\/fr\/wp-json\/wp\/v2\/types\/post"}],"author":[{"embeddable":true,"href":"https:\/\/www.europesays.com\/fr\/wp-json\/wp\/v2\/users\/2"}],"replies":[{"embeddable":true,"href":"https:\/\/www.europesays.com\/fr\/wp-json\/wp\/v2\/comments?post=84719"}],"version-history":[{"count":0,"href":"https:\/\/www.europesays.com\/fr\/wp-json\/wp\/v2\/posts\/84719\/revisions"}],"wp:featuredmedia":[{"embeddable":true,"href":"https:\/\/www.europesays.com\/fr\/wp-json\/wp\/v2\/media\/84720"}],"wp:attachment":[{"href":"https:\/\/www.europesays.com\/fr\/wp-json\/wp\/v2\/media?parent=84719"}],"wp:term":[{"taxonomy":"category","embeddable":true,"href":"https:\/\/www.europesays.com\/fr\/wp-json\/wp\/v2\/categories?post=84719"},{"taxonomy":"post_tag","embeddable":true,"href":"https:\/\/www.europesays.com\/fr\/wp-json\/wp\/v2\/tags?post=84719"}],"curies":[{"name":"wp","href":"https:\/\/api.w.org\/{rel}","templated":true}]}}