{"id":84721,"date":"2025-05-08T15:37:09","date_gmt":"2025-05-08T15:37:09","guid":{"rendered":"https:\/\/www.europesays.com\/fr\/84721\/"},"modified":"2025-05-08T15:37:09","modified_gmt":"2025-05-08T15:37:09","slug":"une-large-collection-de-peintures-realisees-par-bob-dylan-exposee-a-londres","status":"publish","type":"post","link":"https:\/\/www.europesays.com\/fr\/84721\/","title":{"rendered":"Une large collection de peintures r\u00e9alis\u00e9es par Bob Dylan expos\u00e9e \u00e0 Londres"},"content":{"rendered":"<p>Le musicien pr\u00e9sente \u00e0 partir de vendredi une s\u00e9lection de 97 tableaux r\u00e9alis\u00e9s entre 2021 et 2022 \u00e0 l\u2019Halcyon Gallery.<\/p>\n<p class=\"fig-paragraph\">On le conna\u00eet davantage\u00a0<a href=\"http:\/\/www.lefigaro.fr\/musique\/bob-dylan-comme-un-jeune-homme-a-la-seine-musicale-20241025\" data-fig-type=\"Article\" data-gtm-custom-categorie=\"navigation\" data-gtm-custom-action=\"crossclick\" data-gtm-custom-label=\"Contextuel\" data-gtm-event=\"customEventSPE\" data-fig-domain=\"LEFIGARO\" rel=\"nofollow noopener\" target=\"_blank\">pour sa musique<\/a>, voire, pour son\u00a0<a href=\"https:\/\/www.lefigaro.fr\/livres\/2016\/10\/13\/03005-20161013ARTFIG00214-bob-dylan-le-nobel-de-litterature-qu-on-n-attendait-pas.php\" data-fig-type=\"Article\" data-gtm-custom-categorie=\"navigation\" data-gtm-custom-action=\"crossclick\" data-gtm-custom-label=\"Contextuel\" data-gtm-event=\"customEventSPE\" data-fig-domain=\"LEFIGARO\" rel=\"nofollow noopener\" target=\"_blank\">prix Nobel de litt\u00e9rature<\/a>\u00a0(2016). Les plus jeunes ont appris \u00e0 mieux le conna\u00eetre \u00e0 travers le jeu de\u00a0<a href=\"http:\/\/www.lefigaro.fr\/cinema\/timothee-chalamet-ce-serait-bien-qu-une-figure-comme-bob-dylan-surgisse-aujourd-hui-20250117\" data-fig-type=\"Article\" data-gtm-custom-categorie=\"navigation\" data-gtm-custom-action=\"crossclick\" data-gtm-custom-label=\"Contextuel\" data-gtm-event=\"customEventSPE\" data-fig-domain=\"LEFIGARO\" rel=\"nofollow noopener\" target=\"_blank\">Timoth\u00e9e Chalamet<\/a>\u00a0dans\u00a0<a href=\"http:\/\/www.lefigaro.fr\/culture\/notre-critique-d-un-parfait-inconnu-le-biopic-exemplaire-sur-bob-dylan-20250126\" data-fig-type=\"Article\" data-gtm-custom-categorie=\"navigation\" data-gtm-custom-action=\"crossclick\" data-gtm-custom-label=\"Contextuel\" data-gtm-event=\"customEventSPE\" data-fig-domain=\"LEFIGARO\" rel=\"nofollow noopener\" target=\"_blank\">Un parfait inconnu<\/a> . Pourtant, Bob Dylan n\u2019est pas que chanteur et po\u00e8te. Il est aussi\u00a0<a href=\"https:\/\/www.lefigaro.fr\/arts-expositions\/peintures-manuscrits-costumes-de-scene-bob-dylan-expose-sa-legende-dans-l-oklahoma-20190408\" data-fig-type=\"Article\" data-gtm-custom-categorie=\"navigation\" data-gtm-custom-action=\"crossclick\" data-gtm-custom-label=\"Contextuel\" data-gtm-event=\"customEventSPE\" data-fig-domain=\"LEFIGARO\" rel=\"nofollow noopener\" target=\"_blank\">un artiste plastique<\/a>. Ce vendredi 9 mai, le musicien de 83 ans mettra en lumi\u00e8re l\u2019une de ses plus grandes passions, la peinture.<\/p>\n<p class=\"fig-paragraph\">Au total, 97 tableaux (portraits, sc\u00e8nes, objets) r\u00e9alis\u00e9s par ses soins avec une \u00ab\u00a0r\u00e9sonance \u00e9motionnelle\u00a0\u00bb entre 2021 et 2022 seront expos\u00e9s tout au long du mois de mai au c\u0153ur de l\u2019Halcyon Gallery, \u00e0 Londres. \u00ab\u00a0Mon id\u00e9e n\u2019est pas seulement d\u2019observer la condition humaine, mais d\u2019y plonger\u00a0\u00bb, lance Bob Dylan \u00e0 nos confr\u00e8res britanniques du\u00a0<a href=\"https:\/\/www.theguardian.com\/music\/2025\/may\/03\/exhibition-of-original-bob-dylan-paintings-to-open-in-london\" target=\"_blank\" rel=\"nofollow noopener\" data-gtm-custom-categorie=\"navigation\" data-gtm-custom-action=\"crossclick\" data-gtm-custom-label=\"Contextuel\" data-gtm-event=\"customEventSPE\">Guardian<\/a> .<\/p>\n<p class=\"fig-paragraph\">Pour ce faire, l\u2019artiste aux multiples casquettes pr\u00e9sente des \u0153uvres en tout genre\u00a0:\u00a0des personnes jouant d\u2019un instrument, des couples, des sportifs&#8230; Certains dessins d\u00e9crivent aussi des lieux qu\u2019il a fr\u00e9quent\u00e9s. Le tout a \u00e9t\u00e9 pens\u00e9 dans un style riche en couleurs. Le musicien dit vouloir cr\u00e9er \u00ab\u00a0des entit\u00e9s vivantes qui respirent et qui ont une r\u00e9sonance \u00e9motionnelle, des couleurs utilis\u00e9es comme des armes et des facteurs d\u2019ambiance, un moyen de raconter des histoires\u00a0\u00bb.<\/p>\n<p>18 ann\u00e9es de collaboration<\/p>\n<p class=\"fig-paragraph\">Parmi ses \u0153uvres notables, on trouve un miroir refl\u00e9tant un ensemble de l\u00e8vres, un saxophoniste, ou un cow-boy avec un pistolet accroch\u00e9 \u00e0 sa ceinture devant le soleil levant. Le musicien, qui rev\u00eat le costume de peintre lorsqu\u2019il souhaite \u00ab\u00a0se d\u00e9tendre et recentrer son esprit agit\u00e9\u00a0\u00bb pendant ses tourn\u00e9es, dit s\u2019inspirer de la premi\u00e8re p\u00e9riode bleue de\u00a0<a href=\"https:\/\/www.lefigaro.fr\/culture\/encheres\/quand-pablo-picasso-reveillait-vallauris-20210307\" data-fig-type=\"Article\" data-gtm-custom-categorie=\"navigation\" data-gtm-custom-action=\"crossclick\" data-gtm-custom-label=\"Contextuel\" data-gtm-event=\"customEventSPE\" data-fig-domain=\"LEFIGARO\" rel=\"nofollow noopener\" target=\"_blank\">Pablo Picasso<\/a>. Certains de ses dessins s\u2019enchev\u00eatrent, en effet, comme des \u00e9tudes monochromatiques bleues, rouges et neutres.<\/p>\n<blockquote class=\"fig-quote&#10;    \">\n<p class=\"fig-quote__text\">Ce dernier ensemble de peintures donne l\u2019impression d\u2019une connexion plus intime avec l\u2019artiste que toutes ses \u0153uvres pr\u00e9c\u00e9dentes<\/p>\n<p>            Paul Green, pr\u00e9sident et fondateur de la Halcyon Gallery\n    <\/p><\/blockquote>\n<p class=\"fig-paragraph\">Selon Kate Brown, directrice de la cr\u00e9ation chez Halcyon Gallery, les dessins de Bob Dylan \u00ab\u00a0ressemblent \u00e0 des souvenirs, \u00e0 des fen\u00eatres intangibles sur la vie de l\u2019un des plus grands conteurs de tous les temps\u00a0\u00bb.\u00a0<\/p>\n<p class=\"fig-paragraph\">\u00ab\u00a0Ce dernier ensemble de peintures donne l\u2019impression d\u2019une connexion plus intime avec l\u2019artiste que toutes ses \u0153uvres pr\u00e9c\u00e9dentes et c\u2019est un grand privil\u00e8ge de les partager avec le public pour la premi\u00e8re fois\u00a0\u00bb, a quant \u00e0 lui d\u00e9clar\u00e9 au Guardian le pr\u00e9sident et fondateur de la galerie d\u2019art, Paul Green. Il rappelle que le musicien a commenc\u00e9 \u00e0 collaborer avec la soci\u00e9t\u00e9 originaire de Birmingham il y a plus de 18 ans. \u00ab\u00a0Cela a \u00e9t\u00e9 une exp\u00e9rience extraordinaire de voir cette ic\u00f4ne culturelle devenir un artiste visuel aussi important et v\u00e9n\u00e9r\u00e9 par la critique\u00a0\u00bb, se r\u00e9jouit-il.<\/p>\n<p class=\"fig-body-link\">\n            \u00c0 lire aussi<br \/>\n        <a class=\"fig-body-link__link fig-premium-mark\" href=\"http:\/\/www.lefigaro.fr\/cinema\/timothee-chalamet-qui-chante-et-dylan-qui-applaudit-un-parfait-inconnu-les-coulisses-d-un-film-tres-attendu-20250126\" data-fig-type=\"Article\" data-gtm-custom-categorie=\"navigation\" data-gtm-custom-action=\"crossclick\" data-gtm-custom-label=\"Contextuel\" data-gtm-event=\"customEventSPE\" data-fig-domain=\"LEFIGARO\" rel=\"nofollow noopener\" target=\"_blank\">Timoth\u00e9e Chalamet qui chante et Bob Dylan qui applaudit: Un parfait inconnu, les coulisses d\u2019un film tr\u00e8s attendu<br \/>\n    <\/a>\n<\/p>\n<p class=\"fig-paragraph\">Il y a trois ans, la Halcyon Gallery avait expos\u00e9 la s\u00e9rie Drawn Blank de Bob Dylan au\u00a0<a href=\"https:\/\/www.lefigaro.fr\/arts-expositions\/exposition-au-chateau-la-coste-les-stars-se-revelent-dans-l-objectif-d-anton-corbijn-20230723\" data-fig-type=\"Article\" data-gtm-custom-categorie=\"navigation\" data-gtm-custom-action=\"crossclick\" data-gtm-custom-label=\"Contextuel\" data-gtm-event=\"customEventSPE\" data-fig-domain=\"LEFIGARO\" rel=\"nofollow noopener\" target=\"_blank\">Ch\u00e2teau La Coste<\/a>, \u00e0 Aix-en-Provence. Il s\u2019agissait alors de la premi\u00e8re exposition en France de l\u2019artiste. Intitul\u00e9e Drawn Blank in Provence, elle comprenait des dessins au graphite r\u00e9alis\u00e9s lors de ses voyages entre l\u2019Europe, l\u2019Asie et les \u00c9tats-Unis de 1989 \u00e0 1992, puis retravaill\u00e9s \u00e0 la peinture.<\/p>\n","protected":false},"excerpt":{"rendered":"Le musicien pr\u00e9sente \u00e0 partir de vendredi une s\u00e9lection de 97 tableaux r\u00e9alis\u00e9s entre 2021 et 2022 \u00e0&hellip;\n","protected":false},"author":2,"featured_media":84722,"comment_status":"","ping_status":"","sticky":false,"template":"","format":"standard","meta":{"footnotes":""},"categories":[1358],"tags":[1348,1384,1385,19366,1386,58,59,2087,3293,1349,638,10449,1011,27,4463,9692,4534,7107,626,510],"class_list":{"0":"post-84721","1":"post","2":"type-post","3":"status-publish","4":"format-standard","5":"has-post-thumbnail","7":"category-arts-et-design","8":"tag-arts","9":"tag-arts-and-design","10":"tag-arts-et-design","11":"tag-bob-dylan","12":"tag-design","13":"tag-divertissement","14":"tag-entertainment","15":"tag-evenement","16":"tag-exposition","17":"tag-expositions","18":"tag-figaro","19":"tag-figaroscope","20":"tag-fr","21":"tag-france","22":"tag-guide","23":"tag-lieux","24":"tag-londres","25":"tag-musees","26":"tag-paris","27":"tag-visite"},"share_on_mastodon":{"url":"https:\/\/pubeurope.com\/@fr\/114472959626284375","error":""},"_links":{"self":[{"href":"https:\/\/www.europesays.com\/fr\/wp-json\/wp\/v2\/posts\/84721","targetHints":{"allow":["GET"]}}],"collection":[{"href":"https:\/\/www.europesays.com\/fr\/wp-json\/wp\/v2\/posts"}],"about":[{"href":"https:\/\/www.europesays.com\/fr\/wp-json\/wp\/v2\/types\/post"}],"author":[{"embeddable":true,"href":"https:\/\/www.europesays.com\/fr\/wp-json\/wp\/v2\/users\/2"}],"replies":[{"embeddable":true,"href":"https:\/\/www.europesays.com\/fr\/wp-json\/wp\/v2\/comments?post=84721"}],"version-history":[{"count":0,"href":"https:\/\/www.europesays.com\/fr\/wp-json\/wp\/v2\/posts\/84721\/revisions"}],"wp:featuredmedia":[{"embeddable":true,"href":"https:\/\/www.europesays.com\/fr\/wp-json\/wp\/v2\/media\/84722"}],"wp:attachment":[{"href":"https:\/\/www.europesays.com\/fr\/wp-json\/wp\/v2\/media?parent=84721"}],"wp:term":[{"taxonomy":"category","embeddable":true,"href":"https:\/\/www.europesays.com\/fr\/wp-json\/wp\/v2\/categories?post=84721"},{"taxonomy":"post_tag","embeddable":true,"href":"https:\/\/www.europesays.com\/fr\/wp-json\/wp\/v2\/tags?post=84721"}],"curies":[{"name":"wp","href":"https:\/\/api.w.org\/{rel}","templated":true}]}}