{"id":84738,"date":"2025-05-08T15:47:09","date_gmt":"2025-05-08T15:47:09","guid":{"rendered":"https:\/\/www.europesays.com\/fr\/84738\/"},"modified":"2025-05-08T15:47:09","modified_gmt":"2025-05-08T15:47:09","slug":"lappellation-extremiste-de-droite-visant-lafd-levee-provisoirement","status":"publish","type":"post","link":"https:\/\/www.europesays.com\/fr\/84738\/","title":{"rendered":"l&rsquo;appellation \u00abextr\u00e9miste de droite\u00bb visant l&rsquo;AfD lev\u00e9e provisoirement"},"content":{"rendered":"<p>                             Par Le Figaro avec AFP<\/p>\n<p>                Il y a 48 minutes<\/p>\n<p>\u00a0\u00bb<br \/>\n        data-script=\u00a0\u00bbhttps:\/\/static.lefigaro.fr\/widget-video\/short-ttl\/video\/index.js\u00a0\u00bb<br \/>\n    &gt;<\/p>\n<p>Cette suspension vaudra jusqu\u2019\u00e0 ce que le tribunal administratif de Cologne se prononce sur le r\u00e9f\u00e9r\u00e9 d\u00e9pos\u00e9 par l\u2019AfD, qui conteste la d\u00e9cision des services du renseignement int\u00e9rieur, a indiqu\u00e9 le tribunal dans un communiqu\u00e9.<\/p>\n<p class=\"fig-paragraph\">Le renseignement int\u00e9rieur allemand a suspendu jeudi provisoirement son classement de l&rsquo;<a href=\"http:\/\/www.lefigaro.fr\/international\/apres-son-classement-comme-parti-d-extreme-droite-l-afd-peut-etre-espionne-par-le-renseignement-federal-allemand-20250502\" target=\"_blank\" data-fig-type=\"Article\" rel=\"noopener nofollow\" data-gtm-custom-categorie=\"navigation\" data-gtm-custom-action=\"crossclick\" data-gtm-custom-label=\"Contextuel\" data-gtm-event=\"customEventSPE\" data-fig-domain=\"LEFIGARO\">Alternative pour l&rsquo;Allemagne<\/a>\u00a0(AfD) en tant que groupe \u00abextr\u00e9miste de droite av\u00e9r\u00e9\u00bb, en attendant que la justice, saisie d&rsquo;un recours par le parti, rende sa d\u00e9cision. Cette suspension vaudra jusqu&rsquo;\u00e0 ce que le tribunal administratif de Cologne se prononce sur le r\u00e9f\u00e9r\u00e9 d\u00e9pos\u00e9 par l&rsquo;AfD, qui conteste la d\u00e9cision des services du renseignement int\u00e9rieur (BfV), a indiqu\u00e9 le tribunal dans un communiqu\u00e9. La date de cette d\u00e9cision n&rsquo;est pas connue.<\/p>\n<p class=\"fig-paragraph\">Cons\u00e9quences pratiques, le BfV va retirer de son site le communiqu\u00e9 de presse du 2 mai concernant cette classification, et la surveillance polici\u00e8re accrue du parti, permise par cette \u00e9valuation, ne peut pas \u00eatre mise en place \u00e0 ce stade.<\/p>\n<p>Vives tensions politiques<\/p>\n<p class=\"fig-paragraph\">L&rsquo;annonce vendredi dernier de cette nouvelle cat\u00e9gorisation du parti, arriv\u00e9 en seconde position des \u00e9lections l\u00e9gislatives, avait fait l&rsquo;effet d&rsquo;une bombe, quelques jours avant l&rsquo;investiture du nouveau chancelier allemand Friedrich Merz. La d\u00e9cision a aussi provoqu\u00e9 de vives tensions politiques, notamment dans les relations avec l&rsquo;administration Trump, qui a pris fait et cause pour l&rsquo;AfD.<\/p>\n<p class=\"fig-paragraph\">Pour leur \u00e9valuation, les services de renseignement se sont fond\u00e9s sur un rapport interne de plus de 1000 pages r\u00e9alis\u00e9 sur plusieurs ann\u00e9es. Il conclut notamment que l&rsquo;id\u00e9ologie de l&rsquo;AfD \u00abd\u00e9valorise des groupes entiers de la population en Allemagne et porte atteinte \u00e0 leur dignit\u00e9 humaine\u00bb, ce qui n&rsquo;est \u00abpas compatible avec l&rsquo;ordre d\u00e9mocratique fondamental\u00bb. Cette r\u00e9\u00e9valuation a \u00e9galement relanc\u00e9 le d\u00e9bat sur un \u00e9ventuel processus d&rsquo;interdiction du parti cr\u00e9\u00e9 en 2013.<\/p>\n<p class=\"fig-paragraph\">Le m\u00eame tribunal de Cologne, o\u00f9 si\u00e8ge le BfV, avait d\u00e9j\u00e0 valid\u00e9 en 2022 la d\u00e9cision initiale de cet office de classer le parti AfD comme un cas suspect d&rsquo;extr\u00e9misme. Les copr\u00e9sidents de l&rsquo;AfD, Tino Chrupalla et Alice Weidel, ont qualifi\u00e9 jeudi la suspension provisoire de \u00abvictoire partielle contre les services\u00bb de renseignement.<\/p>\n","protected":false},"excerpt":{"rendered":"Par Le Figaro avec AFP Il y a 48 minutes \u00a0\u00bb data-script=\u00a0\u00bbhttps:\/\/static.lefigaro.fr\/widget-video\/short-ttl\/video\/index.js\u00a0\u00bb &gt; Cette suspension vaudra jusqu\u2019\u00e0 ce&hellip;\n","protected":false},"author":2,"featured_media":84739,"comment_status":"","ping_status":"","sticky":false,"template":"","format":"standard","meta":{"footnotes":""},"categories":[5],"tags":[259,11,260,672,1011,27,14,261,12,262,28],"class_list":{"0":"post-84738","1":"post","2":"type-post","3":"status-publish","4":"format-standard","5":"has-post-thumbnail","7":"category-international","8":"tag-actualite-internationale","9":"tag-actualites","10":"tag-affaires-etrangeres","11":"tag-allemagne","12":"tag-fr","13":"tag-france","14":"tag-international","15":"tag-ministere-des-affaires-etrangeres","16":"tag-news","17":"tag-politique-etrangere","18":"tag-world"},"share_on_mastodon":{"url":"https:\/\/pubeurope.com\/@fr\/114472998866051758","error":""},"_links":{"self":[{"href":"https:\/\/www.europesays.com\/fr\/wp-json\/wp\/v2\/posts\/84738","targetHints":{"allow":["GET"]}}],"collection":[{"href":"https:\/\/www.europesays.com\/fr\/wp-json\/wp\/v2\/posts"}],"about":[{"href":"https:\/\/www.europesays.com\/fr\/wp-json\/wp\/v2\/types\/post"}],"author":[{"embeddable":true,"href":"https:\/\/www.europesays.com\/fr\/wp-json\/wp\/v2\/users\/2"}],"replies":[{"embeddable":true,"href":"https:\/\/www.europesays.com\/fr\/wp-json\/wp\/v2\/comments?post=84738"}],"version-history":[{"count":0,"href":"https:\/\/www.europesays.com\/fr\/wp-json\/wp\/v2\/posts\/84738\/revisions"}],"wp:featuredmedia":[{"embeddable":true,"href":"https:\/\/www.europesays.com\/fr\/wp-json\/wp\/v2\/media\/84739"}],"wp:attachment":[{"href":"https:\/\/www.europesays.com\/fr\/wp-json\/wp\/v2\/media?parent=84738"}],"wp:term":[{"taxonomy":"category","embeddable":true,"href":"https:\/\/www.europesays.com\/fr\/wp-json\/wp\/v2\/categories?post=84738"},{"taxonomy":"post_tag","embeddable":true,"href":"https:\/\/www.europesays.com\/fr\/wp-json\/wp\/v2\/tags?post=84738"}],"curies":[{"name":"wp","href":"https:\/\/api.w.org\/{rel}","templated":true}]}}