{"id":84740,"date":"2025-05-08T15:48:10","date_gmt":"2025-05-08T15:48:10","guid":{"rendered":"https:\/\/www.europesays.com\/fr\/84740\/"},"modified":"2025-05-08T15:48:10","modified_gmt":"2025-05-08T15:48:10","slug":"disparition-deva-16-ans-a-nice-en-pleurs-sa-mere-livre-un-temoignage-dechirant","status":"publish","type":"post","link":"https:\/\/www.europesays.com\/fr\/84740\/","title":{"rendered":"Disparition d&rsquo;Eva, 16 ans, \u00e0 Nice : en pleurs, sa m\u00e8re livre un t\u00e9moignage d\u00e9chirant"},"content":{"rendered":"<p>      R\u00e9sum\u00e9<\/p>\n<p>La m\u00e8re de la jeune Eva, disparue \u00e0 Nice le 1er mai, partage un t\u00e9moignage poignant sur l&rsquo;antenne de BFM TV esp\u00e9rant le retour au plus vite de sa fille.<\/p>\n<p>        Sommaire<\/p>\n<p>Il y a une semaine, jour pour jour, Eva se trouvait place Garibaldi <strong>\u00e0 Nice<\/strong> dans les Alpes-Maritimes. C&rsquo;\u00e9tait <strong>le 1er mai. <\/strong>Depuis ce jour, \u00e0 11h15, plus rien. <strong><a href=\"https:\/\/www.public.fr\/arnaud-riverain-premiers-baisers-grosse-inquietude-sa-fille-de-16-ans-a-disparu-depuis-le-1er-mai\" target=\"_blank\" rel=\"noopener\">L&rsquo;adolescente est introuvable<\/a><\/strong> et n&rsquo;a plus donn\u00e9 signe de vie plongeant ses parents, ses proches, ses amis dans une inqui\u00e9tude immense. A-t-elle d\u00e9cid\u00e9 de partir d&rsquo;elle-m\u00eame ? Est-ce une fugue ? A-t-elle \u00e9t\u00e9 <strong>victime d&rsquo;une mauvaise rencontre <\/strong>dans la rue ou sur les r\u00e9seaux sociaux ? \u00c0 ce stade, <strong>aucune piste n&rsquo;est \u00e9cart\u00e9e<\/strong> par les enqu\u00eateurs.<\/p>\n<p>Sa disparition a tr\u00e8s vite \u00e9t\u00e9 relay\u00e9e par les r\u00e9seaux sociaux car <strong>son p\u00e8re a publi\u00e9 un message bouleversant sur Facebook<\/strong>. Ce dernier n&rsquo;est pas un inconnu. En effet, le papa d&rsquo;Eva n&rsquo;est autre qu&rsquo;Arnaud Riverain, un <strong>ancien com\u00e9dien de la <a href=\"https:\/\/www.public.fr\/diaporamas\/photos-anthony-dupray-le-beau-gosse-de-premiers-baisers-s-est-marie\" target=\"_blank\" rel=\"noopener\">s\u00e9rie culte des ann\u00e9es 1990<\/a> \u00ab\u00a0Premiers baisers\u00a0\u00bb<\/strong>. \u201cMa fille Eva a disparu de Nice jeudi 1\u1d49\u02b3 mai et pourrait \u00eatre \u00e0 Toulon. La police a lanc\u00e9 des recherches actives, mais <strong>tout renseignement, m\u00eame minime, ne pourra que nous aider \u00e0 la retrouver<\/strong>\u201d a \u00e9crit l&rsquo;acteur.<\/p>\n<p>De son c\u00f4t\u00e9, sa m\u00e8re est rest\u00e9e <strong>discr\u00e8te dans un premier temps<\/strong> mais les jours passant, cette derni\u00e8re a d\u00e9cid\u00e9 de prendre la parole \u00e0 visage masqu\u00e9 livrant des <strong>informations cruciales<\/strong> pour le bon d\u00e9roul\u00e9 de l&rsquo;enqu\u00eate. Par ailleurs, elle a aussi <strong>cri\u00e9 tout son amour \u00e0 sa fille la suppliant de revenir au plus vite<\/strong> \u00e0 la maison.<\/p>\n<p>Disparition d&rsquo;Eva : les r\u00e9seaux sociaux en cause ?<\/p>\n<p>Lors de sa disparition, Eva a <strong>d\u00e9sactiv\u00e9 ses r\u00e9seaux sociaux et son portable est d\u00e9sormais \u00e9teint<\/strong>. \u00ab\u00a0C&rsquo;\u00e9tait une enfant toujours extr\u00eamement souriante. C&rsquo;est ma poup\u00e9e, c&rsquo;est ma raison de vivre\u00a0\u00bb a confi\u00e9 Caroline, sa m\u00e8re, \u00e0 nos confr\u00e8res de <a href=\"https:\/\/www.google.com\/url?sa=t&amp;source=web&amp;rct=j&amp;opi=89978449&amp;url=https:\/\/vsd.fr\/79653-sonia-mabrouk-devrait-quitter-cnews-pour-bfmtv-apolline-de-malherbe-viree\/&amp;ved=2ahUKEwiai4GA1pONAxWEdqQEHZi-FIsQFnoECCkQAQ&amp;usg=AOvVaw1Md8tlL2Jgea99Fybc5HRN\" target=\"_blank\" rel=\"noopener\">BFM TV<\/a> avant de lancer un appel. \u00ab\u00a0<strong>On t\u2019attend tous impatiemment, on attend ton retour<\/strong>. La vie est pr\u00e8s de ceux qui t\u2019aiment. S\u2019il te pla\u00eet, ne laisse jamais personne te faire croire le contraire. Reviens-nous vite\u00a0\u00bb, a-t-elle ajout\u00e9 la voix tremblante.<\/p>\n<p>Dans ce reportage, la cha\u00eene pr\u00e9cise que m\u00e8re et fille ont <strong>toujours \u00e9t\u00e9 extr\u00eamement proches<\/strong> mais, suite \u00e0 la pand\u00e9mie de Covid-19 et au confinement,<strong> leur relation s&rsquo;est un peu d\u00e9grad\u00e9e<\/strong>. La jeune femme s&rsquo;est r\u00e9fugi\u00e9e sur les r\u00e9seaux sociaux. Pour l&rsquo;Assistance et Recherche de Personnes Disparues (ARPD), association venue en aide \u00e0 la famille, <strong>les r\u00e9seaux sociaux et une potentielle mauvaise rencontre en ligne pourraient \u00eatre li\u00e9s \u00e0 sa disparition<\/strong>. <\/p>\n<p>Sa m\u00e8re pense qu\u2019elle pourrait se trouver actuellement <strong>dans le secteur de Toulon<\/strong>, dans le Var. Pour information, <strong>Eva mesure 1m80<\/strong>. Elle a les <strong>cheveux ch\u00e2tains<\/strong> avec des reflets auburn, les <strong>yeux bleus<\/strong> et la peau l\u00e9g\u00e8rement bronz\u00e9e. Si vous pensez l\u2019avoir aper\u00e7ue, ou si vous disposez d\u2019une information, contactez imm\u00e9diatement la police en composant le 17.<\/p>\n<p>      Mentionn\u00e9s dans cet article<\/p>\n<p>\u00c0 lire aussi<\/p>\n","protected":false},"excerpt":{"rendered":"R\u00e9sum\u00e9 La m\u00e8re de la jeune Eva, disparue \u00e0 Nice le 1er mai, partage un t\u00e9moignage poignant sur&hellip;\n","protected":false},"author":2,"featured_media":84741,"comment_status":"","ping_status":"","sticky":false,"template":"","format":"standard","meta":{"footnotes":""},"categories":[4],"tags":[11,2715,1011,27,5875,197,12,19379,25,17398],"class_list":{"0":"post-84740","1":"post","2":"type-post","3":"status-publish","4":"format-standard","5":"has-post-thumbnail","7":"category-france","8":"tag-actualites","9":"tag-disparition","10":"tag-fr","11":"tag-france","12":"tag-mere","13":"tag-mere-et-fille","14":"tag-news","15":"tag-premiers-baisers","16":"tag-republique-francaise","17":"tag-serie-televisee"},"share_on_mastodon":{"url":"https:\/\/pubeurope.com\/@fr\/114473003049222207","error":""},"_links":{"self":[{"href":"https:\/\/www.europesays.com\/fr\/wp-json\/wp\/v2\/posts\/84740","targetHints":{"allow":["GET"]}}],"collection":[{"href":"https:\/\/www.europesays.com\/fr\/wp-json\/wp\/v2\/posts"}],"about":[{"href":"https:\/\/www.europesays.com\/fr\/wp-json\/wp\/v2\/types\/post"}],"author":[{"embeddable":true,"href":"https:\/\/www.europesays.com\/fr\/wp-json\/wp\/v2\/users\/2"}],"replies":[{"embeddable":true,"href":"https:\/\/www.europesays.com\/fr\/wp-json\/wp\/v2\/comments?post=84740"}],"version-history":[{"count":0,"href":"https:\/\/www.europesays.com\/fr\/wp-json\/wp\/v2\/posts\/84740\/revisions"}],"wp:featuredmedia":[{"embeddable":true,"href":"https:\/\/www.europesays.com\/fr\/wp-json\/wp\/v2\/media\/84741"}],"wp:attachment":[{"href":"https:\/\/www.europesays.com\/fr\/wp-json\/wp\/v2\/media?parent=84740"}],"wp:term":[{"taxonomy":"category","embeddable":true,"href":"https:\/\/www.europesays.com\/fr\/wp-json\/wp\/v2\/categories?post=84740"},{"taxonomy":"post_tag","embeddable":true,"href":"https:\/\/www.europesays.com\/fr\/wp-json\/wp\/v2\/tags?post=84740"}],"curies":[{"name":"wp","href":"https:\/\/api.w.org\/{rel}","templated":true}]}}