{"id":84765,"date":"2025-05-08T16:01:12","date_gmt":"2025-05-08T16:01:12","guid":{"rendered":"https:\/\/www.europesays.com\/fr\/84765\/"},"modified":"2025-05-08T16:01:12","modified_gmt":"2025-05-08T16:01:12","slug":"sasha-djigaouri-debarque-a-briancon","status":"publish","type":"post","link":"https:\/\/www.europesays.com\/fr\/84765\/","title":{"rendered":"Sasha Djigaouri d\u00e9barque \u00e0 Brian\u00e7on"},"content":{"rendered":"<p>N\u00e9 \u00e0 Saint-Martin-d\u2019H\u00e8res, form\u00e9 \u00e0 Grenoble avec qui il a fait ses premiers pas en Ligue Magnus en 2022, <a href=\"https:\/\/www.ledauphine.com\/sport\/2025\/04\/09\/les-premiers-mouvements-debutent-en-ligue-magnus-marseille-libere-deux-anciens-bruleurs-de-loups\" target=\"_blank\" rel=\"noopener\">Sasha Djigaouri<\/a> , d\u00e9fenseur \u00e2g\u00e9 de 22 ans (1m89, 90\u00a0kg), arrive \u00e0 Brian\u00e7on en provenance de Marseille, o\u00f9 il a disput\u00e9 les deux derni\u00e8res saisons de Ligue Magnus avec un total de 10 points \u00e0 la cl\u00e9.<\/p>\n<p>Ce contenu est bloqu\u00e9 car vous n&rsquo;avez pas accept\u00e9 les cookies et autres traceurs.<\/p>\n<p>En cliquant sur \u00ab J\u2019accepte \u00bb, les cookies et autres traceurs seront d\u00e9pos\u00e9s et vous pourrez visualiser les contenus  (<a href=\"\" class=\"consentModule_policy\" target=\"_blank\" title=\"Consulter la politique de protection des donn\u00e9es du fournisseur\">plus d&rsquo;informations<\/a>).<\/p>\n<p>En cliquant sur \u00ab J\u2019accepte tous les cookies \u00bb, vous autorisez des d\u00e9p\u00f4ts de cookies et autres traceurs pour le stockage de vos donn\u00e9es sur nos sites et applications \u00e0 des fins de personnalisation et de ciblage publicitaire.<\/p>\n<p class=\"consentModule_secondaryText\">Vous gardez la possibilit\u00e9 de retirer votre consentement \u00e0 tout moment en consultant notre <a href=\"https:\/\/www.ledauphine.com\/protection-des-donnees\" target=\"_blank\" title=\"Consulter notre politique de protection des donn\u00e9es\" rel=\"noopener\">politique de protection des donn\u00e9es<\/a>. <br \/>&#13;<br \/>\n            <a href=\"https:\/\/www.ledauphine.com\/sport\/2025\/05\/08\/javascript:Didomi.notice.show()\" class=\"consentModule_cmp\" target=\"_blank\" rel=\"noopener\">G\u00e9rer mes choix<\/a>&#13;\n        <\/p>\n<p>&#13;<br \/>\n                        J&rsquo;accepte&#13;<br \/>\n            J&rsquo;accepte tous les cookies&#13;\n        <\/p>\n<p>Joueur de Chamb\u00e9ry, en Division 1, lorsque Pierre Bergeron en \u00e9tait l\u2019entra\u00eeneur lors de la saison 2022-2023, Djigaouri va vivre dans les Hautes-Alpes une nouvelle aventure.<\/p>\n<p>Il s\u2019agit de la premi\u00e8re recrue officielle de Brian\u00e7on depuis la fin de la saison 2024-2025, qui a vu l\u2019\u00e9quipe haut-alpine terminer en t\u00eate de la poule de maintien apr\u00e8s avoir \u00e9chou\u00e9 aux portes des play-offs. Une \u00e9quipe de Brian\u00e7on compos\u00e9e officiellement \u00e0 ce jour de 8 joueurs, alors que 7 ne poursuivront pas l\u2019aventure la saison prochaine.<\/p>\n","protected":false},"excerpt":{"rendered":"N\u00e9 \u00e0 Saint-Martin-d\u2019H\u00e8res, form\u00e9 \u00e0 Grenoble avec qui il a fait ses premiers pas en Ligue Magnus en&hellip;\n","protected":false},"author":2,"featured_media":84766,"comment_status":"","ping_status":"","sticky":false,"template":"","format":"standard","meta":{"footnotes":""},"categories":[9566],"tags":[1111,11,2430,12923,19384,4521,1777,674,1011,27,2731,881,4133,19383,10146,12,25,517],"class_list":{"0":"post-84765","1":"post","2":"type-post","3":"status-publish","4":"format-standard","5":"has-post-thumbnail","7":"category-grenoble","8":"tag-actu","9":"tag-actualites","10":"tag-auvergne-rhone-alpes","11":"tag-briancon","12":"tag-briancon-bassin","13":"tag-edition-hautes-alpes-alpes-de-haute-provence","14":"tag-eu","15":"tag-europe","16":"tag-fr","17":"tag-france","18":"tag-grenoble","19":"tag-hautes-alpes","20":"tag-hockey-sur-glace","21":"tag-hockey-sur-glace-briancon","22":"tag-ligue-magnus-hockey-sur-glace","23":"tag-news","24":"tag-republique-francaise","25":"tag-sport"},"share_on_mastodon":{"url":"https:\/\/pubeurope.com\/@fr\/114473053997821690","error":""},"_links":{"self":[{"href":"https:\/\/www.europesays.com\/fr\/wp-json\/wp\/v2\/posts\/84765","targetHints":{"allow":["GET"]}}],"collection":[{"href":"https:\/\/www.europesays.com\/fr\/wp-json\/wp\/v2\/posts"}],"about":[{"href":"https:\/\/www.europesays.com\/fr\/wp-json\/wp\/v2\/types\/post"}],"author":[{"embeddable":true,"href":"https:\/\/www.europesays.com\/fr\/wp-json\/wp\/v2\/users\/2"}],"replies":[{"embeddable":true,"href":"https:\/\/www.europesays.com\/fr\/wp-json\/wp\/v2\/comments?post=84765"}],"version-history":[{"count":0,"href":"https:\/\/www.europesays.com\/fr\/wp-json\/wp\/v2\/posts\/84765\/revisions"}],"wp:featuredmedia":[{"embeddable":true,"href":"https:\/\/www.europesays.com\/fr\/wp-json\/wp\/v2\/media\/84766"}],"wp:attachment":[{"href":"https:\/\/www.europesays.com\/fr\/wp-json\/wp\/v2\/media?parent=84765"}],"wp:term":[{"taxonomy":"category","embeddable":true,"href":"https:\/\/www.europesays.com\/fr\/wp-json\/wp\/v2\/categories?post=84765"},{"taxonomy":"post_tag","embeddable":true,"href":"https:\/\/www.europesays.com\/fr\/wp-json\/wp\/v2\/tags?post=84765"}],"curies":[{"name":"wp","href":"https:\/\/api.w.org\/{rel}","templated":true}]}}