{"id":84780,"date":"2025-05-08T16:09:19","date_gmt":"2025-05-08T16:09:19","guid":{"rendered":"https:\/\/www.europesays.com\/fr\/84780\/"},"modified":"2025-05-08T16:09:19","modified_gmt":"2025-05-08T16:09:19","slug":"fc-nantes-antoine-kombouare-sur-la-mise-au-vert-avant-auxerre-je-ne-prepare-pas-ca-comme-un-stage-commando","status":"publish","type":"post","link":"https:\/\/www.europesays.com\/fr\/84780\/","title":{"rendered":"FC Nantes &#8211; Antoine Kombouar\u00e9 sur la mise au vert avant Auxerre : \u00ab Je ne pr\u00e9pare pas \u00e7a comme un stage commando \u00bb"},"content":{"rendered":"<p style=\"text-align: justify;\">En qu\u00eate d\u2019une victoire depuis le 4 avril dernier et redescendu \u00e0 la 15e place de <strong>Ligue 1<\/strong>, le <strong>FC Nantes<\/strong> serait bien inspir\u00e9 de s\u2019imposer au cours des deux prochaines semaines. Les Canaris sont en effet dangereusement menac\u00e9s par la zone rouge, et ne comptent plus qu\u2019une longueur d\u2019avance sur une \u00e9quipe du HAC (16e) forte de son succ\u00e8s contre Auxerre (1-2) le week-end pass\u00e9.<\/p>\n<p style=\"text-align: justify;\">L\u2019heure est donc \u00e0 la solidarit\u00e9 et au combat, mais pas au stage commando selon <strong>Antoine Kombouar\u00e9<\/strong>. Pr\u00e9sent en conf\u00e9rence de presse en amont du d\u00e9placement \u00e0 l\u2019Abb\u00e9-Deschamps, le coach du FCN mesure l\u2019importance des duels \u00e0 venir, \u00e0 l\u2019image de la mise au vert organis\u00e9e par le club afin de mieux pr\u00e9parer sa 33e journ\u00e9e de championnat. Mais il est \u00e9galement conscient que rien n\u2019est perdu, et que ses hommes ont encore leur destin entre les mains.<\/p>\n<p>\u00c0 lire aussi &gt;&gt;\u00a0<a href=\"https:\/\/maligue2.fr\/2025\/05\/06\/fc-nantes-les-canaris-en-mise-au-vert-avant-auxerre\/\" target=\"_blank\" rel=\"noopener\">FC Nantes \u2013 Les Canaris en mise au vert avant Auxerre<\/a><\/p>\n<\/p>\n<p style=\"text-align: justify;\">\u00ab C\u2019est un match important, comme l\u2019ont \u00e9t\u00e9 les matchs pr\u00e9c\u00e9dents contre Toulouse, contre Angers. Mais ce n\u2019est pas un match \u00e0 la vie \u00e0 la mort, parce qu\u2019il y en a un autre que l\u2019on jouera samedi prochain avec la r\u00e9ception de Montpellier [\u2026] Vous appelez \u00e7a comme vous voulez. Moi <strong>je ne pr\u00e9pare pas \u00e7a comme un stage commando<\/strong>. Pour moi c\u2019est une mise au vert, mais qu\u2019on anticipe un peu plus. D\u2019habitude les mises au vert sont sur un jour, l\u00e0 on en fait une sur deux jours. D\u2019ailleurs je vais amener un groupe restreint, compos\u00e9 de joueurs concern\u00e9s par le match de samedi. \u00bb<\/p>\n<p>Source : <a href=\"https:\/\/www.youtube.com\/watch?v=AwYlAHUFCYI&amp;ab_channel=FCNantes\" target=\"_blank\" rel=\"noopener\">Cha\u00eene YouTube officielle du FC Nantes\u00a0<\/a><\/p>\n<p>Photo Anthony Dibon\/Icon Sport<\/p>\n","protected":false},"excerpt":{"rendered":"En qu\u00eate d\u2019une victoire depuis le 4 avril dernier et redescendu \u00e0 la 15e place de Ligue 1,&hellip;\n","protected":false},"author":2,"featured_media":40937,"comment_status":"","ping_status":"","sticky":false,"template":"","format":"standard","meta":{"footnotes":""},"categories":[2818],"tags":[1111,11,2943,1777,674,1011,27,766,12,2636,25],"class_list":{"0":"post-84780","1":"post","2":"type-post","3":"status-publish","4":"format-standard","5":"has-post-thumbnail","7":"category-nantes","8":"tag-actu","9":"tag-actualites","10":"tag-antoine-kombouare","11":"tag-eu","12":"tag-europe","13":"tag-fr","14":"tag-france","15":"tag-nantes","16":"tag-news","17":"tag-pays-de-la-loire","18":"tag-republique-francaise"},"share_on_mastodon":{"url":"https:\/\/pubeurope.com\/@fr\/114473085558108785","error":""},"_links":{"self":[{"href":"https:\/\/www.europesays.com\/fr\/wp-json\/wp\/v2\/posts\/84780","targetHints":{"allow":["GET"]}}],"collection":[{"href":"https:\/\/www.europesays.com\/fr\/wp-json\/wp\/v2\/posts"}],"about":[{"href":"https:\/\/www.europesays.com\/fr\/wp-json\/wp\/v2\/types\/post"}],"author":[{"embeddable":true,"href":"https:\/\/www.europesays.com\/fr\/wp-json\/wp\/v2\/users\/2"}],"replies":[{"embeddable":true,"href":"https:\/\/www.europesays.com\/fr\/wp-json\/wp\/v2\/comments?post=84780"}],"version-history":[{"count":0,"href":"https:\/\/www.europesays.com\/fr\/wp-json\/wp\/v2\/posts\/84780\/revisions"}],"wp:featuredmedia":[{"embeddable":true,"href":"https:\/\/www.europesays.com\/fr\/wp-json\/wp\/v2\/media\/40937"}],"wp:attachment":[{"href":"https:\/\/www.europesays.com\/fr\/wp-json\/wp\/v2\/media?parent=84780"}],"wp:term":[{"taxonomy":"category","embeddable":true,"href":"https:\/\/www.europesays.com\/fr\/wp-json\/wp\/v2\/categories?post=84780"},{"taxonomy":"post_tag","embeddable":true,"href":"https:\/\/www.europesays.com\/fr\/wp-json\/wp\/v2\/tags?post=84780"}],"curies":[{"name":"wp","href":"https:\/\/api.w.org\/{rel}","templated":true}]}}