{"id":847973,"date":"2026-04-04T23:42:29","date_gmt":"2026-04-04T23:42:29","guid":{"rendered":"https:\/\/www.europesays.com\/fr\/847973\/"},"modified":"2026-04-04T23:42:29","modified_gmt":"2026-04-04T23:42:29","slug":"ligue-1-rennes-remporte-un-derby-fou-et-se-replace-pour-leurope","status":"publish","type":"post","link":"https:\/\/www.europesays.com\/fr\/847973\/","title":{"rendered":"Ligue 1: Rennes remporte un derby fou et se replace pour l&rsquo;Europe"},"content":{"rendered":"<p class=\"mb-4 text-lg md:leading-8 break-words\">Au terme d&rsquo;un match qu&rsquo;il s&rsquo;est rendu difficile par ses errements d\u00e9fensifs, Rennes a arrach\u00e9 un succ\u00e8s extr\u00eamement pr\u00e9cieux (4-3) dans le derby, \u00e0 Brest, samedi, lors de la 28e journ\u00e9e de Ligue 1.<\/p>\n<p class=\"mb-4 text-lg md:leading-8 break-words\">Avec ce succ\u00e8s, Rennes grimpe provisoirement \u00e0 la 6e place, \u00e0 \u00e9galit\u00e9 de points (47) avec Lyon (5e), qui joue \u00e0 Angers dimanche. Les hommes de Franck Haise sont \u00e0 trois longueurs de la troisi\u00e8me place occup\u00e9e provisoirement par Lille (vainqueur de Lens \u00a03-0), avant le d\u00e9placement de Marseille (4e) \u00e0 Monaco dimanche soir.<\/p>\n<p class=\"mb-4 text-lg md:leading-8 break-words\">Brest reste 11e avec 36 unit\u00e9s.<\/p>\n<p class=\"mb-4 text-lg md:leading-8 break-words\">Confront\u00e9 aux absences d&rsquo;Anthony Rouault, suspendu, en d\u00e9fense centrale, ou de Mahamadou Nagida et Sebastian Szymanski, tr\u00e8s sollicit\u00e9s pendant la tr\u00eave internationale, Franck Haise avait sensiblement modifi\u00e9 son onze et son animation.<\/p>\n<p class=\"mb-4 text-lg md:leading-8 break-words\">Avec les titularisations d&rsquo;Alidu Seidu, d&rsquo;Abdelhamid A\u00eft Boudlal et de Breel Embolo, qui n&rsquo;avaient plus d\u00e9but\u00e9 un match depuis fin janvier ou d\u00e9but f\u00e9vrier, c&rsquo;est m\u00eame en 4-4-2 que les Rennais se sont pr\u00e9sent\u00e9s \u00e0 Francis-Le-Bl\u00e9.<\/p>\n<p class=\"mb-4 text-lg md:leading-8 break-words\">Un changement de syst\u00e8me qui devait peut-\u00eatre aussi r\u00e9pondre \u00e0 quelques manques observ\u00e9s face \u00e0 Lille (1-2) puis Metz (0-0).<\/p>\n<p class=\"mb-4 text-lg md:leading-8 break-words\">Mais il est tr\u00e8s difficile de savoir quelles conclusions Haise tirera d&rsquo;une rencontre rendue inutilement palpitante par les cadeaux incroyables de sa d\u00e9fense.<\/p>\n<p class=\"mb-4 text-lg md:leading-8 break-words\">D\u00e8s la 4e minute, sur un corner, les Rouge et Noir avaient \u00e9t\u00e9 compl\u00e8tement spectateurs sur une t\u00eate d&rsquo;Eric Junior Dina Ebimbe contr\u00e9e avant de revenir sur le milieu dont la reprise aux six m\u00e8tres a \u00e9t\u00e9 d\u00e9vi\u00e9e par d&rsquo;Abdelhamid A\u00eft-Boudlal hors de port\u00e9e de Brice Samba (1-0).<\/p>\n<p class=\"mb-4 text-lg md:leading-8 break-words\">Alors que Rennes avait r\u00e9ussi \u00e0 renverser le score avant la pause, un tr\u00e8s long centre de Bradley Locko, mal jug\u00e9 par Samba, a permis \u00e0 Dina Ebimbe de s&rsquo;offrir un doubl\u00e9 en \u00e9galisant de la t\u00eate dans le but vide (2-2, 57e).<\/p>\n<p class=\"mb-4 text-lg md:leading-8 break-words\">Repass\u00e9 devant rapidement, Rennes a de nouveau laiss\u00e9 filer l&rsquo;avantage sur une erreur inexplicable de Seidu dont la remise de la t\u00eate plein axe a trouv\u00e9 R\u00e9my Labeau-Lascary, \u00e0 l&rsquo;aff\u00fbt, et qui ne s&rsquo;est pas fait prier pour \u00e9galiser dans un angle ferm\u00e9 (3-3, 70e).<\/p>\n<p class=\"mb-4 text-lg md:leading-8 break-words\">Malgr\u00e9 tout cela, Rennes repart avec les trois points gr\u00e2ce \u00e0 une attaque qui a souvent mis au supplice la d\u00e9fense brestoise.<\/p>\n<p class=\"mb-4 text-lg md:leading-8 break-words\">Il le doit notamment \u00e0 Est\u00e9ban Lepaul auteur d&rsquo;un doubl\u00e9 de penalty (1-2, 35e et 3-4, 74e) ) &#8212; tous deux obtenus par Mousa Al-Tamari &#8212; qui lui permettent de rejoindre l&rsquo;Argentin Joachim Panichelli (bless\u00e9 et forfait pour la fin de saison) en t\u00eate du classement des buteurs avec 16 r\u00e9alisations.<\/p>\n<p class=\"mb-4 text-lg md:leading-8 break-words\">Un autre doubl\u00e9, de passes d\u00e9cisives, cette fois, est \u00e0 mettre au cr\u00e9dit de Quentin Merlin qui a servi Ludovic Blas en retrait pour l&rsquo;\u00e9galisation \u00e0 1-1 (20e), puis Breel Embolo au coeur de la surface adverse, pour le 3-2 (63e).<\/p>\n<p class=\"mb-4 text-lg md:leading-8 break-words\">Au final, malgr\u00e9 un but refus\u00e9 \u00e0 Ludovic Ajorque pour hors-jeu (90+1) et une t\u00eate de Path\u00e9 Mboup (90+6) bien repouss\u00e9e par Samba, la victoire des Rennais reste assez logique dans un duel breton qui aura m\u00eame d\u00e9pass\u00e9 toutes ses promesses.<\/p>\n<p class=\"mb-4 text-lg md:leading-8 break-words\">hap\/jde<\/p>\n","protected":false},"excerpt":{"rendered":"Au terme d&rsquo;un match qu&rsquo;il s&rsquo;est rendu difficile par ses errements d\u00e9fensifs, Rennes a arrach\u00e9 un succ\u00e8s extr\u00eamement&hellip;\n","protected":false},"author":2,"featured_media":847974,"comment_status":"","ping_status":"","sticky":false,"template":"","format":"standard","meta":{"footnotes":"","_share_on_mastodon":"0"},"categories":[2821],"tags":[1111,11,1438,91921,72536,3450,829,20120,12432,1777,674,1011,27,3308,64281,1307,20372,40714,2428,83764,6212,3127,12,54751,39795,584,25,87840,91920],"class_list":["post-847973","post","type-post","status-publish","format-standard","has-post-thumbnail","category-rennes","tag-actu","tag-actualites","tag-angers","tag-bradley-locko","tag-breel-embolo","tag-brest","tag-bretagne","tag-brice-samba","tag-classement-des-buteurs","tag-eu","tag-europe","tag-fr","tag-france","tag-franck-haise","tag-lepaul","tag-lille","tag-ludovic-ajorque","tag-ludovic-blas","tag-lyon","tag-mahamadou-nagida","tag-metz","tag-monaco","tag-news","tag-panichelli","tag-quentin-merlin","tag-rennes","tag-republique-francaise","tag-sebastian-szymanski","tag-seidu"],"share_on_mastodon":{"url":"https:\/\/pubeurope.com\/@fr\/116349091530699321","error":""},"_links":{"self":[{"href":"https:\/\/www.europesays.com\/fr\/wp-json\/wp\/v2\/posts\/847973","targetHints":{"allow":["GET"]}}],"collection":[{"href":"https:\/\/www.europesays.com\/fr\/wp-json\/wp\/v2\/posts"}],"about":[{"href":"https:\/\/www.europesays.com\/fr\/wp-json\/wp\/v2\/types\/post"}],"author":[{"embeddable":true,"href":"https:\/\/www.europesays.com\/fr\/wp-json\/wp\/v2\/users\/2"}],"replies":[{"embeddable":true,"href":"https:\/\/www.europesays.com\/fr\/wp-json\/wp\/v2\/comments?post=847973"}],"version-history":[{"count":0,"href":"https:\/\/www.europesays.com\/fr\/wp-json\/wp\/v2\/posts\/847973\/revisions"}],"wp:featuredmedia":[{"embeddable":true,"href":"https:\/\/www.europesays.com\/fr\/wp-json\/wp\/v2\/media\/847974"}],"wp:attachment":[{"href":"https:\/\/www.europesays.com\/fr\/wp-json\/wp\/v2\/media?parent=847973"}],"wp:term":[{"taxonomy":"category","embeddable":true,"href":"https:\/\/www.europesays.com\/fr\/wp-json\/wp\/v2\/categories?post=847973"},{"taxonomy":"post_tag","embeddable":true,"href":"https:\/\/www.europesays.com\/fr\/wp-json\/wp\/v2\/tags?post=847973"}],"curies":[{"name":"wp","href":"https:\/\/api.w.org\/{rel}","templated":true}]}}