{"id":84805,"date":"2025-05-08T16:23:10","date_gmt":"2025-05-08T16:23:10","guid":{"rendered":"https:\/\/www.europesays.com\/fr\/84805\/"},"modified":"2025-05-08T16:23:10","modified_gmt":"2025-05-08T16:23:10","slug":"paris-hausse-dans-peu-de-volumes-w-street-dans-le-vert-08-05-2025-a-1748","status":"publish","type":"post","link":"https:\/\/www.europesays.com\/fr\/84805\/","title":{"rendered":"Paris: hausse dans peu de volumes, W-Street dans le vert &#8211; 08\/05\/2025 \u00e0 17:48"},"content":{"rendered":"<p>                                                                (CercleFinance.com) &#8211; La Bourse de Paris (+0,9% vers 7.694) rec\u00e8de quelques gains apr\u00e8s avoir fus\u00e9 \u00e0 la hausse \u00e0 la mi-journ\u00e9e jusque vers 7.720 (+1,1%, ce qui effa\u00e7ait les pertes de lundi et mardi).<\/p>\n<p>La hausse a \u00e9t\u00e9 d&rsquo;autant plus rapide en matin\u00e9e que les volumes d&rsquo;\u00e9changes -et la contrepartie vendeuse- \u00e9tait inexistants.\n<\/p>\n<p>L&rsquo;Euro-Stoxx50, dop\u00e9 par les +4% d&rsquo;ASML, gagne pr\u00e8s de 1% vers 5.280 (contre 5.305 au plus haut), et c&rsquo;est une performance un peu inattendues au lendemain de la d\u00e9cision sans surprise de la Fed de maintenir ses taux d&rsquo;int\u00e9r\u00eat inchang\u00e9s, un sc\u00e9nario qui \u00e9tait largement int\u00e9gr\u00e9 par le march\u00e9.\n<\/p>\n<p>La bourse de Londres (-0,3%) est seule dans le rouge malgr\u00e9 un accord commercial UK\/USA.\n<\/p>\n<p>Comme pr\u00e9vu, la R\u00e9serve f\u00e9d\u00e9rale am\u00e9ricaine a laiss\u00e9 ses taux inchang\u00e9s pour la troisi\u00e8me fois de suite hier soir et n&rsquo;a fourni aucun signal clair quant \u00e0 un abaissement prochain du loyer de l&rsquo;argent.\n<\/p>\n<p>La banque centrale a motiv\u00e9 son choix par le fait que &lsquo;les incertitudes concernant les perspectives \u00e9conomiques se sont encore accrues&rsquo;.\n<\/p>\n<p>Mais Jerome Powell et ses coll\u00e8gues ont \u00e9galement convenu que &lsquo;les risques d&rsquo;une hausse du ch\u00f4mage et de l&rsquo;inflation avaient augment\u00e9, cette derni\u00e8re reste encore a des niveaux assez \u00e9lev\u00e9s&rsquo; &lsquo;.\n<\/p>\n<p>En ce qui concerne l&rsquo;inflation, il faut reconna\u00eetre que les chiffres de la productivit\u00e9 publi\u00e9s ce jeudi ne sont pas rassurants (forte hausse des salaires, de pr\u00e8s de +5%).\n<\/p>\n<p>La productivit\u00e9 non-agricole aux Etats-Unis a recul\u00e9 de 0,8% en rythme annualis\u00e9 au premier trimestre 2025, selon l&rsquo;estimation pr\u00e9liminaire du D\u00e9partement du Travail, soit -2,5% par rapport \u00e0 une progression de 1,7% au dernier trimestre 2024.\n<\/p>\n<p>Ce recul de la productivit\u00e9 -qui traduit une baisse de 0,3% de la production pour un nombre d&rsquo;heures travaill\u00e9es accru de 0,6%- s&rsquo;est accompagn\u00e9 d&rsquo;un bond de 4,8% du salaire horaire, entrainant ainsi une envol\u00e9e de 5,7% des co\u00fbts unitaires salariaux non-agricoles.\n<\/p>\n<p>Autre signal qui contrarie les espoirs de rapide d\u00e9crue des taux par la FED, les inscriptions hebdomadaires au ch\u00f4mage ont baiss\u00e9 de 13.000 aux Etats-Unis pour atteindre 228.000 lors de la semaine au 3 mai, contre 241.000 (confirm\u00e9) la semaine pr\u00e9c\u00e9dente.\n<\/p>\n<p>Le D\u00e9partement du Travail indique que la moyenne mobile sur 4 semaines &#8211; plus repr\u00e9sentative de la tendance de fond sur le march\u00e9 du travail &#8211; s&rsquo;est quant \u00e0 elle \u00e9tablie \u00e0 227.000 contre 226.000 (confirm\u00e9) la semaine pr\u00e9c\u00e9dente.\n<\/p>\n<p>Le nombre de personnes percevant r\u00e9guli\u00e8rement des indemnit\u00e9s s&rsquo;est \u00e9lev\u00e9 \u00e0 1,879 million lors de la semaine au 26 avril, derni\u00e8re semaine pour laquelle ces chiffres sont disponibles, contre 1,908 million (r\u00e9vis\u00e9 de 1,916 million) la semaine pr\u00e9c\u00e9dente.\n<\/p>\n<p>Bastien Drut, responsable de la strat\u00e9gie et des \u00e9tudes \u00e9conomiques chez CPR AM rebondit sur ce sujet : &lsquo;Tant que le rapport sur l&#8217;emploi ne montre pas de signe significatif de d\u00e9t\u00e9rioration, le statu quo mon\u00e9taire ne devrait pas \u00eatre remis en question&rsquo;.\n<\/p>\n<p>Selon le barom\u00e8tre FedWatch, les march\u00e9s s&rsquo;attendent toujours majoritairement \u00e0 une prochaine baisse de taux en juillet, avec une probabilit\u00e9 estim\u00e9e \u00e0 pr\u00e8s de 56%.\n<\/p>\n<p>L&rsquo;absence d&rsquo;\u00e9volution dans le discours de la Fed n&rsquo;a pas d\u00e9stabilis\u00e9 Wall Street outre mesure et apr\u00e8s 90 minutes d&rsquo;h\u00e9sitation, les acheteurs ont repris la main.\n<\/p>\n<p>La hausse se poursuit ce jeudi mais \u00e0 un rythme qui ralentit nettement avec un Dow Jones Jones et un S&amp;P 500 \u00e0 +0,8% en moyenne, un Nasdaq \u00e0 +0,9%.\n<\/p>\n<p>Le statu quo de la FED, puis les chiffres du ch\u00f4mage renforcent le dollar, ce qui fait reculer l&rsquo;euro de -0,1% vers la zone de 1,1300$.\n<\/p>\n<p>Apr\u00e8s une courte embellie hier, le rendement des Treasuries se retend de +2,5Pts vers 4,300% alors que le programme d&rsquo;\u00e9mission de la FED s&rsquo;annonce \u00e9norme pour le 3\u00e8me trimestre.\n<\/p>\n<p>En Europe, le Bund se d\u00e9grade de +3,2Pts vers 2,5070%, nos OAT de +2,5Pts \u00e0 3,2200% et les BTP italiens de +1Pt seulement \u00e0 3,5700%.\n<\/p>\n<p>Les cours p\u00e9troliers repartent \u00e0 la hausse au lendemain de l&rsquo;annonce d&rsquo;un repli hebdomadaire des stocks de brut aux Etats-Unis. Le Brent rebondit de 2,7% \u00e0 62,6$s, tandis que le WTI prend 2,8% \u00e0 59,6$s sur le NYMEX.\n<\/p>\n<p>La journ\u00e9e, marqu\u00e9e par les comm\u00e9morations dans plusieurs pays de l&rsquo;Armistice de 1945, s&rsquo;annonce un peu plus calme du c\u00f4t\u00e9 des indicateurs \u00e9conomiques et des r\u00e9sultats.\n<\/p>\n<p>Toujours au rayon de l&rsquo;\u00e9conomie, les donn\u00e9es concernant la production industrielle et la balance commerciale en Allemagne ont \u00e9t\u00e9 publi\u00e9es ce matin. Apr\u00e8s un repli de 1,3% en f\u00e9vrier, la production de l&rsquo;industrie allemande en volume s&rsquo;est redress\u00e9e de 3% en mars 2025 par rapport au mois pr\u00e9c\u00e9dent, selon les donn\u00e9es CVS-CJO de Destatis.\n<\/p>\n<p>La Banque d&rsquo;Angleterre (BoE) &#8211; confront\u00e9e \u00e0 une stagflation mena\u00e7ante &#8211; a annonc\u00e9 une baisse de taux de 25 points de base (de 4,50 \u00e0 4,25%), largement anticip\u00e9e, ce qui n&#8217;emp\u00eache pas les &lsquo;Gilts&rsquo; de se d\u00e9grader de +11Pts vers 4,564%\n<\/p>\n<p>Enfin, un certain optimisme pourrait \u00eatre de mise sur les questions commerciales alors que Donald Trump a annonc\u00e9 sur son r\u00e9seau social Truth qu&rsquo;il pr\u00e9voyait de d\u00e9voiler dans la journ\u00e9e un accord &lsquo;majeur&rsquo; avec un &lsquo;grand pays tr\u00e8s respect\u00e9&rsquo; (le Royaume-Uni).<\/p>\n","protected":false},"excerpt":{"rendered":"(CercleFinance.com) &#8211; La Bourse de Paris (+0,9% vers 7.694) rec\u00e8de quelques gains apr\u00e8s avoir fus\u00e9 \u00e0 la hausse&hellip;\n","protected":false},"author":2,"featured_media":9135,"comment_status":"","ping_status":"","sticky":false,"template":"","format":"standard","meta":{"footnotes":""},"categories":[1888],"tags":[400,1111,1928,11,1927,398,408,405,1777,674,1011,27,403,402,399,404,12,1926,626,1925,25,401,406,407],"class_list":{"0":"post-84805","1":"post","2":"type-post","3":"status-publish","4":"format-standard","5":"has-post-thumbnail","7":"category-paris","8":"tag-action-cac-40","9":"tag-actu","10":"tag-actu-paris","11":"tag-actualites","12":"tag-actualites-paris","13":"tag-bourse-de-paris","14":"tag-boursorama","15":"tag-cotations","16":"tag-eu","17":"tag-europe","18":"tag-fr","19":"tag-france","20":"tag-indices-devises","21":"tag-investir","22":"tag-investissement","23":"tag-marche-boursier","24":"tag-news","25":"tag-news-paris","26":"tag-paris","27":"tag-paris-news","28":"tag-republique-francaise","29":"tag-sicav","30":"tag-trackers","31":"tag-warrants"},"share_on_mastodon":{"url":"https:\/\/pubeurope.com\/@fr\/114473140420672714","error":""},"_links":{"self":[{"href":"https:\/\/www.europesays.com\/fr\/wp-json\/wp\/v2\/posts\/84805","targetHints":{"allow":["GET"]}}],"collection":[{"href":"https:\/\/www.europesays.com\/fr\/wp-json\/wp\/v2\/posts"}],"about":[{"href":"https:\/\/www.europesays.com\/fr\/wp-json\/wp\/v2\/types\/post"}],"author":[{"embeddable":true,"href":"https:\/\/www.europesays.com\/fr\/wp-json\/wp\/v2\/users\/2"}],"replies":[{"embeddable":true,"href":"https:\/\/www.europesays.com\/fr\/wp-json\/wp\/v2\/comments?post=84805"}],"version-history":[{"count":0,"href":"https:\/\/www.europesays.com\/fr\/wp-json\/wp\/v2\/posts\/84805\/revisions"}],"wp:featuredmedia":[{"embeddable":true,"href":"https:\/\/www.europesays.com\/fr\/wp-json\/wp\/v2\/media\/9135"}],"wp:attachment":[{"href":"https:\/\/www.europesays.com\/fr\/wp-json\/wp\/v2\/media?parent=84805"}],"wp:term":[{"taxonomy":"category","embeddable":true,"href":"https:\/\/www.europesays.com\/fr\/wp-json\/wp\/v2\/categories?post=84805"},{"taxonomy":"post_tag","embeddable":true,"href":"https:\/\/www.europesays.com\/fr\/wp-json\/wp\/v2\/tags?post=84805"}],"curies":[{"name":"wp","href":"https:\/\/api.w.org\/{rel}","templated":true}]}}