{"id":848055,"date":"2026-04-05T00:41:23","date_gmt":"2026-04-05T00:41:23","guid":{"rendered":"https:\/\/www.europesays.com\/fr\/848055\/"},"modified":"2026-04-05T00:41:23","modified_gmt":"2026-04-05T00:41:23","slug":"menacee-de-mort-par-le-senateur-thierry-meignen-la-journaliste-nassira-el-moaddem-denonce-le-silence-des-autorites","status":"publish","type":"post","link":"https:\/\/www.europesays.com\/fr\/848055\/","title":{"rendered":"menac\u00e9e de mort par le s\u00e9nateur Thierry Meignen, la journaliste Nassira El Moaddem d\u00e9nonce le \u00ab\u00a0silence\u00a0\u00bb des autorit\u00e9s"},"content":{"rendered":"<p class=\"article-p mdl\">La journaliste Nassira El Moaddem, qui a\u00a0<a class=\"link\" href=\"https:\/\/www.rtl.fr\/actu\/politique\/info-rtl-municipales-2026-plus-de-2-000-recours-ont-ete-deposes-apres-le-scrutin-selon-notre-decompte-7900618455\" title=\"INFO RTL - Municipales 2026 : plus de 2.000 recours ont \u00e9t\u00e9 d\u00e9pos\u00e9s apr\u00e8s le scrutin, selon notre d\u00e9compte\" rel=\"nofollow noopener\" target=\"_blank\">d\u00e9pos\u00e9 plainte<\/a>\u00a0contre le s\u00e9nateur et ex-maire LR du Blanc-Mesnil (Seine-Saint-Denis) Thierry Meignen pour menaces de mort, a d\u00e9nonc\u00e9 samedi 4 avril sur\u00a0<a class=\"link\" href=\"https:\/\/www.liberation.fr\/economie\/medias\/cest-un-silence-du-gouvernement-la-journaliste-menacee-de-mort-par-un-senateur-de-droite-regrette-labsence-de-reaction-des-autorites-20260404_CNU3DMKWDRBCPNWPMA4IYHF4MQ\/\" target=\"_blank\" rel=\"nofollow noopener\">France Inter<\/a>\u00a0le \u00ab\u00a0silence\u00a0\u00bb des autorit\u00e9s et du gouvernement.<\/p>\n<p class=\"article-p mdl\">En f\u00e9vrier 2026, Nassira El Moaddem, avait publi\u00e9 chez Stock un livre-enqu\u00eate sur Le Blanc-Mesnil,\u00a0Main basse sur la ville.\u00a0Elle y d\u00e9non\u00e7ait des m\u00e9thodes condamnables lors des deux mandats de Thierry Meignen, notamment \u00e0 propos de l\u2019attribution des march\u00e9s publics, du harc\u00e8lement de l\u2019ancienne \u00e9quipe ou encore de ses liens avec l\u2019<a class=\"link\" href=\"https:\/\/www.rtl.fr\/actu\/politique\/rachida-dati-est-devenue-la-candidate-de-l-extreme-droite-emmanuel-gregoire-denonce-sur-rtl-une-capitulation-morale-aux-municipales-a-paris-7900614395\" title=\"&quot;Rachida Dati est devenue la candidate de l\u2019extr\u00eame droite&quot; : Emmanuel Gr\u00e9goire d\u00e9nonce sur RTL une &quot;capitulation morale&quot; aux municipales \u00e0 Paris\" rel=\"nofollow noopener\" target=\"_blank\">extr\u00eame droite<\/a>.\u00a0<\/p>\n<p>            \u00ab\u00a0Personne n&rsquo;a pris la parole\u00a0\u00bb<\/p>\n<p class=\"article-p mdl\">Aupr\u00e8s de journalistes du\u00a0Monde, Thierry Meignen s&rsquo;\u00e9tait montr\u00e9 extr\u00eamement virulent. \u00ab\u00a0Je vais la faire condamner pour diffamation. <strong>Je vais la fouetter<\/strong>. J&rsquo;irai au bout, elle va mourir, je la tue\u00a0\u00bb, avait d\u00e9clar\u00e9 le s\u00e9nateur, dont les propos ont \u00e9t\u00e9 publi\u00e9s le 23 mars.<\/p>\n<p class=\"article-p mdl\">\u00ab\u00a0Je ne comprends pas pour quelle raison, dans ce pays, les autorit\u00e9s ne s&rsquo;indignent pas lorsqu&rsquo;une journaliste est menac\u00e9e de mort uniquement pour avoir fait son travail\u00a0\u00bb, a d\u00e9plor\u00e9 la journaliste.<\/p>\n<p class=\"article-p mdl\">Cette derni\u00e8re, qui a d\u00e9pos\u00e9 plainte d\u00e8s le lendemain avec son \u00e9diteur, souligne que \u00ab\u00a0personne n&rsquo;a pris la parole\u00a0\u00bb, pas m\u00eame le pr\u00e9sident LR du S\u00e9nat, <strong>G\u00e9rard Larcher<\/strong>, qui a saisi le pr\u00e9sident du comit\u00e9 de d\u00e9ontologie de la chambre haute.<\/p>\n<p>    La r\u00e9daction vous recommande<\/p>\n<p class=\"s-newsletter__title\">\n                L\u2019actualit\u00e9 par la r\u00e9daction de RTL dans votre bo\u00eete mail.\n            <\/p>\n<p class=\"s-newsletter__subtitle\">\n                Gr\u00e2ce \u00e0 votre compte RTL abonnez-vous \u00e0 la newsletter RTL info pour suivre toute l&rsquo;actualit\u00e9 au quotidien\n            <\/p>\n<p>\n                                    Lire la suite\n                                <\/p>\n","protected":false},"excerpt":{"rendered":"La journaliste Nassira El Moaddem, qui a\u00a0d\u00e9pos\u00e9 plainte\u00a0contre le s\u00e9nateur et ex-maire LR du Blanc-Mesnil (Seine-Saint-Denis) Thierry Meignen&hellip;\n","protected":false},"author":2,"featured_media":848056,"comment_status":"","ping_status":"","sticky":false,"template":"","format":"standard","meta":{"footnotes":"","_share_on_mastodon":"0"},"categories":[4],"tags":[11,1067,107,1011,27,3668,9877,303,2824,12,25],"class_list":["post-848055","post","type-post","status-publish","format-standard","has-post-thumbnail","category-france","tag-actualites","tag-enquete","tag-fil-info","tag-fr","tag-france","tag-harcelement","tag-journalisme","tag-justice","tag-menaces","tag-news","tag-republique-francaise"],"share_on_mastodon":{"url":"https:\/\/pubeurope.com\/@fr\/116349323749274588","error":""},"_links":{"self":[{"href":"https:\/\/www.europesays.com\/fr\/wp-json\/wp\/v2\/posts\/848055","targetHints":{"allow":["GET"]}}],"collection":[{"href":"https:\/\/www.europesays.com\/fr\/wp-json\/wp\/v2\/posts"}],"about":[{"href":"https:\/\/www.europesays.com\/fr\/wp-json\/wp\/v2\/types\/post"}],"author":[{"embeddable":true,"href":"https:\/\/www.europesays.com\/fr\/wp-json\/wp\/v2\/users\/2"}],"replies":[{"embeddable":true,"href":"https:\/\/www.europesays.com\/fr\/wp-json\/wp\/v2\/comments?post=848055"}],"version-history":[{"count":0,"href":"https:\/\/www.europesays.com\/fr\/wp-json\/wp\/v2\/posts\/848055\/revisions"}],"wp:featuredmedia":[{"embeddable":true,"href":"https:\/\/www.europesays.com\/fr\/wp-json\/wp\/v2\/media\/848056"}],"wp:attachment":[{"href":"https:\/\/www.europesays.com\/fr\/wp-json\/wp\/v2\/media?parent=848055"}],"wp:term":[{"taxonomy":"category","embeddable":true,"href":"https:\/\/www.europesays.com\/fr\/wp-json\/wp\/v2\/categories?post=848055"},{"taxonomy":"post_tag","embeddable":true,"href":"https:\/\/www.europesays.com\/fr\/wp-json\/wp\/v2\/tags?post=848055"}],"curies":[{"name":"wp","href":"https:\/\/api.w.org\/{rel}","templated":true}]}}