{"id":84819,"date":"2025-05-08T16:31:16","date_gmt":"2025-05-08T16:31:16","guid":{"rendered":"https:\/\/www.europesays.com\/fr\/84819\/"},"modified":"2025-05-08T16:31:16","modified_gmt":"2025-05-08T16:31:16","slug":"le-loup-nest-plus-une-espece-strictement-protegee-en-europe","status":"publish","type":"post","link":"https:\/\/www.europesays.com\/fr\/84819\/","title":{"rendered":"Le loup n\u2019est plus une esp\u00e8ce \u00ab\u00a0strictement prot\u00e9g\u00e9e\u00a0\u00bb en Europe"},"content":{"rendered":"<p>En Europe, le loup est une esp\u00e8ce prot\u00e9g\u00e9e\u2026 Mais moins qu\u2019avant. Les eurod\u00e9put\u00e9s ont ent\u00e9rin\u00e9 ce jeudi 8\u00a0mai le d\u00e9classement du <a href=\"https:\/\/www.20minutes.fr\/societe\/4072878-20240223-loup-grand-mechant-abattre-pourquoi-tant-haine\" target=\"_blank\" class=\"color-ultramarine c-link\" rel=\"nofollow noopener\">statut du loup<\/a>, qui sera d\u00e9sormais sur le territoire de l\u2019UE une esp\u00e8ce \u00ab\u00a0prot\u00e9g\u00e9e\u00a0\u00bb et non plus \u00ab\u00a0strictement prot\u00e9g\u00e9e\u00a0\u00bb. Une \u00e9volution d\u00e9nonc\u00e9e par des d\u00e9fenseurs de la biodiversit\u00e9.<\/p>\n<p>Le texte, transposant dans le droit europ\u00e9en les r\u00e9centes modifications de la Convention de Berne sur la conservation de la vie sauvage, a \u00e9t\u00e9 adopt\u00e9 en session pl\u00e9ni\u00e8re \u00e0 <a href=\"https:\/\/www.20minutes.fr\/strasbourg\/\" target=\"_blank\" class=\"color-ultramarine c-link\" rel=\"nofollow noopener\">Strasbourg<\/a>, par 371 voix pour, 162 contre et 37 abstentions. La droite, l\u2019extr\u00eame droite et les lib\u00e9raux ont majoritairement vot\u00e9 pour, les \u00e9cologistes et la gauche radicale s\u2019y sont oppos\u00e9s tandis que les socialistes se sont montr\u00e9s divis\u00e9s.<\/p>\n<p>Faciliter l\u2019abattage des loups<\/p>\n<p>\u00ab\u00a0La d\u00e9gradation de la protection du loup ignore les outils efficaces de coexistence et risque de transformer la protection de la nature en un jeu politique. Elle flatte la peur plut\u00f4t que les faits\u00a0\u00bb, a d\u00e9nonc\u00e9 l\u2019\u00e9lu allemand Sebastian Everding, au nom de la gauche radicale. \u00ab\u00a0Il n\u2019y a pas de donn\u00e9es justifiant un abaissement du niveau de protection, mais les institutions europ\u00e9ennes ont choisi d\u2019ignorer la science\u00a0\u00bb, a d\u00e9clar\u00e9 dans un communiqu\u00e9 Ilaria Di Silvestre, porte-parole du Fonds international pour le bien-\u00eatre animal (IFAW).<\/p>\n<p>Concr\u00e8tement, cette \u00e9volution l\u00e9gislative dans <a href=\"https:\/\/www.20minutes.fr\/dossier\/ue\" target=\"_blank\" class=\"color-ultramarine c-link\" rel=\"nofollow noopener\">l\u2019Union europ\u00e9enne<\/a> va faciliter les tirs et l\u2019abattage de loups dans les r\u00e9gions rurales et montagneuses, o\u00f9 la proximit\u00e9 de l\u2019animal avec b\u00e9tail et chiens de troupeau est jug\u00e9e trop mena\u00e7ante.<\/p>\n<p>\u00ab\u00a0R\u00e9el danger\u00a0\u00bb<\/p>\n<p>Le PPE, premier groupe du Parlement et famille politique de la pr\u00e9sidente de la Commission <a href=\"https:\/\/www.20minutes.fr\/politique\/ursula-von-der-leyen\/\" target=\"_blank\" class=\"color-ultramarine c-link\" rel=\"nofollow noopener\">Ursula von\u00a0der\u00a0Leyen<\/a>, est \u00e0 l\u2019initiative sur ce sujet. Ce parti a pr\u00e9sent\u00e9 le texte soumis \u00e0 la pl\u00e9ni\u00e8re comme l\u2019aboutissement d\u2019un travail de trois ans, n\u00e9 du constat d&rsquo;\u00ab\u00a0une augmentation des conflits entre loups et \u00e9leveurs\u00a0\u00bb.<\/p>\n<p>Depuis la directive de\u00a01992 interdisant leur \u00e9limination, la population de loups est en hausse sur le continent europ\u00e9en, au point d\u2019atteindre les 20.300 individus recens\u00e9s dans l\u2019UE en\u00a02023. Cette ann\u00e9e-l\u00e0, Ursula von\u00a0der\u00a0Leyen \u00e9tait mont\u00e9e au cr\u00e9neau pour d\u00e9noncer le \u00ab\u00a0r\u00e9el danger\u00a0\u00bb que constituent les meutes pour le b\u00e9tail dans certaines r\u00e9gions.<\/p>\n<\/p>\n<p>Il n\u2019y a pas encore eu <a href=\"https:\/\/www.20minutes.fr\/arts-stars\/insolite\/4145276-20250325-meute-loups-traverse-jardin-couple-retraites-pres-marseille\" target=\"_blank\" class=\"color-ultramarine c-link\" rel=\"nofollow noopener\">de drame humain \u00e0 cause du loup<\/a>, mais des \u00e9leveurs et leur famille ont peur, ont insist\u00e9 mercredi des \u00e9lus de droite. \u00ab\u00a0Plus de 60.000 animaux d\u2019\u00e9levage sont attaqu\u00e9s chaque ann\u00e9e dans l\u2019UE\u00a0\u00bb, a appuy\u00e9 l\u2019Espagnole Mar\u00eda Esther Herranz\u00a0Garcia, qui a n\u00e9goci\u00e9 le texte pour le PPE. \u00ab\u00a0Ceux qui nourrissent notre pays ne peuvent continuer \u00e0 travailler avec cette menace permanente\u00a0\u00bb, a fait valoir Val\u00e9rie Deloge, \u00e9lue fran\u00e7aise d\u2019extr\u00eame droite se proclamant \u00ab\u00a0d\u00e9put\u00e9e et \u00e9leveuse\u00a0\u00bb.<\/p>\n<p>Associ\u00e9s \u00e0 la d\u00e9marche, selon la proc\u00e9dure dite du \u00ab\u00a0vote acc\u00e9l\u00e9r\u00e9\u00a0\u00bb, sans d\u00e9bat pr\u00e9alable dans l\u2019h\u00e9micycle, les socialistes et les centristes ont voulu d\u00e9dramatiser. \u00ab\u00a0On ne d\u00e9livre pas un permis de tuer, on donne plus de latitude pour des d\u00e9rogations locales, le loup reste une esp\u00e8ce prot\u00e9g\u00e9e\u00a0\u00bb, a soulign\u00e9 l\u2019ancien ministre fran\u00e7ais Pascal Canfin, eurod\u00e9put\u00e9 centriste.<\/p>\n","protected":false},"excerpt":{"rendered":"En Europe, le loup est une esp\u00e8ce prot\u00e9g\u00e9e\u2026 Mais moins qu\u2019avant. Les eurod\u00e9put\u00e9s ont ent\u00e9rin\u00e9 ce jeudi 8\u00a0mai&hellip;\n","protected":false},"author":2,"featured_media":84820,"comment_status":"","ping_status":"","sticky":false,"template":"","format":"standard","meta":{"footnotes":""},"categories":[1586],"tags":[11,1867,1130,19398,7442,1777,674,1011,27,9772,12,52,6030,25,41,555],"class_list":{"0":"post-84819","1":"post","2":"type-post","3":"status-publish","4":"format-standard","5":"has-post-thumbnail","7":"category-europe","8":"tag-actualites","9":"tag-animaux","10":"tag-biodiversite","11":"tag-elevage","12":"tag-especes-menacees","13":"tag-eu","14":"tag-europe","15":"tag-fr","16":"tag-france","17":"tag-loup","18":"tag-news","19":"tag-planete","20":"tag-protection-des-animaux","21":"tag-republique-francaise","22":"tag-sciences","23":"tag-union-europeenne-ue"},"share_on_mastodon":{"url":"https:\/\/pubeurope.com\/@fr\/114473171899364215","error":""},"_links":{"self":[{"href":"https:\/\/www.europesays.com\/fr\/wp-json\/wp\/v2\/posts\/84819","targetHints":{"allow":["GET"]}}],"collection":[{"href":"https:\/\/www.europesays.com\/fr\/wp-json\/wp\/v2\/posts"}],"about":[{"href":"https:\/\/www.europesays.com\/fr\/wp-json\/wp\/v2\/types\/post"}],"author":[{"embeddable":true,"href":"https:\/\/www.europesays.com\/fr\/wp-json\/wp\/v2\/users\/2"}],"replies":[{"embeddable":true,"href":"https:\/\/www.europesays.com\/fr\/wp-json\/wp\/v2\/comments?post=84819"}],"version-history":[{"count":0,"href":"https:\/\/www.europesays.com\/fr\/wp-json\/wp\/v2\/posts\/84819\/revisions"}],"wp:featuredmedia":[{"embeddable":true,"href":"https:\/\/www.europesays.com\/fr\/wp-json\/wp\/v2\/media\/84820"}],"wp:attachment":[{"href":"https:\/\/www.europesays.com\/fr\/wp-json\/wp\/v2\/media?parent=84819"}],"wp:term":[{"taxonomy":"category","embeddable":true,"href":"https:\/\/www.europesays.com\/fr\/wp-json\/wp\/v2\/categories?post=84819"},{"taxonomy":"post_tag","embeddable":true,"href":"https:\/\/www.europesays.com\/fr\/wp-json\/wp\/v2\/tags?post=84819"}],"curies":[{"name":"wp","href":"https:\/\/api.w.org\/{rel}","templated":true}]}}