{"id":84857,"date":"2025-05-08T16:53:10","date_gmt":"2025-05-08T16:53:10","guid":{"rendered":"https:\/\/www.europesays.com\/fr\/84857\/"},"modified":"2025-05-08T16:53:10","modified_gmt":"2025-05-08T16:53:10","slug":"adil-rami-reconnait-avoir-mal-agi-avec-pamela-anderson","status":"publish","type":"post","link":"https:\/\/www.europesays.com\/fr\/84857\/","title":{"rendered":"Adil Rami reconna\u00eet avoir mal agi avec Pamela Anderson"},"content":{"rendered":"<p>L\u2019ancien footballeur a racont\u00e9 dans \u00abClique\u00bb sur Canal+ que durant sa relation avec la star d\u2019Alerte \u00e0 Malibu, il a continu\u00e9 \u00e0 voir la m\u00e8re de ses enfants, en cachant \u00e0 l\u2019une et \u00e0 l\u2019autre la v\u00e9rit\u00e9.<\/p>\n<p class=\"fig-paragraph\">En juin 2017, la r\u00e9v\u00e9lation de leur couple en avait surpris plus d\u2019un. Pendant deux ans,\u00a0<a href=\"https:\/\/www.lefigaro.fr\/tag\/adil-rami\" target=\"_blank\" rel=\"noopener\" data-gtm-custom-categorie=\"navigation\" data-gtm-custom-action=\"crossclick\" data-gtm-custom-label=\"Contextuel\" data-gtm-event=\"customEventSPE\"><strong>Adil Rami<\/strong><\/a> \u00a0et\u00a0<a href=\"https:\/\/www.lefigaro.fr\/tag\/pamela-anderson\" target=\"_blank\" rel=\"noopener\" data-gtm-custom-categorie=\"navigation\" data-gtm-custom-action=\"crossclick\" data-gtm-custom-label=\"Contextuel\" data-gtm-event=\"customEventSPE\"><strong>Pamela Anderson<\/strong><\/a> \u00a0ont sembl\u00e9 filer le parfait amour. Pourtant, en r\u00e9alit\u00e9, le footballeur et la com\u00e9dienne n\u2019ont eu de cesse de se d\u00e9chirer. C\u2019est ce qu\u2019avait expliqu\u00e9 la star d\u2019<a href=\"https:\/\/tvmag.lefigaro.fr\/programme-tv\/programme\/alerte-a-malibu-d2049484015\" target=\"_blank\" rel=\"noopener\" data-gtm-custom-categorie=\"navigation\" data-gtm-custom-action=\"crossclick\" data-gtm-custom-label=\"Contextuel\" data-gtm-event=\"customEventSPE\">Alerte \u00e0 Malibu<\/a> \u00a0au moment d\u2019annoncer leur s\u00e9paration.<\/p>\n<p class=\"fig-paragraph\">\u00abC\u2019est dur \u00e0 accepter. Les deux derni\u00e8res ann\u00e9es de ma vie n\u2019ont \u00e9t\u00e9 que mensonge. Je suis d\u00e9vast\u00e9e. Comment est-ce possible de contr\u00f4ler le c\u0153ur et les esprits de deux femmes en m\u00eame temps\u00a0? Je suis s\u00fbre qu\u2019il y en a d\u2019autres\u00bb, avait-elle \u00e9crit dans un message publi\u00e9 sur son compte Instagram. Pire, Pamela Anderson avait accus\u00e9 son ancien compagnon de l\u2019avoir menac\u00e9e \u00ab\u00e0 de nombreuses reprises\u00bb et de l\u2019avoir contrainte \u00e0 \u00abune torture physique et \u00e9motionnelle\u00bb. Selon la com\u00e9dienne, le footballeur n\u2019aurait \u00abaucun respect pour les femmes, sauf sa m\u00e8re\u00bb.<\/p>\n<p class=\"fig-body-link\">\n            \u00c0 lire aussi<br \/>\n        <a class=\"fig-body-link__link\" href=\"https:\/\/www.lefigaro.fr\/le-scan-sport\/2019\/06\/25\/27001-20190625ARTFIG00032-furieuse-pamela-anderson-annonce-sa-rupture-avec-adil-rami-qu-elle-traite-de-monstre.php\" target=\"_blank\" data-fig-type=\"Article\" rel=\"noopener\" data-gtm-custom-categorie=\"navigation\" data-gtm-custom-action=\"crossclick\" data-gtm-custom-label=\"Contextuel\" data-gtm-event=\"customEventSPE\" data-fig-domain=\"LEFIGARO\">Furieuse, Pamela Anderson annonce sa rupture avec Adil Rami qu&rsquo;elle traite de \u00abmonstre\u00bb<br \/>\n    <\/a>\n<\/p>\n<p class=\"fig-paragraph\">Ce mercredi 7 mai, Adil Rami \u00e9tait l\u2019invit\u00e9 de \u00abClique\u00bb sur Canal+. \u00c0 Mouloud Achour, il a reconnu avoir mal agi avec Pamela Anderson. \u00abElle a eu des mots un peu durs me concernant, mais je peux la comprendre parce que je l\u2019ai trahie. Je l\u2019ai trahie parce que j\u2019ai d\u00fb mentir \u00e0 tout le monde, parce que j\u2019ai eu peur de sa r\u00e9action et de la r\u00e9action de la m\u00e8re de mes enfants donc j\u2019ai menti aux deux\u00bb, a d\u00e9clar\u00e9 le finaliste de la saison 14 de \u00abDanse avec les stars\u00bb avant d\u2019en dire plus\u00a0: \u00abJ\u2019ai cach\u00e9 que je voyais encore la m\u00e8re de mes enfants, et \u00e0 la m\u00e8re de mes enfants, je lui ai dit que je voyais Pamela, mais que ce n\u2019\u00e9tait pas s\u00e9rieux, parce que je sentais que les deux \u00e9taient amoureuses\u00bb.<\/p>\n<blockquote class=\"fig-quote&#10;    \">\n<p class=\"fig-quote__text\">\u00ab J\u2019\u00e9tais compl\u00e8tement perdu\u00a0\u00bb<\/p>\n<p>            Adil Rami\n    <\/p><\/blockquote>\n<p class=\"fig-paragraph\">\u00abPamela me mettait sous pression parce qu\u2019elle ne voulait pas que je passe du temps avec la m\u00e8re de mes enfants, mais j\u2019\u00e9tais oblig\u00e9 de le faire, parce qu\u2019on avait des enfants en bas \u00e2ge. J\u2019ai ressenti une grosse part de culpabilit\u00e9. C\u2019\u00e9tait une erreur de ma part\u00bb, a-t-il ajout\u00e9. Selon Adil Rami, son jeune \u00e2ge et la m\u00e9diatisation li\u00e9e \u00e0 son arriv\u00e9e \u00e0 l\u2019Olympique de Marseille ont fait empirer sa situation. \u00abJ\u2019\u00e9tais compl\u00e8tement perdu. J\u2019\u00e9tais en full culpabilit\u00e9 totale, donc j\u2019essayais de mentir pour ne pas faire plus de mal que \u00e7a\u00bb, s\u2019est-il justifi\u00e9.<\/p>\n<p class=\"fig-paragraph\">S\u2019il ne l\u2019a jamais appel\u00e9e directement pour lui demander pardon, Adil Rami a estim\u00e9 que Pamela Anderson \u00abdevrait le savoir au travers [ses] interviews\u00bb et de leurs connaissances communes \u00e0 qui il ne dit \u00abque du bien d\u2019elle\u00bb. \u00abAujourd\u2019hui, c\u2019est beau ce qu\u2019elle est devenue. Elle a un c\u00f4t\u00e9 artistique en elle qui est assez fort, elle a toujours aim\u00e9 la nature et les animaux et aujourd\u2019hui on le voit pleinement. Je suis heureux de la voir comme \u00e7a\u00bb, a-t-il affirm\u00e9. Quant \u00e0 la m\u00e8re de ses deux fils, l\u2019entente est cordiale. \u00abOn se parle, \u00e7a se passe tr\u00e8s tr\u00e8s bien\u00bb, a-t-il assur\u00e9. Et de conclure\u00a0: \u00abJe suis devenu l\u2019homme que je suis gr\u00e2ce \u00e0 tous ces d\u00e9fauts que j\u2019avais\u00bb.<\/p>\n","protected":false},"excerpt":{"rendered":"L\u2019ancien footballeur a racont\u00e9 dans \u00abClique\u00bb sur Canal+ que durant sa relation avec la star d\u2019Alerte \u00e0 Malibu,&hellip;\n","protected":false},"author":2,"featured_media":84858,"comment_status":"","ping_status":"","sticky":false,"template":"","format":"standard","meta":{"footnotes":""},"categories":[8],"tags":[976,1682,1000,58,59,1011,27,1714,1718,1713,19404,973,1717,1715,1716],"class_list":{"0":"post-84857","1":"post","2":"type-post","3":"status-publish","4":"format-standard","5":"has-post-thumbnail","7":"category-divertissement","8":"tag-actu-people","9":"tag-adil-rami","10":"tag-celebrites","11":"tag-divertissement","12":"tag-entertainment","13":"tag-fr","14":"tag-france","15":"tag-info-people","16":"tag-infos-people-du-jour","17":"tag-news-people","18":"tag-pamela-anderson","19":"tag-people","20":"tag-photo-people","21":"tag-potins-de-stars","22":"tag-potins-people"},"share_on_mastodon":{"url":"https:\/\/pubeurope.com\/@fr\/114473258415023575","error":""},"_links":{"self":[{"href":"https:\/\/www.europesays.com\/fr\/wp-json\/wp\/v2\/posts\/84857","targetHints":{"allow":["GET"]}}],"collection":[{"href":"https:\/\/www.europesays.com\/fr\/wp-json\/wp\/v2\/posts"}],"about":[{"href":"https:\/\/www.europesays.com\/fr\/wp-json\/wp\/v2\/types\/post"}],"author":[{"embeddable":true,"href":"https:\/\/www.europesays.com\/fr\/wp-json\/wp\/v2\/users\/2"}],"replies":[{"embeddable":true,"href":"https:\/\/www.europesays.com\/fr\/wp-json\/wp\/v2\/comments?post=84857"}],"version-history":[{"count":0,"href":"https:\/\/www.europesays.com\/fr\/wp-json\/wp\/v2\/posts\/84857\/revisions"}],"wp:featuredmedia":[{"embeddable":true,"href":"https:\/\/www.europesays.com\/fr\/wp-json\/wp\/v2\/media\/84858"}],"wp:attachment":[{"href":"https:\/\/www.europesays.com\/fr\/wp-json\/wp\/v2\/media?parent=84857"}],"wp:term":[{"taxonomy":"category","embeddable":true,"href":"https:\/\/www.europesays.com\/fr\/wp-json\/wp\/v2\/categories?post=84857"},{"taxonomy":"post_tag","embeddable":true,"href":"https:\/\/www.europesays.com\/fr\/wp-json\/wp\/v2\/tags?post=84857"}],"curies":[{"name":"wp","href":"https:\/\/api.w.org\/{rel}","templated":true}]}}