{"id":84861,"date":"2025-05-08T16:55:09","date_gmt":"2025-05-08T16:55:09","guid":{"rendered":"https:\/\/www.europesays.com\/fr\/84861\/"},"modified":"2025-05-08T16:55:09","modified_gmt":"2025-05-08T16:55:09","slug":"le-bitcoin-passe-a-nouveau-la-barre-des-100-000-dollars","status":"publish","type":"post","link":"https:\/\/www.europesays.com\/fr\/84861\/","title":{"rendered":"Le bitcoin passe \u00e0 nouveau la barre des 100.000 dollars"},"content":{"rendered":"<p>La cryptomonnaie la plus populaire au monde avait vu son cours augmenter puis chuter apr\u00e8s l\u2019\u00e9lection de Donald Trump. Elle n\u2019avait pas atteint ce seuil depuis f\u00e9vrier.<\/p>\n<p class=\"fig-paragraph\">Le\u00a0<a href=\"http:\/\/www.lefigaro.fr\/conjoncture\/trump-signe-un-decret-pour-etablir-une-reserve-strategique-de-bitcoins-20250307\" data-fig-type=\"NewsFlash\" data-gtm-custom-categorie=\"navigation\" data-gtm-custom-action=\"crossclick\" data-gtm-custom-label=\"Contextuel\" data-gtm-event=\"customEventSPE\" data-fig-domain=\"LEFIGARO\" rel=\"nofollow noopener\" target=\"_blank\">bitcoin<\/a>\u00a0a franchi la barre des 100.000 dollars ce jeudi 8 mai, pour la premi\u00e8re fois depuis f\u00e9vrier, port\u00e9 par l\u2019accord commercial entre Washington et Londres, qui rassure les investisseurs sur les actifs risqu\u00e9s comme les cryptomonnaies.<\/p>\n<p class=\"fig-paragraph\">\u00abMaintenant que les \u00c9tats-Unis apparaissent plus raisonnables et concluent des accords avec d\u2019autres pays, les cryptomonnaies repartent \u00e0 la hausse\u00bb, constate St\u00e9phane Ifrah, analyste chez Coinhouse, pour qui \u00abil y a clairement un retour de l\u2019app\u00e9tit pour le risque\u00bb.<\/p>\n<p class=\"fig-paragraph\">Apr\u00e8s avoir atteint\u00a0<a href=\"http:\/\/www.lefigaro.fr\/secteur\/high-tech\/le-bitcoin-bat-un-nouveau-record-avant-l-investiture-de-donald-trump-a-plus-109-000-dollars-20250120\" data-fig-type=\"NewsFlash\" data-gtm-custom-categorie=\"navigation\" data-gtm-custom-action=\"crossclick\" data-gtm-custom-label=\"Contextuel\" data-gtm-event=\"customEventSPE\" data-fig-domain=\"LEFIGARO\" rel=\"nofollow noopener\" target=\"_blank\">son record historique de 109.000 dollars le 20 janvier<\/a>, jour de l\u2019investiture de Donald Trump \u00e0 la Maison-Blanche, le bitcoin avait d\u00e9gringol\u00e9, tombant sous la barre des 77.000 dollars en avril.<\/p>\n","protected":false},"excerpt":{"rendered":"La cryptomonnaie la plus populaire au monde avait vu son cours augmenter puis chuter apr\u00e8s l\u2019\u00e9lection de Donald&hellip;\n","protected":false},"author":2,"featured_media":84862,"comment_status":"","ping_status":"","sticky":false,"template":"","format":"standard","meta":{"footnotes":""},"categories":[6],"tags":[47,5688,722,723,35,33,34,1011,27,727,726,142,310,655,720,719,724,725,717,718,721,728],"class_list":{"0":"post-84861","1":"post","2":"type-post","3":"status-publish","4":"format-standard","5":"has-post-thumbnail","7":"category-economie","8":"tag-actualite","9":"tag-bitcoin","10":"tag-blog","11":"tag-blogs","12":"tag-business","13":"tag-economie","14":"tag-economy","15":"tag-fr","16":"tag-france","17":"tag-gadget","18":"tag-gadgets","19":"tag-high-tech","20":"tag-internet","21":"tag-iphone","22":"tag-multimedia","23":"tag-nouvelles-technolgies","24":"tag-smartphone","25":"tag-tablette","26":"tag-technologie","27":"tag-tic","28":"tag-web","29":"tag-widgets"},"share_on_mastodon":{"url":"https:\/\/pubeurope.com\/@fr\/114473266323245644","error":""},"_links":{"self":[{"href":"https:\/\/www.europesays.com\/fr\/wp-json\/wp\/v2\/posts\/84861","targetHints":{"allow":["GET"]}}],"collection":[{"href":"https:\/\/www.europesays.com\/fr\/wp-json\/wp\/v2\/posts"}],"about":[{"href":"https:\/\/www.europesays.com\/fr\/wp-json\/wp\/v2\/types\/post"}],"author":[{"embeddable":true,"href":"https:\/\/www.europesays.com\/fr\/wp-json\/wp\/v2\/users\/2"}],"replies":[{"embeddable":true,"href":"https:\/\/www.europesays.com\/fr\/wp-json\/wp\/v2\/comments?post=84861"}],"version-history":[{"count":0,"href":"https:\/\/www.europesays.com\/fr\/wp-json\/wp\/v2\/posts\/84861\/revisions"}],"wp:featuredmedia":[{"embeddable":true,"href":"https:\/\/www.europesays.com\/fr\/wp-json\/wp\/v2\/media\/84862"}],"wp:attachment":[{"href":"https:\/\/www.europesays.com\/fr\/wp-json\/wp\/v2\/media?parent=84861"}],"wp:term":[{"taxonomy":"category","embeddable":true,"href":"https:\/\/www.europesays.com\/fr\/wp-json\/wp\/v2\/categories?post=84861"},{"taxonomy":"post_tag","embeddable":true,"href":"https:\/\/www.europesays.com\/fr\/wp-json\/wp\/v2\/tags?post=84861"}],"curies":[{"name":"wp","href":"https:\/\/api.w.org\/{rel}","templated":true}]}}