{"id":84912,"date":"2025-05-08T17:23:08","date_gmt":"2025-05-08T17:23:08","guid":{"rendered":"https:\/\/www.europesays.com\/fr\/84912\/"},"modified":"2025-05-08T17:23:08","modified_gmt":"2025-05-08T17:23:08","slug":"la-citadelle-de-lille-vous-ouvre-exceptionnellement-ses-portes-lors-dun-week-end-festif","status":"publish","type":"post","link":"https:\/\/www.europesays.com\/fr\/84912\/","title":{"rendered":"La Citadelle de Lille vous ouvre exceptionnellement ses portes lors d&rsquo;un week-end festif"},"content":{"rendered":"<p>            Par<br \/>\n        <strong><br \/>\n            <a href=\"https:\/\/actu.fr\/auteur\/hervine-mahaud\" title=\"Consulter tous les articles de Hervine Mahaud\" target=\"_blank\" rel=\"noopener\">Hervine Mahaud<\/a><br \/>\n        <\/strong><\/p>\n<p>        Publi\u00e9 le<\/p>\n<p>            8 mai 2025 \u00e0 18h36        <\/p>\n<p>C\u2019est une occasion rare de d\u00e9couvrir enfin l\u2019int\u00e9rieur du b\u00e2timent militaire. La <b>Citadelle de Lille<\/b>, monument historique et embl\u00e9matique de la ville, va <b>exceptionnellement ouvrir ses portes le week-end des 14 et 15 juin 2025<\/b>. Pour marquer le coup, une <b>programmation tr\u00e8s festive<\/b> attend les visiteurs.\u00a0<\/p>\n<p>Des animations pour toute la famille<\/p>\n<p class=\" wall-content\">Si vous avec l\u2019habitude de vous balader ou de courir dans le parc de la <a href=\"https:\/\/actu.fr\/tag\/citadelle-de-lille\" target=\"_blank\" rel=\"noopener\">Citadelle<\/a>, vous vous \u00eates peut-\u00eatre demand\u00e9 \u00e0 quoi ressemblait l\u2019int\u00e9rieur du b\u00e2timent. Eh bien, vous allez enfin avoir l\u2019opportunit\u00e9 de le savoir ces 14 et 15 juin.<\/p>\n<p class=\" wall-content\">Durant tout un week-end, l\u2019embl\u00e9matique construction organise des portes ouvertes, \u00ab\u00a0pour permettre aux Lillois de se r\u00e9approprier ce haut lieu de leur patrimoine\u00a0\u00bb, explique l\u2019\u00e9quipe de communication du corps de r\u00e9action rapide-France, qui organise l\u2019\u00e9v\u00e9nement.<br \/>Au programme :\u00a0<\/p>\n<ul class=\" wall-content\">\n<li><b>Reconstitutions historiques<\/b>. D\u00e9couvrez des sc\u00e8nes historiques reconstitu\u00e9es par des passionn\u00e9s en costumes d\u2019\u00e9poque qui redonneront vie \u00e0 certains r\u00e9cits militaires de la Citadelle ;<\/li>\n<li><b>Spectacles de cape et d\u2019\u00e9p\u00e9e<\/b>. Plongez dans l\u2019univers des mousquetaires avec des d\u00e9monstrations \u00e9poustouflantes m\u00ealant action, humour et prouesses artistiques tout au long du week-end ;<\/li>\n<li><b>D\u00e9monstrations de savoir-faire et mat\u00e9riels militaires<\/b>. D\u00e9couvrez certaines des techniques d\u2019entra\u00eenement et \u00e9quipements utilis\u00e9s par les forces arm\u00e9es fran\u00e7aises : d\u00e9monstrations de techniques d\u2019intervention rapproch\u00e9es et savoir-faire cynophiles, l\u00e2cher de pigeons militaires, pr\u00e9sentation de v\u00e9hicules militaires blind\u00e9s fran\u00e7ais et alli\u00e9s, drones, etc. ;<\/li>\n<li><b>Jeux pour toute la famille<\/b>. Ch\u00e2teaux gonflables, parcours mini commando, tirs airsoft et laser, parcours \u00e9vasion, etc. ;<\/li>\n<li><b>Espaces d\u2019informations et de recrutement.<\/b> D\u00e9couvrez les missions des militaires de la Citadelle, fran\u00e7ais et alli\u00e9s, mais aussi les opportunit\u00e9s de s\u2019engager dans les forces arm\u00e9es et de s\u00e9curit\u00e9 (arm\u00e9e de Terre, Marine, arm\u00e9e de l\u2019Air et de l\u2019Espace, L\u00e9gion \u00e9trang\u00e8re, Pompiers) ;<\/li>\n<li>\n<p><b>Animations musicales et concerts<\/b>. La musique militaire accompagnera ces portes ouvertes avec des aubades musicales r\u00e9guli\u00e8res. Un concert pop\/rock \u00e9lectro sera donn\u00e9 samedi soir vers 20h, et la musique militaire de l\u2019OTAN, le \u00ab\u00a0SHAPE Band\u00a0\u00bb, se produira le dimanche apr\u00e8s-midi.<\/p>\n<\/li>\n<\/ul>\n<p class=\" wall-content\">Plusieurs stands de restauration seront pr\u00e9sents, \u00e0 destination des petits et des grands.<\/p>\n<p>Vid\u00e9os : en ce moment sur ActuUn \u00e9v\u00e9nement in\u00e9dit \u00e0 Lille, \u00e0 l\u2019initiative des militaires<\/p>\n<p class=\" wall-content\">Ce beau programme, pr\u00e9vu pour ravir autant les amateurs d\u2019histoire que les familles en qu\u00eate d\u2019aventures, devrait attirer les foules. D\u2019autant que les derni\u00e8res portes ouvertes de la Citadelle de Lille remontent \u00e0 plus de 20 ans, avant la cr\u00e9ation du <a href=\"https:\/\/actu.fr\/hauts-de-france\/lille_59350\/a-lille-le-corps-de-reaction-rapide-france-en-alerte-au-nom-de-lotan-apres-la-turquie_60582282.html\" target=\"_blank\" rel=\"noopener\">corps de r\u00e9action rapide-France<\/a>, \u00e9tat-major interalli\u00e9s bas\u00e9 en son sein.<\/p>\n<p class=\" wall-content\">\u00ab\u00a0Ce rendez-vous promet donc de rencontrer un succ\u00e8s certain, la Citadelle \u00e9tant, depuis son \u00e9dification il y a plus de 350 ans, une forteresse qui a depuis toujours \u00e9t\u00e9 un lieu de garnison militaire, donc habituellement ferm\u00e9 au public\u00a0\u00bb, souligne l\u2019\u00e9quipe de communication.<\/p>\n<p>Entr\u00e9e gratuite mais inscription obligatoire<\/p>\n<p class=\" wall-content\">Participer \u00e0 cet \u00e9v\u00e9nement est bien entendu gratuit. Mais, attention, il est imp\u00e9ratif de se pr\u00e9-inscrire avant d\u2019y aller. Pour cela, il faut <a href=\"https:\/\/docs.google.com\/forms\/d\/e\/1FAIpQLSeo-7QOyrDcMnXbI15yzSY4Bub3vgNhQi2j8TaQBE005M3Gxg\/viewform?pli=1\" target=\"_blank\" rel=\"noopener\">remplir un formulaire en ligne<\/a> en indiquant notamment son cr\u00e9neau de passage.<\/p>\n<p class=\" wall-content\">Bonne visite !<\/p>\n<p>Infos pratiques : ouverture des portes le samedi 14 juin de 10h \u00e0 19h, fermeture du site \u00e0 21h30 ; le dimanche 15 juin de 10h \u00e0 16h30, fermeture du site \u00e0 18h. Entr\u00e9e par la Porte royale de la citadelle, rue du 43e RI. Sortie par la Porte Dauphine (donnant sur le parc de la Citadelle). Plus d\u2019infos <a href=\"https:\/\/www.terre.defense.gouv.fr\/corps-reaction-rapide-france\/projet-vauban\/portes-ouvertes-inedites-citadelle-lille-14-15-juin-2025\" target=\"_blank\" rel=\"noopener\">en cliquant ici<\/a>.<\/p>\n<p class=\" wall-content\">Suivez toute l\u2019actualit\u00e9 de vos villes et m\u00e9dias favoris en vous inscrivant \u00e0 <a href=\"https:\/\/moncompte.actu.fr\" title=\"D\u00e9couvez Mon Actu\" rel=\"nofollow noopener\" data-trk=\"{&quot;cta&quot;:{&quot;action&quot;:&quot;https:\\\/\\\/moncompte.actu.fr&quot;,&quot;category&quot;:&quot;mon compte&quot;,&quot;from&quot;:&quot;article footer&quot;,&quot;name&quot;:&quot;Mon actu&quot;,&quot;type&quot;:&quot;cta&quot;}}\" target=\"_blank\">Mon Actu<\/a>.<\/p>\n","protected":false},"excerpt":{"rendered":"Par Hervine Mahaud Publi\u00e9 le 8 mai 2025 \u00e0 18h36 C\u2019est une occasion rare de d\u00e9couvrir enfin l\u2019int\u00e9rieur&hellip;\n","protected":false},"author":2,"featured_media":84913,"comment_status":"","ping_status":"","sticky":false,"template":"","format":"standard","meta":{"footnotes":""},"categories":[2815],"tags":[1111,11,19408,1777,674,1011,27,811,1307,1652,12,25],"class_list":{"0":"post-84912","1":"post","2":"type-post","3":"status-publish","4":"format-standard","5":"has-post-thumbnail","7":"category-lille","8":"tag-actu","9":"tag-actualites","10":"tag-citadelle-de-lille","11":"tag-eu","12":"tag-europe","13":"tag-fr","14":"tag-france","15":"tag-hauts-de-france","16":"tag-lille","17":"tag-loisirs-culture","18":"tag-news","19":"tag-republique-francaise"},"share_on_mastodon":{"url":"https:\/\/pubeurope.com\/@fr\/114473376316308544","error":""},"_links":{"self":[{"href":"https:\/\/www.europesays.com\/fr\/wp-json\/wp\/v2\/posts\/84912","targetHints":{"allow":["GET"]}}],"collection":[{"href":"https:\/\/www.europesays.com\/fr\/wp-json\/wp\/v2\/posts"}],"about":[{"href":"https:\/\/www.europesays.com\/fr\/wp-json\/wp\/v2\/types\/post"}],"author":[{"embeddable":true,"href":"https:\/\/www.europesays.com\/fr\/wp-json\/wp\/v2\/users\/2"}],"replies":[{"embeddable":true,"href":"https:\/\/www.europesays.com\/fr\/wp-json\/wp\/v2\/comments?post=84912"}],"version-history":[{"count":0,"href":"https:\/\/www.europesays.com\/fr\/wp-json\/wp\/v2\/posts\/84912\/revisions"}],"wp:featuredmedia":[{"embeddable":true,"href":"https:\/\/www.europesays.com\/fr\/wp-json\/wp\/v2\/media\/84913"}],"wp:attachment":[{"href":"https:\/\/www.europesays.com\/fr\/wp-json\/wp\/v2\/media?parent=84912"}],"wp:term":[{"taxonomy":"category","embeddable":true,"href":"https:\/\/www.europesays.com\/fr\/wp-json\/wp\/v2\/categories?post=84912"},{"taxonomy":"post_tag","embeddable":true,"href":"https:\/\/www.europesays.com\/fr\/wp-json\/wp\/v2\/tags?post=84912"}],"curies":[{"name":"wp","href":"https:\/\/api.w.org\/{rel}","templated":true}]}}