{"id":84924,"date":"2025-05-08T17:31:10","date_gmt":"2025-05-08T17:31:10","guid":{"rendered":"https:\/\/www.europesays.com\/fr\/84924\/"},"modified":"2025-05-08T17:31:10","modified_gmt":"2025-05-08T17:31:10","slug":"spectaculaire-incendie-sur-lautoroute-a16-dans-loise-de-gros-bouchons","status":"publish","type":"post","link":"https:\/\/www.europesays.com\/fr\/84924\/","title":{"rendered":"Spectaculaire incendie sur l&rsquo;autoroute A16 dans l&rsquo;Oise, de gros bouchons"},"content":{"rendered":"<p>            Par<br \/>\n        <strong><br \/>\n            <a href=\"https:\/\/actu.fr\/auteur\/adrien-deschepper\" title=\"Consulter tous les articles de Adrien Deschepper\" target=\"_blank\" rel=\"noopener\">Adrien Deschepper<\/a><br \/>\n        <\/strong><\/p>\n<p>        Publi\u00e9 le<\/p>\n<p>            8 mai 2025 \u00e0 17h28        <\/p>\n<p>Le trafic a \u00e9t\u00e9 tr\u00e8s compliqu\u00e9 sur l\u2019<strong>autoroute A16<\/strong>, dans l\u2019<a href=\"http:\/\/actu.Fr\/oise\/\" target=\"_blank\" rel=\"noopener\">Oise<\/a>, en ce jour f\u00e9ri\u00e9 du jeudi 8 mai 2025. Dans la matin\u00e9e, vers 11h, deux v\u00e9hicules sont entr\u00e9s en collision, \u00e0 hauteur du p\u00e9age d\u2019<strong>Amblainville<\/strong>, dans le sud du d\u00e9partement, dans le sens Paris-Beauvais.<\/p>\n<p class=\" wall-content\">Un accident qui a rapidement tourn\u00e9 \u00e0 <strong>l\u2019incendie<\/strong> : l\u2019un des deux v\u00e9hicules \u00e9tait \u00e9lectrique.<\/p>\n<p>Un \u00e9pais nuage de fum\u00e9e sur l\u2019A16<\/p>\n<p class=\" wall-content\">Les deux voitures ont \u00e9t\u00e9 touch\u00e9es par les flammes, provoquant un \u00e9pais nuage de fum\u00e9e sombre, visible au loin sur l\u2019A16.<\/p>\n<p class=\" wall-content\">La circulation a \u00e9t\u00e9 totalement interrompue sur les voies de l\u2019autoroute, qui relie le Val-d\u2019Oise au Nord, en desservant plusieurs plages comme Fort-Mahon, Berck ou encore Le Touquet.<\/p>\n<p>    <a href=\"https:\/\/www.facebook.com\/plugins\/video.php?height=476&amp;href=https%3A%2F%2Fwww.facebook.com%2FInfoTraficIDF%2Fvideos%2F706190338471174%2F&amp;show_text=true&amp;width=350&amp;t=0\" title=\"Ouvrie le lien\" target=\"_blank\" rel=\"noopener\">Cliquez ici pour visualiser le contenu<\/a><\/p>\n<p>Vid\u00e9os : en ce moment sur ActuDe tr\u00e8s gros bouchons dans le sens Paris-Beauvais<\/p>\n<p class=\" wall-content\">Les sapeurs-pompiers de l\u2019Oise, \u00e9paul\u00e9s par ceux du Val-d\u2019Oise, sont intervenus pour \u00e9teindre l\u2019incendie. A l\u2019int\u00e9rieur des v\u00e9hicules, <strong>six personnes \u00e9taient pr\u00e9sentes<\/strong>. Fort heureusement, aucune n\u2019a \u00e9t\u00e9 bless\u00e9e.<\/p>\n<p class=\" wall-content\">La situation a provoqu\u00e9 une sc\u00e8ne de panique sur l\u2019A16 : plusieurs automobilistes arr\u00eat\u00e9s sont sortis de leur v\u00e9hicule.\u00a0<\/p>\n<p>    <a href=\"https:\/\/www.facebook.com\/plugins\/video.php?height=314&amp;href=https%3A%2F%2Fwww.facebook.com%2Fsylvain.garry.7%2Fvideos%2F1639070113468725%2F%3Fidorvanity%3D313196198829090&amp;show_text=true&amp;width=350&amp;t=0\" title=\"Ouvrie le lien\" target=\"_blank\" rel=\"noopener\">Cliquez ici pour visualiser le contenu<\/a><\/p>\n<p class=\" wall-content\">De <strong>tr\u00e8s gros bouchons<\/strong>, sur plusieurs kilom\u00e8tres, se sont form\u00e9s en fin de matin\u00e9e, dans le sens Paris-Beauvais. L\u2019autoroute a d\u2019ailleurs \u00e9t\u00e9 ferm\u00e9e dans ce sens le temps de l\u2019intervention des secours. Vers 12h30, une voie a pu \u00eatre rouverte.<\/p>\n<p class=\" wall-content\">Suivez toute l\u2019actualit\u00e9 de vos villes et m\u00e9dias favoris en vous inscrivant \u00e0 <a href=\"https:\/\/moncompte.actu.fr\" title=\"D\u00e9couvez Mon Actu\" rel=\"nofollow noopener\" data-trk=\"{&quot;cta&quot;:{&quot;action&quot;:&quot;https:\\\/\\\/moncompte.actu.fr&quot;,&quot;category&quot;:&quot;mon compte&quot;,&quot;from&quot;:&quot;article footer&quot;,&quot;name&quot;:&quot;Mon actu&quot;,&quot;type&quot;:&quot;cta&quot;}}\" target=\"_blank\">Mon Actu<\/a>.<\/p>\n","protected":false},"excerpt":{"rendered":"Par Adrien Deschepper Publi\u00e9 le 8 mai 2025 \u00e0 17h28 Le trafic a \u00e9t\u00e9 tr\u00e8s compliqu\u00e9 sur l\u2019autoroute&hellip;\n","protected":false},"author":2,"featured_media":84925,"comment_status":"","ping_status":"","sticky":false,"template":"","format":"standard","meta":{"footnotes":""},"categories":[1888],"tags":[1111,1928,11,1927,3542,1777,674,118,1011,27,7364,12,1926,626,1925,25],"class_list":{"0":"post-84924","1":"post","2":"type-post","3":"status-publish","4":"format-standard","5":"has-post-thumbnail","7":"category-paris","8":"tag-actu","9":"tag-actu-paris","10":"tag-actualites","11":"tag-actualites-paris","12":"tag-circulation","13":"tag-eu","14":"tag-europe","15":"tag-faits-divers","16":"tag-fr","17":"tag-france","18":"tag-loise","19":"tag-news","20":"tag-news-paris","21":"tag-paris","22":"tag-paris-news","23":"tag-republique-francaise"},"share_on_mastodon":{"url":"https:\/\/pubeurope.com\/@fr\/114473407854515822","error":""},"_links":{"self":[{"href":"https:\/\/www.europesays.com\/fr\/wp-json\/wp\/v2\/posts\/84924","targetHints":{"allow":["GET"]}}],"collection":[{"href":"https:\/\/www.europesays.com\/fr\/wp-json\/wp\/v2\/posts"}],"about":[{"href":"https:\/\/www.europesays.com\/fr\/wp-json\/wp\/v2\/types\/post"}],"author":[{"embeddable":true,"href":"https:\/\/www.europesays.com\/fr\/wp-json\/wp\/v2\/users\/2"}],"replies":[{"embeddable":true,"href":"https:\/\/www.europesays.com\/fr\/wp-json\/wp\/v2\/comments?post=84924"}],"version-history":[{"count":0,"href":"https:\/\/www.europesays.com\/fr\/wp-json\/wp\/v2\/posts\/84924\/revisions"}],"wp:featuredmedia":[{"embeddable":true,"href":"https:\/\/www.europesays.com\/fr\/wp-json\/wp\/v2\/media\/84925"}],"wp:attachment":[{"href":"https:\/\/www.europesays.com\/fr\/wp-json\/wp\/v2\/media?parent=84924"}],"wp:term":[{"taxonomy":"category","embeddable":true,"href":"https:\/\/www.europesays.com\/fr\/wp-json\/wp\/v2\/categories?post=84924"},{"taxonomy":"post_tag","embeddable":true,"href":"https:\/\/www.europesays.com\/fr\/wp-json\/wp\/v2\/tags?post=84924"}],"curies":[{"name":"wp","href":"https:\/\/api.w.org\/{rel}","templated":true}]}}