{"id":849331,"date":"2026-04-05T15:49:18","date_gmt":"2026-04-05T15:49:18","guid":{"rendered":"https:\/\/www.europesays.com\/fr\/849331\/"},"modified":"2026-04-05T15:49:18","modified_gmt":"2026-04-05T15:49:18","slug":"delta-fm-vous-offre-vos-invitations-pour-le-concert-complet-dhelena","status":"publish","type":"post","link":"https:\/\/www.europesays.com\/fr\/849331\/","title":{"rendered":"DELTA FM vous offre vos invitations pour le concert complet d&rsquo;H\u00e9l\u00e9na"},"content":{"rendered":"\n<p><strong>Ev\u00e8nement DELT A FM<\/strong><\/p>\n<p data-start=\"77\" data-end=\"387\">Depuis sa sortie remarqu\u00e9e de la Star Academy, Helena ne cesse de s\u00e9duire le public avec une s\u00e9rie de titres \u00e0 succ\u00e8s. De \u00ab C\u0153ur maladroit \u00bb \u00e0 \u00ab Mauvais gar\u00e7on \u00bb, en passant par \u00ab Tout a chang\u00e9 \u00bb, la jeune artiste s\u2019impose aujourd\u2019hui comme l\u2019une des r\u00e9v\u00e9lations incontournables de la sc\u00e8ne musicale fran\u00e7aise.<\/p>\n<p data-start=\"389\" data-end=\"563\">Pour cl\u00f4turer cette belle ascension, Helena part \u00e0 la rencontre de ses fans avec une ultime date exceptionnelle au Z\u00e9nith de Lille. Un concert tr\u00e8s attendu\u2026 et d\u00e9j\u00e0 complet !<\/p>\n<p data-start=\"565\" data-end=\"663\">Mais bonne nouvelle pour les auditeurs de DELTA FM : il vous reste encore une chance d\u2019y assister.<\/p>\n<p data-start=\"665\" data-end=\"877\">La radio vous offre vos places pour cet \u00e9v\u00e9nement unique. Pour participer, rien de plus simple : envoyez <strong data-start=\"770\" data-end=\"779\">DELTA<\/strong> par SMS au <strong data-start=\"791\" data-end=\"802\">7 17 17<\/strong>. Un tirage au sort aura lieu ce samedi pour d\u00e9signer les heureux gagnants.<\/p>\n<p data-start=\"879\" data-end=\"976\" data-is-last-node=\"\" data-is-only-node=\"\">Ne manquez pas cette opportunit\u00e9 de vivre un moment inoubliable en compagnie d\u2019Helena sur sc\u00e8ne !<\/p>\n","protected":false},"excerpt":{"rendered":"Ev\u00e8nement DELT A FM Depuis sa sortie remarqu\u00e9e de la Star Academy, Helena ne cesse de s\u00e9duire le&hellip;\n","protected":false},"author":2,"featured_media":849332,"comment_status":"","ping_status":"","sticky":false,"template":"","format":"standard","meta":{"footnotes":"","_share_on_mastodon":"0"},"categories":[2815],"tags":[1111,11,92042,4616,3949,1697,92046,14637,92043,1777,674,2087,1011,27,92045,811,5094,2892,1307,34992,12,5486,25,741,92044,5095,6006,16207,7268],"class_list":["post-849331","post","type-post","status-publish","format-standard","has-post-thumbnail","category-lille","tag-actu","tag-actualites","tag-auditeurs","tag-chance","tag-complet","tag-concert","tag-date-finale","tag-delta-fm","tag-dernier-concert","tag-eu","tag-europe","tag-evenement","tag-fr","tag-france","tag-gagner-des-places","tag-hauts-de-france","tag-helena","tag-invitations","tag-lille","tag-musique-live","tag-news","tag-rencontre","tag-republique-francaise","tag-sms","tag-spectacle-unique","tag-star-academy","tag-succes","tag-tirage-au-sort","tag-zenith-de-lille"],"share_on_mastodon":{"url":"https:\/\/pubeurope.com\/@fr\/116352894215896311","error":""},"_links":{"self":[{"href":"https:\/\/www.europesays.com\/fr\/wp-json\/wp\/v2\/posts\/849331","targetHints":{"allow":["GET"]}}],"collection":[{"href":"https:\/\/www.europesays.com\/fr\/wp-json\/wp\/v2\/posts"}],"about":[{"href":"https:\/\/www.europesays.com\/fr\/wp-json\/wp\/v2\/types\/post"}],"author":[{"embeddable":true,"href":"https:\/\/www.europesays.com\/fr\/wp-json\/wp\/v2\/users\/2"}],"replies":[{"embeddable":true,"href":"https:\/\/www.europesays.com\/fr\/wp-json\/wp\/v2\/comments?post=849331"}],"version-history":[{"count":0,"href":"https:\/\/www.europesays.com\/fr\/wp-json\/wp\/v2\/posts\/849331\/revisions"}],"wp:featuredmedia":[{"embeddable":true,"href":"https:\/\/www.europesays.com\/fr\/wp-json\/wp\/v2\/media\/849332"}],"wp:attachment":[{"href":"https:\/\/www.europesays.com\/fr\/wp-json\/wp\/v2\/media?parent=849331"}],"wp:term":[{"taxonomy":"category","embeddable":true,"href":"https:\/\/www.europesays.com\/fr\/wp-json\/wp\/v2\/categories?post=849331"},{"taxonomy":"post_tag","embeddable":true,"href":"https:\/\/www.europesays.com\/fr\/wp-json\/wp\/v2\/tags?post=849331"}],"curies":[{"name":"wp","href":"https:\/\/api.w.org\/{rel}","templated":true}]}}