{"id":84942,"date":"2025-05-08T17:40:09","date_gmt":"2025-05-08T17:40:09","guid":{"rendered":"https:\/\/www.europesays.com\/fr\/84942\/"},"modified":"2025-05-08T17:40:09","modified_gmt":"2025-05-08T17:40:09","slug":"leurope-vise-boeing-le-bourbon-et-les-voitures-americaines","status":"publish","type":"post","link":"https:\/\/www.europesays.com\/fr\/84942\/","title":{"rendered":"l\u2019Europe vise Boeing, le bourbon et les voitures am\u00e9ricaines"},"content":{"rendered":"<p><strong>D\u00c9CRYPTAGE<\/strong> &#8211; Bruxelles cible 95\u00a0milliards d\u2019euros de produits am\u00e9ricains, en repr\u00e9sailles aux droits de douane de Trump.<\/p>\n<p class=\"fig-paragraph\">Revoici le\u00a0<a href=\"http:\/\/www.lefigaro.fr\/conjoncture\/dans-le-kentucky-berceau-du-bourbon-les-producteurs-tetanises-par-la-guerre-commerciale-de-donald-trump-20250317\" target=\"_blank\" data-fig-type=\"Article\" rel=\"noopener\" data-gtm-custom-categorie=\"navigation\" data-gtm-custom-action=\"crossclick\" data-gtm-custom-label=\"Contextuel\" data-gtm-event=\"customEventSPE\" data-fig-domain=\"LEFIGARO\">bourbon du Kentucky<\/a>\u2026 Retir\u00e9 d\u2019une premi\u00e8re liste europ\u00e9enne de produits am\u00e9ricains vis\u00e9s par des mesures de r\u00e9torsion aux droits de douane de Donald Trump &#8211; apr\u00e8s l\u2019intervention de la France et de l\u2019Italie, par peur de repr\u00e9sailles contre leur champagne et leurs vins -, le whisky am\u00e9ricain fait son retour dans un\u00a0<a href=\"http:\/\/www.lefigaro.fr\/conjoncture\/l-union-europeenne-prete-a-repliquer-a-trump-en-taxant-100-milliards-de-dollars-de-produits-americains-20250507\" data-fig-type=\"Article\" data-gtm-custom-categorie=\"navigation\" data-gtm-custom-action=\"crossclick\" data-gtm-custom-label=\"Contextuel\" data-gtm-event=\"customEventSPE\" data-fig-domain=\"LEFIGARO\" target=\"_blank\" rel=\"noopener\">nouveau train de mesures potentielles<\/a>\u00a0d\u00e9voil\u00e9 par Bruxelles. Ces vins et spiritueux am\u00e9ricains, repr\u00e9sentant 1,3\u00a0milliard d\u2019euros d\u2019importations europ\u00e9ennes, font partie d\u2019un nouvel ensemble, d\u00e9voil\u00e9 jeudi, de 95\u00a0milliards d\u2019euros de produits susceptibles d\u2019\u00eatre tax\u00e9s \u00e0 leur tour, aux c\u00f4t\u00e9s des avions de Boeing, des voitures, d\u2019appareils \u00e9lectroniques, d\u2019\u00e9quipements industriels et de produits agricoles.<\/p>\n<p class=\"fig-paragraph\">Alors que Donald Trump annon\u00e7ait jeudi un accord commercial avec le\u00a0<a href=\"http:\/\/www.lefigaro.fr\/flash-eco\/trump-assure-qu-un-accord-commercial-majeur-sera-annonce-jeudi-20250508\" data-fig-type=\"NewsFlash\" data-gtm-custom-categorie=\"navigation\" data-gtm-custom-action=\"crossclick\" data-gtm-custom-label=\"Contextuel\" data-gtm-event=\"customEventSPE\" data-fig-domain=\"LEFIGARO\" target=\"_blank\" rel=\"noopener\">Royaume-Uni,<\/a>\u00a0et que les \u00c9tats-Unis et la Chine s\u2019appr\u00eatent \u00e0 entamer des n\u00e9gociations commerciales, Bruxelles sort au contraire de sa discr\u00e9tion en vigueur depuis la \u00ab\u00a0pause\u00a0\u00bb sur les droits de douane\u2026<\/p>\n<p class=\"fig-premium-paywall__infos\">\n        Cet article est r\u00e9serv\u00e9 aux abonn\u00e9s.        Il vous reste 85% \u00e0 d\u00e9couvrir.\n    <\/p>\n<p>                <img  data- alt=\"Le Figaro\" class=\"fig-img--complete fig-img\"\/><\/p>\n<p class=\"fig-premium-paywall__title\">Je m&rsquo;informe, je m&rsquo;inspire, je m&rsquo;abonne.<\/p>\n<p class=\"fig-premium-paywall__subtitle\">D\u00e9couvrez notre offre de bienvenue.<\/p>\n<p class=\"fig-premium-paywall__connect\">\n                D\u00e9j\u00e0 abonn\u00e9\u00a0?                <a class=\"fig-premium-paywall__connect-link\" href=\"https:\/\/connect.lefigaro.fr\/login?client=horizon_web&amp;type=main&amp;redirect_uri=https%3A%2F%2Fwww.lefigaro.fr%2Fconjoncture%2Fguerre-commerciale-l-europe-vise-boeing-le-bourbon-et-les-voitures-americaines-20250508\" data-js-gtm=\"{&quot;customCategorie&quot;: &quot;conversion&quot;, &quot;customAction&quot;: &quot;before_Landing_Connexion_paywall_auto&quot;, &quot;customLabel&quot;: &quot;bGVmaWdhcm8uZnJfXzFmMDJiZmNjLTY1OTktNjBlZS1iNmFkLTUxYzBlZGNmYzM3Y19fQXJ0aWNsZQ==_Guerre commerciale\u00a0: l\u2019Europe vise Boeing, le bourbon et les voitures am\u00e9ricaines_268&quot;, &quot;customIDSPE&quot;: &quot;bGVmaWdhcm8uZnJfXzFmMDJiZmNjLTY1OTktNjBlZS1iNmFkLTUxYzBlZGNmYzM3Y19fQXJ0aWNsZQ==&quot;, &quot;event&quot;: &quot;customEventSPE&quot;}\" target=\"_blank\" rel=\"noopener\"><br \/>\n                    Connectez-vous<br \/>\n                <\/a>\n            <\/p>\n","protected":false},"excerpt":{"rendered":"D\u00c9CRYPTAGE &#8211; Bruxelles cible 95\u00a0milliards d\u2019euros de produits am\u00e9ricains, en repr\u00e9sailles aux droits de douane de Trump. Revoici&hellip;\n","protected":false},"author":2,"featured_media":84943,"comment_status":"","ping_status":"","sticky":false,"template":"","format":"standard","meta":{"footnotes":""},"categories":[1586],"tags":[339,11,340,343,345,350,130,344,352,349,75,33,341,313,1777,674,1011,27,346,1074,342,353,351,347,12,348,25,354],"class_list":{"0":"post-84942","1":"post","2":"type-post","3":"status-publish","4":"format-standard","5":"has-post-thumbnail","7":"category-europe","8":"tag-actualite-economique","9":"tag-actualites","10":"tag-bourse","11":"tag-cac-40","12":"tag-chef-dentreprise","13":"tag-concurrence","14":"tag-consommation","15":"tag-creation-dentreprise","16":"tag-crise","17":"tag-delocalisations","18":"tag-donald-trump","19":"tag-economie","20":"tag-emploi","21":"tag-entreprises","22":"tag-eu","23":"tag-europe","24":"tag-fr","25":"tag-france","26":"tag-grands-patrons","27":"tag-guerre-commerciale","28":"tag-impots","29":"tag-licenciements","30":"tag-monopole","31":"tag-multinationales","32":"tag-news","33":"tag-privatisation","34":"tag-republique-francaise","35":"tag-unio"},"share_on_mastodon":{"url":"https:\/\/pubeurope.com\/@fr\/114473443213232104","error":""},"_links":{"self":[{"href":"https:\/\/www.europesays.com\/fr\/wp-json\/wp\/v2\/posts\/84942","targetHints":{"allow":["GET"]}}],"collection":[{"href":"https:\/\/www.europesays.com\/fr\/wp-json\/wp\/v2\/posts"}],"about":[{"href":"https:\/\/www.europesays.com\/fr\/wp-json\/wp\/v2\/types\/post"}],"author":[{"embeddable":true,"href":"https:\/\/www.europesays.com\/fr\/wp-json\/wp\/v2\/users\/2"}],"replies":[{"embeddable":true,"href":"https:\/\/www.europesays.com\/fr\/wp-json\/wp\/v2\/comments?post=84942"}],"version-history":[{"count":0,"href":"https:\/\/www.europesays.com\/fr\/wp-json\/wp\/v2\/posts\/84942\/revisions"}],"wp:featuredmedia":[{"embeddable":true,"href":"https:\/\/www.europesays.com\/fr\/wp-json\/wp\/v2\/media\/84943"}],"wp:attachment":[{"href":"https:\/\/www.europesays.com\/fr\/wp-json\/wp\/v2\/media?parent=84942"}],"wp:term":[{"taxonomy":"category","embeddable":true,"href":"https:\/\/www.europesays.com\/fr\/wp-json\/wp\/v2\/categories?post=84942"},{"taxonomy":"post_tag","embeddable":true,"href":"https:\/\/www.europesays.com\/fr\/wp-json\/wp\/v2\/tags?post=84942"}],"curies":[{"name":"wp","href":"https:\/\/api.w.org\/{rel}","templated":true}]}}