{"id":84961,"date":"2025-05-08T17:52:11","date_gmt":"2025-05-08T17:52:11","guid":{"rendered":"https:\/\/www.europesays.com\/fr\/84961\/"},"modified":"2025-05-08T17:52:11","modified_gmt":"2025-05-08T17:52:11","slug":"parcours-duel-roglic-ayuso-bardet-cinq-questions-avant-le-depart-du-tour-ditalie","status":"publish","type":"post","link":"https:\/\/www.europesays.com\/fr\/84961\/","title":{"rendered":"parcours, duel Rogli\u010d-Ayuso , Bardet&#8230; Cinq questions avant le d\u00e9part du Tour d\u2019Italie"},"content":{"rendered":"<p>Le Tour d\u2019Italie 2025 s\u2019\u00e9lance ce vendredi 9 mai d\u2019Albanie et se terminera le 1er juin dans les rues de Rome.<\/p>\n<p>Quel est le parcours\u00a0?<\/p>\n<p class=\"fig-paragraph\">Le parcours du\u00a0<a href=\"http:\/\/www.lefigaro.fr\/sports\/cyclisme\/tour-d-italie-les-coureurs-traverseront-le-vatican-en-hommage-au-pape-francois-lors-de-la-derniere-etape-20250429\" data-fig-type=\"NewsFlash\" data-gtm-custom-categorie=\"navigation\" data-gtm-custom-action=\"crossclick\" data-gtm-custom-label=\"Contextuel\" data-gtm-event=\"customEventSPE\" data-fig-domain=\"LEFIGARO\" target=\"_blank\" rel=\"noopener\">Tour d\u2019Italie<\/a>\u00a0sera, comme souvent, exigeant. Le Grand D\u00e9part sera donn\u00e9, ce vendredi, de Durr\u00ebs, en\u00a0<a href=\"http:\/\/www.lefigaro.fr\/sports\/football\/foot-l-angleterre-facile-face-a-l-albanie-pour-les-debuts-de-tuchel-20250321\" data-fig-type=\"NewsFlash\" data-gtm-custom-categorie=\"navigation\" data-gtm-custom-action=\"crossclick\" data-gtm-custom-label=\"Contextuel\" data-gtm-event=\"customEventSPE\" data-fig-domain=\"LEFIGARO\" target=\"_blank\" rel=\"noopener\">Albanie<\/a>. Les coureurs resteront trois jours dans la partie occidentale de la p\u00e9ninsule des Balkans avec entre autres un premier contre-la-montre individuel autour de Tirana (2e \u00e9tape, 13,7 km) qui devrait cr\u00e9er les premiers \u00e9carts entre les favoris. L\u2019\u00e9preuve rejoindra ensuite les Pouilles et remontera progressivement la \u00abBotte\u00bb avec des \u00e9tapes plus au moins escarp\u00e9es qui pourraient convenir aux sprinteurs. La fin de la premi\u00e8re semaine sera marqu\u00e9e par un passage sur les d\u00e9sormais c\u00e9l\u00e8bres chemins blancs des\u00a0<a href=\"http:\/\/www.lefigaro.fr\/sports\/cyclisme\/cyclisme-malgre-une-chute-pogacar-remporte-pour-la-3e-fois-les-strade-bianche-20250308\" data-fig-type=\"NewsFlash\" data-gtm-custom-categorie=\"navigation\" data-gtm-custom-action=\"crossclick\" data-gtm-custom-label=\"Contextuel\" data-gtm-event=\"customEventSPE\" data-fig-domain=\"LEFIGARO\" target=\"_blank\" rel=\"noopener\">Strade Bianche<\/a>, pr\u00e8s de Sienne (9e \u00e9tape, 181 km).<\/p>\n<p class=\"fig-paragraph\">La deuxi\u00e8me semaine commencera par le deuxi\u00e8me et dernier contre-la-montre individuel, tout plat, entre Lucques et Pise (10e \u00e9tape, 28,6 km). Les grosses cuisses et les puncheurs devraient ensuite avoir l\u2019occasion de se distinguer. Avant que les leaders n\u2019entrent vraiment en sc\u00e8ne pour la terrible troisi\u00e8me semaine de course. Au programme\u00a0? Quatre grosses \u00e9tapes de montagne dont une arriv\u00e9e \u00e0 Bormio (17e \u00e9tape, 154 km) en passant par mythique\u00a0<a href=\"https:\/\/www.lefigaro.fr\/sports\/cyclisme\/giro\/fil-info\/le-mortirolo-dedie-a-scarponi-857366\" data-fig-type=\"NewsFlash\" data-gtm-custom-categorie=\"navigation\" data-gtm-custom-action=\"crossclick\" data-gtm-custom-label=\"Contextuel\" data-gtm-event=\"customEventSPE\" data-fig-domain=\"LEFIGARO\" target=\"_blank\" rel=\"noopener\">Passo del Mortirolo<\/a>\u00a0(12,6 km \u00e0 7,6 %) et une autre \u00e0 Sestri\u00e8res (20e \u00e9tape, 203 km) avec le dantesque Colle delle Finestre (18,5 km \u00e0 9,2 %) \u2013 Cima Coppi de l\u2019\u00e9preuve, c\u2019est-\u00e0-dire le point culminant \u2013 et ses huit derniers kilom\u00e8tres en graviers. Le juge de paix \u2013 sans doute \u2013 de ce Giro di Italia.<\/p>\n<p class=\"fig-body-link\">\n            \u00c0 lire aussi<br \/>\n        <a class=\"fig-body-link__link\" href=\"http:\/\/www.lefigaro.fr\/sports\/cyclisme\/tour-d-italie-les-coureurs-traverseront-le-vatican-en-hommage-au-pape-francois-lors-de-la-derniere-etape-20250429\" data-fig-type=\"NewsFlash\" data-gtm-custom-categorie=\"navigation\" data-gtm-custom-action=\"crossclick\" data-gtm-custom-label=\"Contextuel\" data-gtm-event=\"customEventSPE\" data-fig-domain=\"LEFIGARO\" target=\"_blank\" rel=\"noopener\">Tour d&rsquo;Italie\u00a0: les coureurs traverseront le Vatican en hommage au pape Fran\u00e7ois lors de la derni\u00e8re \u00e9tape<br \/>\n    <\/a>\n<\/p>\n<p>Qui sont les favoris pour le classement g\u00e9n\u00e9ral\u00a0?<\/p>\n<p class=\"fig-paragraph\">L\u2019ann\u00e9e derni\u00e8re,\u00a0<a href=\"http:\/\/www.lefigaro.fr\/sports\/cyclisme\/cyclisme-un-martien-vetu-de-l-arc-en-ciel-il-entretient-la-tyrannie-transforme-le-grand-en-routine-la-presse-europeenne-ebahie-par-la-nouvelle-performance-de-tadej-pogacar-20250428\" data-fig-type=\"NewsFlash\" data-gtm-custom-categorie=\"navigation\" data-gtm-custom-action=\"crossclick\" data-gtm-custom-label=\"Contextuel\" data-gtm-event=\"customEventSPE\" data-fig-domain=\"LEFIGARO\" target=\"_blank\" rel=\"noopener\">Tadej Poga\u010dar<\/a>\u00a0avait \u00e9clabouss\u00e9 le Tour d\u2019Italie de son talent, \u00e9crasant la concurrence sans forcer. Pour cette \u00e9dition 2025, la course s\u2019annonce bien plus ouverte. Deux noms reviennent avec insistance lorsque l\u2019on \u00e9voque les favoris\u00a0:\u00a0<a href=\"http:\/\/www.lefigaro.fr\/sports\/cyclisme\/cyclisme-roglic-remporte-le-tour-de-catalogne-20250330\" data-fig-type=\"NewsFlash\" data-gtm-custom-categorie=\"navigation\" data-gtm-custom-action=\"crossclick\" data-gtm-custom-label=\"Contextuel\" data-gtm-event=\"customEventSPE\" data-fig-domain=\"LEFIGARO\" target=\"_blank\" rel=\"noopener\">Primo\u017e Rogli\u010d<\/a>\u00a0(Red Bull \u2013 Bora \u2013 hansgrohe) et J<a href=\"http:\/\/www.lefigaro.fr\/sports\/cyclisme\/cyclisme-matthew-brennan-signe-un-deuxieme-succes-ayuso-repasse-en-tete-du-tour-de-catalogne-20250328\" data-fig-type=\"NewsFlash\" data-gtm-custom-categorie=\"navigation\" data-gtm-custom-action=\"crossclick\" data-gtm-custom-label=\"Contextuel\" data-gtm-event=\"customEventSPE\" data-fig-domain=\"LEFIGARO\" target=\"_blank\" rel=\"noopener\">uan Ayuso<\/a>\u00a0(UAE Team Emirates \u2013 XRG). Le Slov\u00e8ne \u2013 qui a d\u00e9j\u00e0 remport\u00e9 l\u2019\u00e9preuve, sur le fil, il y a deux ans \u2013 et l\u2019Espagnol \u2013 plus jeune, plus fougueux \u2013 se sont affront\u00e9s sur le Tour de Catalogne en mars dernier. Et c\u2019est le premier cit\u00e9 qui s\u2019\u00e9tait impos\u00e9, de peu. Autant dire qu\u2019ils devraient nous offrir une belle bataille avec leur armada respective.<\/p>\n<p class=\"fig-paragraph\">Mais ils ne seront pas seuls. Derri\u00e8re eux, de nombreux outsiders auront \u00e0 c\u0153ur de profiter de la moindre occasion, du caract\u00e8re impr\u00e9visible du Giro di Italia, pour d\u00e9jouer les pronostics\u00a0: Thymen Arensman et Egan Bernal (INEOS Grenadiers), Richard Carapaz (EF Education \u2013 EasyPost), Derek Gee (Israel \u2013 Premier Tech), Mikel Landa (Soudal Quick Step) et Antonio Tiberi (Bahrain \u2013 Victorious) \u2013 l\u2019espoir de toute l\u2019Italie.<\/p>\n<p class=\"fig-body-link\">\n            \u00c0 lire aussi<br \/>\n        <a class=\"fig-body-link__link\" href=\"http:\/\/www.lefigaro.fr\/sports\/cyclisme\/cyclisme-pas-assez-en-forme-pour-continuer-pauline-ferrand-prevot-quitte-la-vuelta-apres-quatre-etapes-20250508\" data-fig-type=\"NewsFlash\" data-gtm-custom-categorie=\"navigation\" data-gtm-custom-action=\"crossclick\" data-gtm-custom-label=\"Contextuel\" data-gtm-event=\"customEventSPE\" data-fig-domain=\"LEFIGARO\" target=\"_blank\" rel=\"noopener\">Cyclisme\u00a0: \u00abpas assez en forme pour continuer\u00bb, Pauline Ferrand-Pr\u00e9vot quitte la Vuelta apr\u00e8s quatre \u00e9tapes<br \/>\n    <\/a>\n<\/p>\n<p>Que peut-on esp\u00e9rer des Fran\u00e7ais\u00a0?<\/p>\n<p class=\"fig-paragraph\">Au classement g\u00e9n\u00e9ral, pas grand-chose. Romain Bardet (Team Picnic PostNL) \u2013 \u00e0 l\u2019aise l\u2019an dernier sur le Tour d\u2019Italie \u2013 semble un peu trop juste pour jouer les tout premiers r\u00f4les, m\u00eame s\u2019il devrait figurer parmi les dix-quinze meilleurs coureurs quand la route s\u2019\u00e9l\u00e8vera.\u00a0<a href=\"http:\/\/www.lefigaro.fr\/sports\/cyclisme\/cyclisme-le-francais-david-gaudu-opere-d-un-pouce-apres-sa-chute-20250313\" data-fig-type=\"NewsFlash\" data-gtm-custom-categorie=\"navigation\" data-gtm-custom-action=\"crossclick\" data-gtm-custom-label=\"Contextuel\" data-gtm-event=\"customEventSPE\" data-fig-domain=\"LEFIGARO\" target=\"_blank\" rel=\"noopener\">David Gaudu<\/a>\u00a0(Groupama \u2013 FDJ) \u2013 qui d\u00e9couvre le Giro di Italia cette saison \u2013 ne devrait pas non plus pouvoir se m\u00ealer \u00e0 la lutte pour le podium \u2013 et m\u00eame pour le top cinq \u2013, la faute \u00e0 plusieurs chutes \u2013 dont une qui a entra\u00een\u00e9 une fracture de la main sur le Tirreno-Adriatico \u2013 qui ont g\u00ean\u00e9 sa pr\u00e9paration. Il devrait toutefois avoir l\u2019occasion de se montrer dans la troisi\u00e8me semaine.<\/p>\n<p class=\"fig-paragraph\">Le sprinteur-puncheur\u00a0<a href=\"http:\/\/www.lefigaro.fr\/flash-sport\/cyclisme-paul-magnier-s-inscrit-dans-la-duree-avec-soudal-quick-step-20250405\" data-fig-type=\"NewsFlash\" data-gtm-custom-categorie=\"navigation\" data-gtm-custom-action=\"crossclick\" data-gtm-custom-label=\"Contextuel\" data-gtm-event=\"customEventSPE\" data-fig-domain=\"LEFIGARO\" target=\"_blank\" rel=\"noopener\">Paul Magnier<\/a>\u00a0(Soudal Quick Step) sera \u00e0 suivre pour son premier Grand Tour. Il aura plusieurs opportunit\u00e9s pour faire parler sa pointe de vitesse, aussi bien sur des \u00e9tapes plates qu\u2019escarp\u00e9es. Il pourrait bien \u00eatre l\u2019un des outsiders dans la course au maillot par points. Enfin, d\u2019autres Tricolores pourraient bien tirer leur \u00e9pingle du jeu sur une \u00e9tape, en \u00e9chapp\u00e9e, \u00e0 l\u2019image de Dorian Godon (Decathlon AG2R La Mondiale Team) et Quentin Pacher (Groupama \u2013 FDJ).<\/p>\n<p class=\"fig-body-link\">\n            \u00c0 lire aussi<br \/>\n        <a class=\"fig-body-link__link\" href=\"http:\/\/www.lefigaro.fr\/sports\/cyclisme\/cyclisme-le-tas-confirme-la-suspension-pour-dopage-du-cycliste-miguel-angel-lopez-20250507\" data-fig-type=\"NewsFlash\" data-gtm-custom-categorie=\"navigation\" data-gtm-custom-action=\"crossclick\" data-gtm-custom-label=\"Contextuel\" data-gtm-event=\"customEventSPE\" data-fig-domain=\"LEFIGARO\" target=\"_blank\" rel=\"noopener\">Cyclisme\u00a0: le TAS confirme la suspension pour dopage du cycliste Miguel Angel Lopez<br \/>\n    <\/a>\n<\/p>\n<p>Qu\u2019attendre de Romain Bardet pour son dernier Grand Tour\u00a0?<\/p>\n<p class=\"fig-paragraph\">Un dernier Grand Tour avant le Crit\u00e9rium du Dauphin\u00e9 et la retraite sportive.\u00a0<a href=\"http:\/\/www.lefigaro.fr\/sports\/cyclisme\/cyclisme-michael-storer-remporte-la-2e-etape-du-tour-des-alpes-20250422\" data-fig-type=\"NewsFlash\" data-gtm-custom-categorie=\"navigation\" data-gtm-custom-action=\"crossclick\" data-gtm-custom-label=\"Contextuel\" data-gtm-event=\"customEventSPE\" data-fig-domain=\"LEFIGARO\" target=\"_blank\" rel=\"noopener\">Romain Bardet\u00a0<\/a>aborde le Tour d\u2019Italie avec l\u2019envie de finir sa carri\u00e8re sur une bonne note. Le grimpeur du Team Picnic PostNL peut l\u00e9gitimement esp\u00e9rer un bon classement g\u00e9n\u00e9ral \u2013 comme l\u2019an dernier (9e) \u2013 apr\u00e8s son Tour des Alpes encourageant (10e). Il devrait toutefois \u00eatre en retrait par rapport aux favoris et grands outsiders.<\/p>\n<p class=\"fig-paragraph\">Peu importe, son principal objectif de l\u2019autre c\u00f4t\u00e9 des Alpes est de lever les bras pour rentrer dans le cercle ferm\u00e9 des vainqueurs d\u2019\u00e9tapes sur les trois Grands Tours. Le Fran\u00e7ais \u00e2g\u00e9 de 34 ans devrait en avoir l\u2019occasion, que ce soit sur la premi\u00e8re \u00e9tape vallonn\u00e9e en Albanie \u2013 comme il l\u2019avait fait sur le Tour de France l\u2019an dernier \u2013, les routes escarp\u00e9es de la premi\u00e8re et deuxi\u00e8me semaines ou en haute montagne dans le grand final de ce Giro di Italia. Une chose est s\u00fbre, on devrait le voir \u00e0 l\u2019attaque. C\u2019est son temp\u00e9rament.<\/p>\n<p class=\"fig-body-link\">\n            \u00c0 lire aussi<br \/>\n        <a class=\"fig-body-link__link\" href=\"http:\/\/www.lefigaro.fr\/sports\/cyclisme\/cyclisme-caleb-ewan-dit-stop-a-la-competition-avec-effet-immediat-20250506\" data-fig-type=\"NewsFlash\" data-gtm-custom-categorie=\"navigation\" data-gtm-custom-action=\"crossclick\" data-gtm-custom-label=\"Contextuel\" data-gtm-event=\"customEventSPE\" data-fig-domain=\"LEFIGARO\" target=\"_blank\" rel=\"noopener\">Cyclisme\u00a0: Caleb Ewan dit stop \u00e0 la comp\u00e9tition, avec effet imm\u00e9diat<br \/>\n    <\/a>\n<\/p>\n<p>Sur quelle cha\u00eene voir la course\u00a0?<\/p>\n<p class=\"fig-paragraph\">Les suiveurs de cyclisme en ont d\u00e9sormais l\u2019habitude. Le Tour d\u2019Italie, qui s\u2019annonce aussi excitant qu\u2019ind\u00e9cis, sera \u00e0 suivre en exclusivit\u00e9 sur les antennes d\u2019Eurosport. Les \u00e9tapes pourront \u00eatre visionn\u00e9es en int\u00e9gralit\u00e9 avec l\u2019option sport de Max.<\/p>\n","protected":false},"excerpt":{"rendered":"Le Tour d\u2019Italie 2025 s\u2019\u00e9lance ce vendredi 9 mai d\u2019Albanie et se terminera le 1er juin dans les&hellip;\n","protected":false},"author":2,"featured_media":84962,"comment_status":"","ping_status":"","sticky":false,"template":"","format":"standard","meta":{"footnotes":""},"categories":[1411],"tags":[1141,1142,1154,207,1143,1011,27,18629,19413,60,1140,1139,210],"class_list":{"0":"post-84961","1":"post","2":"type-post","3":"status-publish","4":"format-standard","5":"has-post-thumbnail","7":"category-cyclisme","8":"tag-actualite-cyclisme","9":"tag-competition-cyclisme","10":"tag-cycling","11":"tag-cyclisme","12":"tag-cyclisme-actu","13":"tag-fr","14":"tag-france","15":"tag-primoz-roglic","16":"tag-romain-bardet","17":"tag-sports","18":"tag-tour-despagne","19":"tag-tour-ditalie","20":"tag-tour-de-france"},"share_on_mastodon":{"url":"https:\/\/pubeurope.com\/@fr\/114473490388360824","error":""},"_links":{"self":[{"href":"https:\/\/www.europesays.com\/fr\/wp-json\/wp\/v2\/posts\/84961","targetHints":{"allow":["GET"]}}],"collection":[{"href":"https:\/\/www.europesays.com\/fr\/wp-json\/wp\/v2\/posts"}],"about":[{"href":"https:\/\/www.europesays.com\/fr\/wp-json\/wp\/v2\/types\/post"}],"author":[{"embeddable":true,"href":"https:\/\/www.europesays.com\/fr\/wp-json\/wp\/v2\/users\/2"}],"replies":[{"embeddable":true,"href":"https:\/\/www.europesays.com\/fr\/wp-json\/wp\/v2\/comments?post=84961"}],"version-history":[{"count":0,"href":"https:\/\/www.europesays.com\/fr\/wp-json\/wp\/v2\/posts\/84961\/revisions"}],"wp:featuredmedia":[{"embeddable":true,"href":"https:\/\/www.europesays.com\/fr\/wp-json\/wp\/v2\/media\/84962"}],"wp:attachment":[{"href":"https:\/\/www.europesays.com\/fr\/wp-json\/wp\/v2\/media?parent=84961"}],"wp:term":[{"taxonomy":"category","embeddable":true,"href":"https:\/\/www.europesays.com\/fr\/wp-json\/wp\/v2\/categories?post=84961"},{"taxonomy":"post_tag","embeddable":true,"href":"https:\/\/www.europesays.com\/fr\/wp-json\/wp\/v2\/tags?post=84961"}],"curies":[{"name":"wp","href":"https:\/\/api.w.org\/{rel}","templated":true}]}}