{"id":84966,"date":"2025-05-08T17:55:11","date_gmt":"2025-05-08T17:55:11","guid":{"rendered":"https:\/\/www.europesays.com\/fr\/84966\/"},"modified":"2025-05-08T17:55:11","modified_gmt":"2025-05-08T17:55:11","slug":"jai-ete-estomaquee-dans-loise-un-peintre-ouvre-aux-visiteurs-son-jardin-secret-aux-12-000-tulipes","status":"publish","type":"post","link":"https:\/\/www.europesays.com\/fr\/84966\/","title":{"rendered":"\u00ab\u00a0J&rsquo;ai \u00e9t\u00e9 estomaqu\u00e9e\u00a0\u00bb : dans l\u2019Oise, un peintre ouvre aux visiteurs son jardin secret aux 12.000 tulipes"},"content":{"rendered":"<p>Le jardin de l&rsquo;artiste Andr\u00e9 Van Beek \u00e0 Saint-Paul (Oise), l\u2019un des rares jardins de peintre ouvert au public, vaut le d\u00e9tour.Les visiteurs viennent y d\u00e9couvrir quelque 12.000 tulipes en majest\u00e9.Une \u00e9quipe du JT de TF1 s\u2019est rendue dans ce \u00ab\u00a0petit Giverny\u00a0\u00bb \u00e0 une heure de Paris.<a href=\"https:\/\/www.tf1info.fr\/emission\/le-13h-10927\/\" rel=\"nofollow noopener\" class=\"jsx-3118104007 Link jsx-1428418400 jsx-640816507\" target=\"_blank\"><\/p>\n<p style=\"font-weight:400\" class=\"jsx-1837267516\">Suivez la couverture compl\u00e8te<\/p>\n<p style=\"font-weight:800\" class=\"jsx-1837267516\">Le 13H<\/p>\n<p><\/a><\/p>\n<p data-module=\"article-paragraph\" class=\"jsx-362436225 Paragraph Paragraph__End\">\u00ab\u00a0Lorsque la vie vous donne des citrons, faites-en de la limonade\u00a0\u00bb, dit un proverbe anglo-saxon. Andr\u00e9 Van Beek a beau \u00eatre n\u00e9 en Picardie, il a fait sien ce pr\u00e9cepte en transformant un terrain vague de Saint-Paul (Oise) en \u0153uvre d\u2019art. En fait en un jardin hors du commun qu\u2019il a lui-m\u00eame dessin\u00e9, \u00e0 partir des ann\u00e9es 1990, puis con\u00e7u. \u00ab\u00a0J&rsquo;ai cr\u00e9\u00e9 ces bassins avec l&rsquo;orientation est-ouest, pour tous mes reflets de lumi\u00e8re le matin, le soir. C&rsquo;est \u00e7a qui est int\u00e9ressant dans les couleurs\u00a0\u00bb, confie le peintre-jardinier au micro de TF1, dans le reportage du JT de 13H visible en t\u00eate de cet article. Aujourd&rsquo;hui, les visiteurs se pressent dans son paradis d&rsquo;eau, de verdure et de fleurs, rappelant immanquablement, en raison d\u2019une proximit\u00e9 \u00e0 la fois g\u00e9ographique et esth\u00e9tique, le jardin de Giverny qui a tant inspir\u00e9 Claude Monet.<\/p>\n<ul class=\"jsx-3657663356 ReadMoreArticle__List flex flex-column\">\n<li class=\"jsx-3657663356\"><a href=\"https:\/\/www.tf1info.fr\/regions\/video-reportage-l-homme-aux-camelias-je-suis-strictement-amateur-le-jardin-de-ce-retraite-de-plouisy-dans-les-cotes-d-armor-est-unique-au-monde-2364254.html\" rel=\"nofollow noopener\" class=\"jsx-4233824444 Link flex\" target=\"_blank\"><img decoding=\"async\" src=\"https:\/\/www.europesays.com\/fr\/wp-content\/uploads\/2025\/05\/capamateur-b10133-0@1x.jpeg\" alt=\"Lire aussi\" loading=\"lazy\" importance=\"low\" fetchpriority=\"low\" class=\"\"\/>\n<p class=\"jsx-3657663356 ReadMoreArticle__Title\">Lire aussi<\/p>\n<p class=\"jsx-3657663356\">\u00ab\u00a0Je suis strictement amateur\u00a0\u00bb : le jardin de ce retrait\u00e9 des C\u00f4tes-d&rsquo;Armor est unique au monde<\/p>\n<p><\/a><\/li>\n<\/ul>\n<p data-module=\"article-paragraph\" class=\"jsx-362436225 Paragraph Paragraph__End\">\u00c0 la diff\u00e9rence que ce jardin mythique est, lui, longtemps rest\u00e9 ferm\u00e9 au public, du moins durant toute la vie de l\u2019un des fondateurs de l\u2019impressionnisme. Ce qui donne aux curieux venus arpenter celui d\u2019Andr\u00e9 Van Beek, d\u2019une superficie d\u20191,5 hectare, le sentiment d\u2019\u00eatre privil\u00e9gi\u00e9s, car ils peuvent voir l\u2019artiste cr\u00e9er sous leurs yeux, tout en contemplant les ponts, les \u00e9tangs, les n\u00e9nuphars\u2026 \u00ab\u00a0On conna\u00eet Giverny, on a beaucoup aim\u00e9, mais ici, c\u2019est aussi magnifique ! Je n\u2019\u00e9tais jamais venue et l\u00e0, vraiment, quand je suis entr\u00e9e, j\u2019ai \u00e9t\u00e9 estomaqu\u00e9e\u00a0\u00bb, s\u2019enthousiasme une visiteuse.<\/p>\n<p><img decoding=\"async\" src=\"https:\/\/www.europesays.com\/fr\/wp-content\/uploads\/2025\/05\/capture-jt-jardin-peintre-oise-tulipes-369b80-0@1x.jpeg\" alt=\"Le peintre Andr\u00e9 Van Beek parcourt le jardin qu'il a lui-m\u00eame con\u00e7u. - Capture d'\u00e9cran TF1\" loading=\"lazy\" importance=\"low\" fetchpriority=\"low\" class=\"\"\/>Le peintre Andr\u00e9 Van Beek parcourt le jardin qu&rsquo;il a lui-m\u00eame con\u00e7u. &#8211; Capture d&rsquo;\u00e9cran TF1<\/p>\n<p data-module=\"article-paragraph\" class=\"jsx-362436225 Paragraph Paragraph__End\">Andr\u00e9 Van Beek, peintre fran\u00e7ais d\u2019origine n\u00e9erlandaise \u00e2g\u00e9 de 78 ans, ouvre son jardin secret depuis vingt-cinq ans, mais seulement d\u2019avril \u00e0 octobre. Le temps pour lui de profiter de la fr\u00e9quentation pour vendre ses toiles. Cette ann\u00e9e, c\u2019est la tulipe qui est en majest\u00e9 : 12.000 de ces fleurs embl\u00e9matiques illuminent le jardin, en frissonnant aux courants d\u2019air ti\u00e8de du printemps. Un couple venu des Pays-Bas est en pamoison devant tant de beaut\u00e9 : \u00ab\u00a0Magnifique ! Magnifique ! J\u2019ai vu des tulipes que je n\u2019avais jamais vues chez nous\u00a0\u00bb, pointe le mari, en r\u00e9f\u00e9rence aux flamingos queens, litt\u00e9ralement les reines des flamands roses, une vari\u00e9t\u00e9 effectivement tr\u00e8s rare. Non loin de l\u00e0, Marie-Th\u00e9r\u00e8se, l&rsquo;\u00e9pouse d&rsquo;Andr\u00e9, entretient elle-m\u00eame le jardin en l\u2019arrosant tous les jours. Inlassablement. Avec le sourire. Elle dit : \u00ab\u00a0\u00c7a me fait plaisir de faire quelque chose de beau.\u00a0\u00bb<\/p>\n<p>Hamza HIZZIR | Reportage TF1 : S\u00e9bastien HEMBERT, Charles YZERMAN <\/p>\n","protected":false},"excerpt":{"rendered":"Le jardin de l&rsquo;artiste Andr\u00e9 Van Beek \u00e0 Saint-Paul (Oise), l\u2019un des rares jardins de peintre ouvert au&hellip;\n","protected":false},"author":2,"featured_media":84967,"comment_status":"","ping_status":"","sticky":false,"template":"","format":"standard","meta":{"footnotes":""},"categories":[1358],"tags":[1111,11,1921,1348,1384,1385,8981,1386,58,59,1011,27,1922,2575,5008,2041,2661,10076,133,2040],"class_list":{"0":"post-84966","1":"post","2":"type-post","3":"status-publish","4":"format-standard","5":"has-post-thumbnail","7":"category-arts-et-design","8":"tag-actu","9":"tag-actualites","10":"tag-article-video","11":"tag-arts","12":"tag-arts-and-design","13":"tag-arts-et-design","14":"tag-arts-plastiques","15":"tag-design","16":"tag-divertissement","17":"tag-entertainment","18":"tag-fr","19":"tag-france","20":"tag-info","21":"tag-jardinage","22":"tag-le-13h","23":"tag-medias-et-divertissement","24":"tag-patrimoine-culturel","25":"tag-sorties-culturelles","26":"tag-video","27":"tag-video-culture"},"share_on_mastodon":{"url":"https:\/\/pubeurope.com\/@fr\/114473502294696877","error":""},"_links":{"self":[{"href":"https:\/\/www.europesays.com\/fr\/wp-json\/wp\/v2\/posts\/84966","targetHints":{"allow":["GET"]}}],"collection":[{"href":"https:\/\/www.europesays.com\/fr\/wp-json\/wp\/v2\/posts"}],"about":[{"href":"https:\/\/www.europesays.com\/fr\/wp-json\/wp\/v2\/types\/post"}],"author":[{"embeddable":true,"href":"https:\/\/www.europesays.com\/fr\/wp-json\/wp\/v2\/users\/2"}],"replies":[{"embeddable":true,"href":"https:\/\/www.europesays.com\/fr\/wp-json\/wp\/v2\/comments?post=84966"}],"version-history":[{"count":0,"href":"https:\/\/www.europesays.com\/fr\/wp-json\/wp\/v2\/posts\/84966\/revisions"}],"wp:featuredmedia":[{"embeddable":true,"href":"https:\/\/www.europesays.com\/fr\/wp-json\/wp\/v2\/media\/84967"}],"wp:attachment":[{"href":"https:\/\/www.europesays.com\/fr\/wp-json\/wp\/v2\/media?parent=84966"}],"wp:term":[{"taxonomy":"category","embeddable":true,"href":"https:\/\/www.europesays.com\/fr\/wp-json\/wp\/v2\/categories?post=84966"},{"taxonomy":"post_tag","embeddable":true,"href":"https:\/\/www.europesays.com\/fr\/wp-json\/wp\/v2\/tags?post=84966"}],"curies":[{"name":"wp","href":"https:\/\/api.w.org\/{rel}","templated":true}]}}