{"id":84970,"date":"2025-05-08T17:57:10","date_gmt":"2025-05-08T17:57:10","guid":{"rendered":"https:\/\/www.europesays.com\/fr\/84970\/"},"modified":"2025-05-08T17:57:10","modified_gmt":"2025-05-08T17:57:10","slug":"lamericain-robert-francis-prevost-devient-le-pape-leon-xiv","status":"publish","type":"post","link":"https:\/\/www.europesays.com\/fr\/84970\/","title":{"rendered":"L\u2019Am\u00e9ricain Robert Francis Prevost devient le pape L\u00e9on XIV"},"content":{"rendered":"<p><strong>PORTRAIT &#8211; <\/strong>L\u2019Archev\u00eaque am\u00e9ricain, \u00e2g\u00e9 de 69 ans, a \u00e9t\u00e9 \u00e9lu pape ce 8 mai 2025 \u00e0 l\u2019issue du conclave.<\/p>\n<p class=\"fig-paragraph\">L\u2019Archev\u00eaque am\u00e9ricain Robert Francis Prevost a \u00e9t\u00e9 \u00e9lu pape ce 8 mai 2025 et prendra le nom de L\u00e9on XIV, a annonc\u00e9 le Vatican. \u00c0 69 ans, il devient le 267e souverain pontife de l\u2019histoire et succ\u00e8de \u00e0 Fran\u00e7ois,\u00a0<a href=\"http:\/\/www.lefigaro.fr\/actualite-france\/dossier\/mort-du-pape-francois-reactions-analyses-funerailles\" data-fig-type=\"Topic\" data-gtm-custom-categorie=\"navigation\" data-gtm-custom-action=\"crossclick\" data-gtm-custom-label=\"Contextuel\" data-gtm-event=\"customEventSPE\" data-fig-domain=\"LEFIGARO\" target=\"_blank\" rel=\"noopener\">d\u00e9c\u00e9d\u00e9 le 21 avril dernier<\/a>.<\/p>\n<p class=\"fig-paragraph\">C\u2019est un homme de Dieu discret, presque timide, que les cardinaux viennent d\u2019\u00e9lire pape. Pourtant, l\u2019Am\u00e9ricain Robert Francis Prevost a men\u00e9 une vie missionnaire audacieuse, d\u2019abord comme pr\u00eatre au P\u00e9rou, dans les antiques terres incas, puis comme \u00e9v\u00eaque dans ce pays d\u2019Am\u00e9rique du Sud couvrant une partie de la for\u00eat amazonienne, grand comme deux fois la France. Il fit presque figure d\u2019exception car au sein de l\u2019\u00e9piscopat latino-am\u00e9ricain, les ressortissants des \u00c9tats-Unis sont tr\u00e8s rares. Soucieux de renouveler l\u2019\u00e9piscopat mondial dans une perspective missionnaire de proximit\u00e9 aux plus pauvres, le pape Fran\u00e7ois l\u2019appela \u00e0 Rome en 2023 pour diriger le puissant dicast\u00e8re charg\u00e9 de s\u00e9lectionner les \u00e9v\u00eaques du monde. Cr\u00e9\u00e9 cardinal cette ann\u00e9e-l\u00e0, ce religieux de l\u2019Ordre de Saint Augustin &#8211; qui depuis sa fondation au XIIIe si\u00e8cle se r\u00e9f\u00e8re \u00e0 la r\u00e8gle du c\u00e9l\u00e8bre auteur des Confessions &#8211; a donc un parcours tr\u00e8s atypique.<\/p>\n<p class=\"fig-paragraph\">Issu d\u2019une famille d\u2019ascendance fran\u00e7aise, italienne et espagnole, il est n\u00e9 \u00e0 Chicago le 14 septembre 1955, en la f\u00eate de la Sainte Croix. Apr\u00e8s sa formation en math\u00e9matiques et en philosophie \u00e0 l\u2019universit\u00e9 de Villanova \u00e0 Philadelphie, il entre en 1977 en noviciat chez les p\u00e8res augustiniens, o\u00f9 il prononce ses v\u0153ux quatre ans plus tard, avant de recevoir l\u2019ordination sacerdotale en 1982 \u00e0 Rome. C\u2019est une figure consid\u00e9r\u00e9e comme \u00abprogressiste\u00bb au sein de la Curie romaine qui lui impose les mains pour lui conf\u00e9rer le sacrement de l\u2019ordre\u00a0: Mgr Jean Jadot (1909-2009), diplomate du Saint-Si\u00e8ge alors pro-pr\u00e9sident du secr\u00e9tariat pour les non-chr\u00e9tiens. Cet archev\u00eaque de nationalit\u00e9 belge avait \u00e9t\u00e9 d\u00e9l\u00e9gu\u00e9 apostolique aux \u00c9tats-Unis de 1973 \u00e0 1980, \u00e0 une \u00e9poque o\u00f9 la nonciature n\u2019existait pas encore en raison de l\u2019absence de relations diplomatiques formelles entre Washington et le Saint-Si\u00e8ge.<\/p>\n<p>Missionnaire au P\u00e9rou<\/p>\n<p class=\"fig-paragraph\">Robert Francis Prevost obtient en 1987 un doctorat en droit canonique \u00e0 l\u2019Angelicum (Universit\u00e9 pontificale Saint-Thomas d\u2019Aquin) avec une th\u00e8se sur le r\u00f4le du prieur local de l\u2019Ordre de Saint-Augustin. Malgr\u00e9 l\u2019engagement \u00e0 pr\u00e9parer sa th\u00e8se, il d\u00e9sire faire une exp\u00e9rience missionnaire au P\u00e9rou en 1985, o\u00f9 il occupe la fonction de chancelier du dioc\u00e8se de Chulucanas et de vicaire de la cath\u00e9drale. Conquis par la chaleur communicative et le sens de la transcendance du peuple p\u00e9ruvien, il ne retourne que quelques mois dans son Illinois natal comme responsable de la pastorale des vocations et directeur des missions pour sa province, avant de repartir au P\u00e9rou en 1988 pour une dizaine d\u2019ann\u00e9es au cours desquelles il a de nombreuses responsabilit\u00e9s dans l\u2019archidioc\u00e8se de Trujillo, au bord de l\u2019oc\u00e9an Pacifique.<\/p>\n<p class=\"fig-paragraph\">Il y fonde une paroisse dont il est le premier cur\u00e9, et est aussi prieur de sa communaut\u00e9 religieuse, juge eccl\u00e9siastique, directeur du s\u00e9minaire augustinien, ainsi que pr\u00e9fet des \u00e9tudes et recteur du s\u00e9minaire dioc\u00e9sain, o\u00f9 il enseigne le droit canonique, la patristique et la morale. \u00c9lu provincial pour sa r\u00e9gion d\u2019origine couvrant le Midwest am\u00e9ricain, il rentre \u00e0 Chicago en 1999. Le p\u00e8re Prevost est ensuite \u00e9lu prieur g\u00e9n\u00e9ral de l\u2019Ordre de Saint-Augustin, une charge qu\u2019il exerce durant deux mandats de six ans, de 2001 \u00e0 2013.<\/p>\n<p class=\"fig-paragraph\">Apr\u00e8s une ann\u00e9e de transition comme directeur de la formation au couvent de Saint-Augustin \u00e0 Chicago, premier conseiller et vicaire provincial, le pape Fran\u00e7ois le renvoie au P\u00e9rou en novembre 2014, d\u2019abord comme administrateur apostolique du dioc\u00e8se de Chiclayo, puis comme \u00e9v\u00eaque du m\u00eame dioc\u00e8se, un an apr\u00e8s. Ce dioc\u00e8se de 50 paroisses qui s\u2019\u00e9tend sur plus de 15 000 km2, situ\u00e9 au nord du P\u00e9rou, comptait 90 pr\u00eatres incardin\u00e9s en 2022, pour une population totale de 1,3 million d\u2019habitants, parmi lesquels 83% de catholiques.<\/p>\n<p>Qualit\u00e9s de m\u00e9diateur<\/p>\n<p class=\"fig-paragraph\">Mgr Prevost exerce en plus la charge d\u2019administrateur apostolique du dioc\u00e8se de Callao, le grand port sur le Pacifique, de 2020 \u00e0 2021. Au sein de la conf\u00e9rence des \u00e9v\u00eaques du P\u00e9rou, il est \u00e9lu vice-pr\u00e9sident, devenant membre du conseil permanent de 2018 \u00e0 2023, et pr\u00e9sident de la commission pour l\u2019\u00e9ducation et la culture de 2019 \u00e0 2023. Avec le pr\u00e9sident de la conf\u00e9rence des \u00e9v\u00eaques du P\u00e9rou, il joue un r\u00f4le important pour la stabilit\u00e9 institutionnelle durant les crises politiques successives qui m\u00e8nent aux renversements des pr\u00e9sidents Pedro Pablo Kuczynski en 2018, Mart\u00edn Vizcarra et Manuel Merino en 2020, et Pedro Castillo en 2022. Ce qui laisse augurer des qualit\u00e9s certaines de m\u00e9diateur chez le nouveau pape qui devra probablement s\u2019affronter diplomatiquement au pr\u00e9sident Trump, en particulier au sujet du sort des migrants \u00e0 la fronti\u00e8re mexicaine.<\/p>\n<p class=\"fig-paragraph\">C\u2019est en janvier 2018, au cours du voyage pontifical au P\u00e9rou, que Fran\u00e7ois rep\u00e8re Mgr Prevost, re\u00e7u en audience priv\u00e9e en 2021. Il le nomme rapidement membre du dicast\u00e8re pour le Clerg\u00e9, en juillet 2019, et du dicast\u00e8re pour les \u00c9v\u00eaques en novembre 2020, avant de lui confier un dicast\u00e8re strat\u00e9gique, celui des \u00e9v\u00eaques, charg\u00e9 de s\u00e9lectionner les premiers responsables des dioc\u00e8ses dans les pays depuis longtemps \u00e9vang\u00e9lis\u00e9s, essentiellement situ\u00e9s dans l\u2019h\u00e9misph\u00e8re Nord.<\/p>\n<p class=\"fig-paragraph\">Prenant la succession effective du cardinal Marc Ouellet le 12 avril 2023, de sensibilit\u00e9 plus traditionnelle, il devient le premier \u00e9v\u00eaque missionnaire nomm\u00e9 \u00e0 ce poste. Les terres de mission demeurent sous la juridiction du dicast\u00e8re pour l\u2019\u00c9vang\u00e9lisation, l\u2019ex-congr\u00e9gation pour l\u2019\u00c9vang\u00e9lisation des peuples. Cependant, des \u00e9v\u00eaques venus des pays de l\u2019h\u00e9misph\u00e8re Sud ont parfois occup\u00e9 la charge de pr\u00e9fet du dicast\u00e8re pour les \u00e9v\u00eaques, tels que les cardinaux Bernardin Gantin, b\u00e9ninois, de 1984 \u00e0 1998 et Lucas Moreira Neves, br\u00e9silien, de 1998 \u00e0 2000. Durant ses premiers mois de mandat, le nouveau pr\u00e9fet, rest\u00e9 discret dans les m\u00e9dias, est appr\u00e9ci\u00e9 pour sa qualit\u00e9 d\u2019\u00e9coute et sa ma\u00eetrise des dossiers.<\/p>\n<p class=\"fig-paragraph\">\u00c0 peine \u00e9lu, le nouveau pape doit faire face \u00e0 une pol\u00e9mique\u00a0: ses deux ann\u00e9es \u00e0 la t\u00eate de la province augustinienne Notre-Dame-du Bon Conseil (1999-2001) ont fait l\u2019objet, vingt ans plus tard, de vives critiques de la presse am\u00e9ricaine en raison de son attitude dans une affaire d\u2019abus sexuels sur mineurs impliquant un membre de sa congr\u00e9gation. En tant que provincial, en septembre 2000, Prevost avait en effet permis l\u2019accueil d\u2019un religieux condamn\u00e9 pour abus sexuels sur mineurs dans un prieur\u00e9 augustinien situ\u00e9 pr\u00e8s d\u2019une \u00e9cole primaire. Avec le durcissement des r\u00e8gles \u00e9tablies par l\u2019\u00e9piscopat am\u00e9ricain, ce pr\u00eatre a \u00e9t\u00e9 \u00e9cart\u00e9 de cette r\u00e9sidence, avant d\u2019\u00eatre \u00abr\u00e9duit \u00e0 l\u2019\u00e9tat la\u00efc\u00bb selon l\u2019expression consacr\u00e9e, en 2012, apr\u00e8s la d\u00e9couverte de nouvelles affaires le mettant en cause.<\/p>\n<p class=\"fig-paragraph\">En tant que pr\u00e9fet du dicast\u00e8re pour les \u00e9v\u00eaques, le cardinal Prevost a eu ensuite pour mission d\u2019appliquer les r\u00e8gles du motu proprio du pape Fran\u00e7ois Vos estis lux mundi, qui peut amener \u00e0 la d\u00e9mission d\u2019\u00e9v\u00eaques reconnus coupables de n\u00e9gligence, de couverture ou de mauvaise gestion de cas d\u2019abus impliquant des pr\u00eatres situ\u00e9s sous leur juridiction. Membre du Synode sur la synodalit\u00e9, ce grand chantier lanc\u00e9 en 2021 pour rendre l\u2019\u00c9glise plus inclusive et moins cl\u00e9ricale, le cardinal Prevost a \u00e9t\u00e9 particuli\u00e8rement impliqu\u00e9 dans les r\u00e9flexions sur les nominations d\u2019\u00e9v\u00eaques et leur mode de gouvernance, d\u00e9clarant que le processus de s\u00e9lection devait \u00eatre plus synodal, c\u2019est-\u00e0-dire impliquer notamment des la\u00efcs, ce qui \u00e9tait de toute fa\u00e7on d\u00e9j\u00e0 pr\u00e9vu dans le droit de l\u2019\u00c9glise mais pas toujours mis en pratique au niveau des nonciatures.<\/p>\n<p>Personnalit\u00e9 discr\u00e8te et paisible<\/p>\n<p class=\"fig-paragraph\">Lors de la deuxi\u00e8me phase du Synode sur la synodalit\u00e9, en 2024, il a mis en valeur l\u2019importance d\u2019une formation commune pour les \u00e9v\u00eaques des dioc\u00e8ses de l\u2019h\u00e9misph\u00e8re Nord et ceux des dioc\u00e8ses dits \u00abde mission\u00bb, invitant \u00e0 mieux articuler le lien entre Rome et les \u00c9glises locales et \u00e0 \u00e9largir la s\u00e9lection des nouveaux \u00e9v\u00eaques en consultant le peuple de Dieu. Dans un entretien aux m\u00e9dias du Vatican en 2023, il avait pour autant expliqu\u00e9 ne pas souhaiter que le choix des \u00e9v\u00eaques soit le r\u00e9sultat d\u2019un processus d\u00e9mocratique ou politique, d\u00e9fendant en cela la tradition de l\u2019\u00c9glise.<\/p>\n<p class=\"fig-paragraph\">Dans le m\u00eame registre, d\u00e9but 2024, il faisait partie des \u00e9v\u00eaques de la Curie qui ont bloqu\u00e9 le projet de \u00abConseil synodal\u00bb du Synode allemand, cette structure voulue pour permettre \u00e0 des repr\u00e9sentants la\u00efcs d\u00e9sign\u00e9s d\u00e9mocratiquement de participer pleinement \u00e0 la gouvernance de l\u2019\u00c9glise catholique dans le pays. Sur la question du r\u00f4le des femmes, le nouveau pape suivra la ligne de Fran\u00e7ois, \u00e9cartant la possibilit\u00e9 de femmes diacres, une d\u00e9cision qui selon lui risquerait de \u00abcl\u00e9ricaliser\u00bb la femme dont la vocation dans l\u2019\u00c9glise n\u2019est pas de l\u2019ordre du minist\u00e8re ordonn\u00e9. Le cardinal Prevost a largement plaid\u00e9 cependant pour donner davantage d\u2019espace aux femmes, notamment \u00e0 des postes de responsabilit\u00e9s. Son dicast\u00e8re s\u2019est d\u2019ailleurs transform\u00e9 dans ce sens puisque trois femmes y si\u00e8gent. Son pontificat, fid\u00e8le aux avanc\u00e9es de celui qui l\u2019a pr\u00e9c\u00e9d\u00e9, sera certainement plus serein, \u00e0 l\u2019image de la personnalit\u00e9 discr\u00e8te et paisible du Pape L\u00e9on XIV.<\/p>\n","protected":false},"excerpt":{"rendered":"PORTRAIT &#8211; L\u2019Archev\u00eaque am\u00e9ricain, \u00e2g\u00e9 de 69 ans, a \u00e9t\u00e9 \u00e9lu pape ce 8 mai 2025 \u00e0 l\u2019issue&hellip;\n","protected":false},"author":2,"featured_media":84971,"comment_status":"","ping_status":"","sticky":false,"template":"","format":"standard","meta":{"footnotes":""},"categories":[1356],"tags":[47,1058,1054,1059,1060,1055,58,1057,59,118,1011,27,1061,303,12672,1062,656,104,1056,252,1364,809],"class_list":{"0":"post-84970","1":"post","2":"type-post","3":"status-publish","4":"format-standard","5":"has-post-thumbnail","7":"category-television","8":"tag-actualite","9":"tag-actualite-education","10":"tag-actualite-france","11":"tag-actualite-justice","12":"tag-actualite-securite","13":"tag-actualite-societe","14":"tag-divertissement","15":"tag-education","16":"tag-entertainment","17":"tag-faits-divers","18":"tag-fr","19":"tag-france","20":"tag-immigration","21":"tag-justice","22":"tag-pape","23":"tag-polemique","24":"tag-securite","25":"tag-societe","26":"tag-societe-francaise","27":"tag-television","28":"tag-tv","29":"tag-violence"},"share_on_mastodon":{"url":"https:\/\/pubeurope.com\/@fr\/114473510119999609","error":""},"_links":{"self":[{"href":"https:\/\/www.europesays.com\/fr\/wp-json\/wp\/v2\/posts\/84970","targetHints":{"allow":["GET"]}}],"collection":[{"href":"https:\/\/www.europesays.com\/fr\/wp-json\/wp\/v2\/posts"}],"about":[{"href":"https:\/\/www.europesays.com\/fr\/wp-json\/wp\/v2\/types\/post"}],"author":[{"embeddable":true,"href":"https:\/\/www.europesays.com\/fr\/wp-json\/wp\/v2\/users\/2"}],"replies":[{"embeddable":true,"href":"https:\/\/www.europesays.com\/fr\/wp-json\/wp\/v2\/comments?post=84970"}],"version-history":[{"count":0,"href":"https:\/\/www.europesays.com\/fr\/wp-json\/wp\/v2\/posts\/84970\/revisions"}],"wp:featuredmedia":[{"embeddable":true,"href":"https:\/\/www.europesays.com\/fr\/wp-json\/wp\/v2\/media\/84971"}],"wp:attachment":[{"href":"https:\/\/www.europesays.com\/fr\/wp-json\/wp\/v2\/media?parent=84970"}],"wp:term":[{"taxonomy":"category","embeddable":true,"href":"https:\/\/www.europesays.com\/fr\/wp-json\/wp\/v2\/categories?post=84970"},{"taxonomy":"post_tag","embeddable":true,"href":"https:\/\/www.europesays.com\/fr\/wp-json\/wp\/v2\/tags?post=84970"}],"curies":[{"name":"wp","href":"https:\/\/api.w.org\/{rel}","templated":true}]}}