{"id":84974,"date":"2025-05-08T17:59:26","date_gmt":"2025-05-08T17:59:26","guid":{"rendered":"https:\/\/www.europesays.com\/fr\/84974\/"},"modified":"2025-05-08T17:59:26","modified_gmt":"2025-05-08T17:59:26","slug":"soudan-souviens-toi-rumours-nuit-blanche-au-sommet-un-monde-merveilleux-liberation","status":"publish","type":"post","link":"https:\/\/www.europesays.com\/fr\/84974\/","title":{"rendered":"\u00abSoudan, souviens-toi\u00bb, \u00abRumours, nuit blanche au sommet\u00bb, \u00abUn monde merveilleux\u00bb\u2026 \u2013 Lib\u00e9ration"},"content":{"rendered":"<p class=\"sc-ksZaOG ehjQrN text-element\">Pour aider nos lecteurs \u00e0 s\u2019y retrouver dans une offre culturelle foisonnante, les journalistes du service Culture de Lib\u00e9 vous d\u00e9blaient le terrain dans l\u2019actualit\u00e9 des sorties de films, d\u2019albums, de spectacles, de s\u00e9ries et d\u2019expositions. <a href=\"https:\/\/www.liberation.fr\/selections-culture\/\" rel=\"noopener\" title=\"https:\/\/www.liberation.fr\/selections-culture\/\" target=\"_blank\">Retrouvez l\u2019ensemble de nos s\u00e9lections<\/a>.<\/p>\n<p class=\"sc-ksZaOG ehjQrN text-element\">Servi par un casting excellent, le savoureux film de Guy Maddin, Evan Johnson et Galen Johnson raille l\u2019incomp\u00e9tence et le verbiage politique sans se d\u00e9partir d\u2019un certain onirisme. Le retour en grande forme d\u2019un cin\u00e9aste notoirement inclassable. <a href=\"https:\/\/www.liberation.fr\/culture\/cinema\/rumours-nuit-blanche-au-sommet-avec-cate-blanchett-farce-de-frappe-20250506_SIONO5UXEBDUJH3BFQHPISJNXE\/\" target=\"_blank\" rel=\"noopener\" title=\"https:\/\/www.liberation.fr\/culture\/cinema\/rumours-nuit-blanche-au-sommet-avec-cate-blanchett-farce-de-frappe-20250506_SIONO5UXEBDUJH3BFQHPISJNXE\/\">Lire notre critique<\/a> et <a href=\"https:\/\/www.liberation.fr\/culture\/cinema\/cate-blanchett-et-guy-maddin-cest-tres-utile-a-lapproche-de-larmageddon-de-pouvoir-faire-du-cinema-20250506_GPF2LHSATFDJFHU5QPEXR6PFSI\/\" target=\"_blank\" rel=\"noopener\" title=\"https:\/\/www.liberation.fr\/culture\/cinema\/cate-blanchett-et-guy-maddin-cest-tres-utile-a-lapproche-de-larmageddon-de-pouvoir-faire-du-cinema-20250506_GPF2LHSATFDJFHU5QPEXR6PFSI\/\">entretien avec Cate Blanchett et Guy Maddin<\/a>.  <\/p>\n<\/p>\n<p class=\"sc-ksZaOG ehjQrN text-element\">Oscillant entre espoir et ironie tragique, ce beau documentaire rend hommage \u00e0 l\u2019\u00e9lan de ferveur qui a mobilis\u00e9 les Soudanais durant la r\u00e9volution de 2019. <a href=\"https:\/\/www.liberation.fr\/culture\/cinema\/soudan-souviens-toi-portrait-dune-nuee-debout-20250506_MAYWQ4NO2ZATZCJVSZ6OZTCQIU\/\" target=\"_blank\" rel=\"noopener\" title=\"https:\/\/www.liberation.fr\/culture\/cinema\/soudan-souviens-toi-portrait-dune-nuee-debout-20250506_MAYWQ4NO2ZATZCJVSZ6OZTCQIU\/\">Lire notre critique<\/a>.<\/p>\n<\/p>\n<p class=\"sc-ksZaOG ehjQrN text-element\">Beau film sur l\u2019intimit\u00e9 des femmes, leurs relations almoureuses ou amicales, le nouveau long m\u00e9trage de la cin\u00e9aste allemande sort en compagnie de \u00abl\u2019Amie\u00bb (1983). <a href=\"https:\/\/www.liberation.fr\/culture\/margarethe-von-trotta-couples-declats-20250506_BDNB3YFT2FG4DDCEMNMIWWYGVQ\/\" target=\"_blank\" rel=\"noopener\" title=\"https:\/\/www.liberation.fr\/culture\/margarethe-von-trotta-couples-declats-20250506_BDNB3YFT2FG4DDCEMNMIWWYGVQ\/\">Lire notre critique.<\/a><\/p>\n<\/p>\n<p class=\"sc-ksZaOG ehjQrN text-element\">La fiction combative de la cin\u00e9aste libanaise, qui ressort en salles ce mercredi 7 mai, survole avec onirisme la place des femmes en huit d\u00e9cennies d\u2019histoire de la Palestine et du Liban. <a href=\"https:\/\/www.liberation.fr\/culture\/cinema\/leila-et-les-loups-de-heiny-srour-mille-et-un-cris-20250507_CMYWLEC42ZAGBBDDMBA2CK377A\/\" target=\"_blank\" rel=\"noreferrer noopener\" title=\"https:\/\/www.liberation.fr\/culture\/cinema\/leila-et-les-loups-de-heiny-srour-mille-et-un-cris-20250507_CMYWLEC42ZAGBBDDMBA2CK377A\/\">Lire notre critique.<\/a><\/p>\n<\/p>\n<p class=\"sc-ksZaOG ehjQrN text-element\">Le cin\u00e9aste alg\u00e9rien signe un thriller peu convaincant autour de l\u2019h\u00e9ritage toxique du patriarcat, o\u00f9 un fils d\u2019industriel voit dispara\u00eetre son reflet. <a href=\"https:\/\/www.liberation.fr\/culture\/cinema\/leffacement-de-karim-moussaoui-mepris-de-glace-20250506_VIL5MAQ2TFFRDD4ZQCRUI57P74\/\" target=\"_blank\" rel=\"noreferrer noopener\" title=\"https:\/\/www.liberation.fr\/culture\/cinema\/leffacement-de-karim-moussaoui-mepris-de-glace-20250506_VIL5MAQ2TFFRDD4ZQCRUI57P74\/\">Lire notre critique.<\/a> <\/p>\n<\/p>\n<p class=\"sc-ksZaOG ehjQrN text-element\">Inventif et angoiss\u00e9, ce premier long m\u00e9trage imagine un futur proche peupl\u00e9 d\u2019andro\u00efdes o\u00f9 se d\u00e9bat une m\u00e8re rebelle, interpr\u00e9t\u00e9e par Blanche Gardin. <a href=\"https:\/\/www.liberation.fr\/culture\/cinema\/un-monde-merveilleux-avec-blanche-gardin-allo-maman-robot-20250506_B36Q3M63DJEHDAA3AVRMIHLYJA\/\" target=\"_blank\" rel=\"noopener\" title=\"https:\/\/www.liberation.fr\/culture\/cinema\/un-monde-merveilleux-avec-blanche-gardin-allo-maman-robot-20250506_B36Q3M63DJEHDAA3AVRMIHLYJA\/\">Lire notre critique<\/a>.<\/p>\n<\/p>\n<p class=\"sc-ksZaOG ehjQrN text-element\">Le cin\u00e9aste tunisien revient sur une attaque jihadiste qui a boulevers\u00e9 son pays en 2015, \u00e0 travers une dramaturgie t\u00e9nue et un casting criant de v\u00e9rit\u00e9. <a href=\"https:\/\/www.liberation.fr\/culture\/cinema\/les-enfants-rouges-de-lotfi-achour-fiction-hommage-pour-un-berger-assassine-en-tunisie-20250507_KNFLUDHFPVBLZGFY33SNKD7644\/\" target=\"_blank\" rel=\"noreferrer noopener\" title=\"https:\/\/www.liberation.fr\/culture\/cinema\/les-enfants-rouges-de-lotfi-achour-fiction-hommage-pour-un-berger-assassine-en-tunisie-20250507_KNFLUDHFPVBLZGFY33SNKD7644\/\">Lire notre critique.<\/a> <\/p>\n<\/p>\n<p class=\"sc-ksZaOG ehjQrN text-element\">Le film de la cin\u00e9aste fran\u00e7aise s\u2019infiltre dans les arcanes mercantiles du football en racontant l\u2019histoire de Brahim, jeune prodige suscitant les convoitises. <a href=\"https:\/\/www.youtube.com\/watch?v=o4LwEo2zZG8&amp;pp=ygUZbGVzIGFyw6huZXMgYmFuZGUgYW5ub25jZQ%3D%3D\" target=\"_blank\" rel=\"noopener\" title=\"https:\/\/www.youtube.com\/watch?v=o4LwEo2zZG8&amp;pp=ygUZbGVzIGFyw6huZXMgYmFuZGUgYW5ub25jZQ%3D%3D\">Lire notre critique<\/a>.<\/p>\n<\/p>\n<p class=\"sc-ksZaOG ehjQrN text-element\"><b>A retenir, donc : Cate<\/b> <b>Blanchett g\u00e9niale en pseudo-Angela Merkel, dans une satire zizin sur des leaders mondiaux en perdition<\/b>, <b>un documentaire sur la r\u00e9volution soudanaise pleine de ferveur, d\u2019id\u00e9al, de po\u00e9sie et de nuit, et de belles ressorties patrimoine pour nous faire patienter jusqu\u2019au festival de Cannes. Chaque jour, retrouvez les choix du service Culture de <\/b><b>Lib\u00e9 <\/b><b>: expositions le lundi, th\u00e9\u00e2tre, danse et op\u00e9ra le mardi, sorties cin\u00e9 le mercredi, musique le vendredi, s\u00e9ries le dimanche. Ainsi que le Top 10 de la semaine le samedi. Tout ce qui nous a plu (et parfois d\u00e9plu) dans l\u2019actualit\u00e9 de la culture.<\/b><\/p>\n","protected":false},"excerpt":{"rendered":"Pour aider nos lecteurs \u00e0 s\u2019y retrouver dans une offre culturelle foisonnante, les journalistes du service Culture de&hellip;\n","protected":false},"author":2,"featured_media":84975,"comment_status":"","ping_status":"","sticky":false,"template":"","format":"standard","meta":{"footnotes":""},"categories":[1354],"tags":[58,59,1346,1011,27,1360,6517],"class_list":{"0":"post-84974","1":"post","2":"type-post","3":"status-publish","4":"format-standard","5":"has-post-thumbnail","7":"category-films","8":"tag-divertissement","9":"tag-entertainment","10":"tag-films","11":"tag-fr","12":"tag-france","13":"tag-movies","14":"tag-sorties-cinema"},"share_on_mastodon":{"url":"https:\/\/pubeurope.com\/@fr\/114473517900480088","error":""},"_links":{"self":[{"href":"https:\/\/www.europesays.com\/fr\/wp-json\/wp\/v2\/posts\/84974","targetHints":{"allow":["GET"]}}],"collection":[{"href":"https:\/\/www.europesays.com\/fr\/wp-json\/wp\/v2\/posts"}],"about":[{"href":"https:\/\/www.europesays.com\/fr\/wp-json\/wp\/v2\/types\/post"}],"author":[{"embeddable":true,"href":"https:\/\/www.europesays.com\/fr\/wp-json\/wp\/v2\/users\/2"}],"replies":[{"embeddable":true,"href":"https:\/\/www.europesays.com\/fr\/wp-json\/wp\/v2\/comments?post=84974"}],"version-history":[{"count":0,"href":"https:\/\/www.europesays.com\/fr\/wp-json\/wp\/v2\/posts\/84974\/revisions"}],"wp:featuredmedia":[{"embeddable":true,"href":"https:\/\/www.europesays.com\/fr\/wp-json\/wp\/v2\/media\/84975"}],"wp:attachment":[{"href":"https:\/\/www.europesays.com\/fr\/wp-json\/wp\/v2\/media?parent=84974"}],"wp:term":[{"taxonomy":"category","embeddable":true,"href":"https:\/\/www.europesays.com\/fr\/wp-json\/wp\/v2\/categories?post=84974"},{"taxonomy":"post_tag","embeddable":true,"href":"https:\/\/www.europesays.com\/fr\/wp-json\/wp\/v2\/tags?post=84974"}],"curies":[{"name":"wp","href":"https:\/\/api.w.org\/{rel}","templated":true}]}}