{"id":84984,"date":"2025-05-08T18:05:08","date_gmt":"2025-05-08T18:05:08","guid":{"rendered":"https:\/\/www.europesays.com\/fr\/84984\/"},"modified":"2025-05-08T18:05:08","modified_gmt":"2025-05-08T18:05:08","slug":"nouvelles-frappes-de-drones-dans-lest-et-le-sud","status":"publish","type":"post","link":"https:\/\/www.europesays.com\/fr\/84984\/","title":{"rendered":"nouvelles frappes de drones dans l&rsquo;Est et le Sud"},"content":{"rendered":"<p>Le secr\u00e9taire g\u00e9n\u00e9ral de l\u2019ONU s\u2019inqui\u00e8te d\u2019une \u00abescalade majeure\u00bb dans le conflit qui oppose les deux g\u00e9n\u00e9raux soudanais, apr\u00e8s les attaques de drones des derniers jours contre la ville de Port Soudan.<\/p>\n<p class=\"fig-paragraph\">Des attaques de drones ont \u00e9t\u00e9 men\u00e9es jeudi dans\u00a0<a href=\"http:\/\/www.lefigaro.fr\/flash-actu\/soudan-les-images-d-un-incendie-a-port-soudan-ou-des-explosions-ont-ete-entendues-20250506\" target=\"_blank\" data-fig-type=\"NewsFlash\" rel=\"noopener\" data-gtm-custom-categorie=\"navigation\" data-gtm-custom-action=\"crossclick\" data-gtm-custom-label=\"Contextuel\" data-gtm-event=\"customEventSPE\" data-fig-domain=\"LEFIGARO\">l&rsquo;est et le sud du Soudan<\/a>, dont une contre une base navale d\u00e9j\u00e0 vis\u00e9e la veille, a d\u00e9clar\u00e9 une source militaire qui les a imput\u00e9es aux paramilitaires, en guerre contre l&rsquo;arm\u00e9e.<\/p>\n<p class=\"fig-paragraph\">Une premi\u00e8re attaque a \u00abcibl\u00e9 \u00e0 l&rsquo;aide de trois drones des d\u00e9p\u00f4ts de carburant\u00bb \u00e0 Kosti, dans l&rsquo;\u00c9tat du Nil Blanc (sud), \u00abprovoquant des incendies\u00bb, puis une seconde a vis\u00e9 la principale base navale du Soudan, \u00e0 Port Soudan (est), a indiqu\u00e9 la source \u00e0 l&rsquo;AFP sous couvert d&rsquo;anonymat.<\/p>\n<p>\u00abEscalade majeure\u00bb<\/p>\n<p class=\"fig-paragraph\">La veille, le secr\u00e9taire g\u00e9n\u00e9ral de l\u2019ONU s\u2019\u00e9tait dit \u00abtr\u00e8s inquiet\u00bb des attaques de drones des derniers jours contre la ville de Port Soudan, qui repr\u00e9sentent une \u00abescalade majeure\u00bb dans le conflit entre les deux g\u00e9n\u00e9raux rivaux soudanais, avait indiqu\u00e9 mercredi son porte-parole.<\/p>\n<p class=\"fig-paragraph\">\u00abCette escalade majeure pourrait conduire \u00e0 des victimes civiles \u00e0 grande \u00e9chelle et \u00e0 une destruction encore plus grande d\u2019infrastructures critiques\u00bb, avait ainsi d\u00e9clar\u00e9 St\u00e9phane Dujarric dans un communiqu\u00e9, alors que plusieurs sites strat\u00e9giques ont \u00e9t\u00e9 vis\u00e9s par des drones dans cette ville qui abrite le si\u00e8ge provisoire du gouvernement.<\/p>\n<p class=\"fig-paragraph\">Depuis avril 2023, ce pays d\u2019Afrique de l\u2019Est est d\u00e9vast\u00e9 par une guerre opposant le g\u00e9n\u00e9ral Abdel Fattah al-Burhane, dirigeant de facto du pays depuis un coup d\u2019\u00c9tat en 2021, et son ancien adjoint, le g\u00e9n\u00e9ral Mohamed Hamdane Daglo, \u00e0 la t\u00eate des paramilitaires des Forces de soutien rapide (FSR).<\/p>\n<p class=\"fig-paragraph\">Longtemps \u00e9pargn\u00e9e, la ville de Port Soudan (est), plaque tournante de l\u2019aide humanitaire qui abrite des agences de l\u2019ONU et des milliers de d\u00e9plac\u00e9s, est depuis dimanche la cible de frappes que l\u2019arm\u00e9e attribue aux FSR avec des \u00abarmes strat\u00e9giques et sophistiqu\u00e9es\u00bb fournies par les \u00c9mirats arabes unis.<\/p>\n","protected":false},"excerpt":{"rendered":"Le secr\u00e9taire g\u00e9n\u00e9ral de l\u2019ONU s\u2019inqui\u00e8te d\u2019une \u00abescalade majeure\u00bb dans le conflit qui oppose les deux g\u00e9n\u00e9raux soudanais,&hellip;\n","protected":false},"author":2,"featured_media":84985,"comment_status":"","ping_status":"","sticky":false,"template":"","format":"standard","meta":{"footnotes":""},"categories":[5],"tags":[259,11,260,1011,27,14,261,12,262,4535,28],"class_list":{"0":"post-84984","1":"post","2":"type-post","3":"status-publish","4":"format-standard","5":"has-post-thumbnail","7":"category-international","8":"tag-actualite-internationale","9":"tag-actualites","10":"tag-affaires-etrangeres","11":"tag-fr","12":"tag-france","13":"tag-international","14":"tag-ministere-des-affaires-etrangeres","15":"tag-news","16":"tag-politique-etrangere","17":"tag-soudan","18":"tag-world"},"share_on_mastodon":{"url":"https:\/\/pubeurope.com\/@fr\/114473541682010693","error":""},"_links":{"self":[{"href":"https:\/\/www.europesays.com\/fr\/wp-json\/wp\/v2\/posts\/84984","targetHints":{"allow":["GET"]}}],"collection":[{"href":"https:\/\/www.europesays.com\/fr\/wp-json\/wp\/v2\/posts"}],"about":[{"href":"https:\/\/www.europesays.com\/fr\/wp-json\/wp\/v2\/types\/post"}],"author":[{"embeddable":true,"href":"https:\/\/www.europesays.com\/fr\/wp-json\/wp\/v2\/users\/2"}],"replies":[{"embeddable":true,"href":"https:\/\/www.europesays.com\/fr\/wp-json\/wp\/v2\/comments?post=84984"}],"version-history":[{"count":0,"href":"https:\/\/www.europesays.com\/fr\/wp-json\/wp\/v2\/posts\/84984\/revisions"}],"wp:featuredmedia":[{"embeddable":true,"href":"https:\/\/www.europesays.com\/fr\/wp-json\/wp\/v2\/media\/84985"}],"wp:attachment":[{"href":"https:\/\/www.europesays.com\/fr\/wp-json\/wp\/v2\/media?parent=84984"}],"wp:term":[{"taxonomy":"category","embeddable":true,"href":"https:\/\/www.europesays.com\/fr\/wp-json\/wp\/v2\/categories?post=84984"},{"taxonomy":"post_tag","embeddable":true,"href":"https:\/\/www.europesays.com\/fr\/wp-json\/wp\/v2\/tags?post=84984"}],"curies":[{"name":"wp","href":"https:\/\/api.w.org\/{rel}","templated":true}]}}