{"id":849948,"date":"2026-04-05T22:47:09","date_gmt":"2026-04-05T22:47:09","guid":{"rendered":"https:\/\/www.europesays.com\/fr\/849948\/"},"modified":"2026-04-05T22:47:09","modified_gmt":"2026-04-05T22:47:09","slug":"coupe-du-grand-est-32e-de-finale-les-thaon-les-vosges-2-peut-elle-garder-son-envergure","status":"publish","type":"post","link":"https:\/\/www.europesays.com\/fr\/849948\/","title":{"rendered":"Coupe du Grand Est (32e de finale). L\u2019ES Thaon-les-Vosges 2 peut-elle garder son envergure ?"},"content":{"rendered":"<p>   Villers-l\u00e8s-Nancy (R1) \u2013 Thaon 2 (R2) Ce dimanche (14h30) <\/p>\n<p>Certes, il y a eu de s\u00e9ances d\u2019entra\u00eenement parsem\u00e9es de quatre matchs de pr\u00e9paration (3 face \u00e0 des \u00e9quipes de R3, une face \u00e0 une formation de R2). Mais rien \u00e0 voir avec la comp\u00e9tition. L\u00e0 o\u00f9 l\u2019adr\u00e9naline a une odeur bien diff\u00e9rente\u2026<\/p>\n<p>Cela a tout de m\u00eame permis au groupe dirig\u00e9 par Pierre Etienne-Verrier de se familiariser \u00e0 nouveau avec un quotidien qui revient sur le devant de la sc\u00e8ne ce week-end. Apr\u00e8s une tr\u00eave de dix semaines qui pourrait avoir coup\u00e9 l\u2019herbe sous le pied au <a href=\"https:\/\/www.vosgesmatin.fr\/sport\/classement\/football\/regional-ligue-grand-est-regional-2-poule-c\" target=\"_blank\" rel=\"nofollow noopener\">leader du groupe C de R\u00e9gional 2<\/a>.<\/p>\n<p>\u00ab Je n\u2019esp\u00e8re pas \u00bb, observe <a href=\"https:\/\/www.vosgesmatin.fr\/sport\/2022\/05\/04\/l-heure-de-la-retraite-a-sonne-pour-pierre-etienne-verrier-l-entraineur-de-la-reserve-de-l-es-thaon\" target=\"_blank\" rel=\"nofollow noopener\">le technicien revenu coacher cette \u00e9quipe apr\u00e8s une pause de trois ans.<\/a> \u00ab C\u2019est toujours une deuxi\u00e8me partie de comp\u00e9tition. Elle peut \u00eatre diff\u00e9rente de la premi\u00e8re, que ce soit pour les \u00e9quipes de haut de tableau mais aussi pour celles de bas de tableau. C\u2019est toujours un peu al\u00e9atoire. J\u2019esp\u00e8re que nous, on va \u00eatre capable de rester sur la m\u00eame dynamique. \u00bb<\/p>\n<p>  \u00ab Les matchs amicaux sont int\u00e9ressants pour reprendre ses marques avec le ballon \u00bb<\/p>\n<p>Une rencontre que les Thaonnais veulent aborder avec la m\u00eame d\u00e9termination que celle dont ils usent lors de leurs t\u00e2ches domestiques. \u00ab Je trouve que c\u2019est quand m\u00eame mieux que de reprendre par le championnat. M\u00eame si on ne veut pas laisser de c\u00f4t\u00e9 cette coupe, parce que \u00e7a peut nous permettre de continuer la bonne dynamique mais \u00e7a va surtout nous permettre de nous situer, de voir o\u00f9 on en est. \u00bb<\/p>\n<p>Ce contenu est bloqu\u00e9 car vous n&rsquo;avez pas accept\u00e9 les cookies et autres traceurs.<\/p>\n<p>En cliquant sur \u00ab J\u2019accepte \u00bb, les cookies et autres traceurs seront d\u00e9pos\u00e9s et vous pourrez visualiser les contenus  (<a href=\"\" class=\"consentModule_policy\" target=\"_blank\" title=\"Consulter la politique de protection des donn\u00e9es du fournisseur\">plus d&rsquo;informations<\/a>).<\/p>\n<p>En cliquant sur \u00ab J\u2019accepte tous les cookies \u00bb, vous autorisez des d\u00e9p\u00f4ts de cookies et autres traceurs pour le stockage de vos donn\u00e9es sur nos sites et applications \u00e0 des fins de personnalisation et de ciblage publicitaire.<\/p>\n<p class=\"consentModule_secondaryText\">Vous gardez la possibilit\u00e9 de retirer votre consentement \u00e0 tout moment en consultant notre <a href=\"https:\/\/www.vosgesmatin.fr\/protection-des-donnees\" target=\"_blank\" title=\"Consulter notre politique de protection des donn\u00e9es\" rel=\"nofollow noopener\">politique de protection des donn\u00e9es<\/a>. <br \/>&#13;<br \/>\n            <a href=\"https:\/\/www.vosgesmatin.fr\/sport\/2026\/02\/12\/javascript:Didomi.notice.show()\" class=\"consentModule_cmp\" rel=\"nofollow noopener\" target=\"_blank\">G\u00e9rer mes choix<\/a>&#13;\n        <\/p>\n<p>&#13;<br \/>\n                        J&rsquo;accepte&#13;<br \/>\n            J&rsquo;accepte tous les cookies&#13;\n        <\/p>\n<p>Avant de renouer le fil avec un championnat qu\u2019ils retrouveront sur le terrain de la lanterne rouge, Sorcy\/Void-Vacon, le 22 f\u00e9vrier, les partenaires de Jesse Evrard vont ainsi pouvoir r\u00e9ajuster les automatismes. \u00ab Les matchs amicaux sont int\u00e9ressants pour reprendre ses marques avec le ballon, que \u00e7a soit sur le plan individuel ou sur le plan collectif. Mais il faut toujours relativiser \u00bb, ajoute l\u2019entra\u00eeneur. \u00ab La Coupe du Grand Est, \u00e7a va nous permettre de reprendre des rep\u00e8res avec les matchs \u00e0 l\u2019ext\u00e9rieur. Sur ce type de matchs, si on veut rester dans le haut de tableau et jouer le coup jusqu\u2019au bout, il faut \u00eatre capable de prendre des points. \u00bb<\/p>\n<p>Mais, chaque chose en son temps pour des r\u00e9servistes thaonnais d\u2019abord confront\u00e9s, \u00e0 Villers-l\u00e8s-Nancy, \u00e0 un examen de passage qui, s\u2019il ne sera pas significatif, pourrait, \u00e0 tout le moins, relancer le train sur les rails des succ\u00e8s obtenus avant cette ann\u00e9e naissante.<\/p>\n","protected":false},"excerpt":{"rendered":"Villers-l\u00e8s-Nancy (R1) \u2013 Thaon 2 (R2) Ce dimanche (14h30) Certes, il y a eu de s\u00e9ances d\u2019entra\u00eenement parsem\u00e9es&hellip;\n","protected":false},"author":2,"featured_media":849949,"comment_status":"","ping_status":"","sticky":false,"template":"","format":"standard","meta":{"footnotes":"","_share_on_mastodon":"0"},"categories":[9635],"tags":[1111,11,10220,1796,8429,1777,674,63,1011,27,775,1702,12,25,517,1700,10219],"class_list":["post-849948","post","type-post","status-publish","format-standard","has-post-thumbnail","category-nancy","tag-actu","tag-actualites","tag-ca-depinal-88a2","tag-edition-epinal","tag-es-thaon-football","tag-eu","tag-europe","tag-football","tag-fr","tag-france","tag-grand-est","tag-nancy","tag-news","tag-republique-francaise","tag-sport","tag-sport-lorrain","tag-thaon-les-vosges"],"share_on_mastodon":{"url":"https:\/\/pubeurope.com\/@fr\/116354537539729029","error":""},"_links":{"self":[{"href":"https:\/\/www.europesays.com\/fr\/wp-json\/wp\/v2\/posts\/849948","targetHints":{"allow":["GET"]}}],"collection":[{"href":"https:\/\/www.europesays.com\/fr\/wp-json\/wp\/v2\/posts"}],"about":[{"href":"https:\/\/www.europesays.com\/fr\/wp-json\/wp\/v2\/types\/post"}],"author":[{"embeddable":true,"href":"https:\/\/www.europesays.com\/fr\/wp-json\/wp\/v2\/users\/2"}],"replies":[{"embeddable":true,"href":"https:\/\/www.europesays.com\/fr\/wp-json\/wp\/v2\/comments?post=849948"}],"version-history":[{"count":0,"href":"https:\/\/www.europesays.com\/fr\/wp-json\/wp\/v2\/posts\/849948\/revisions"}],"wp:featuredmedia":[{"embeddable":true,"href":"https:\/\/www.europesays.com\/fr\/wp-json\/wp\/v2\/media\/849949"}],"wp:attachment":[{"href":"https:\/\/www.europesays.com\/fr\/wp-json\/wp\/v2\/media?parent=849948"}],"wp:term":[{"taxonomy":"category","embeddable":true,"href":"https:\/\/www.europesays.com\/fr\/wp-json\/wp\/v2\/categories?post=849948"},{"taxonomy":"post_tag","embeddable":true,"href":"https:\/\/www.europesays.com\/fr\/wp-json\/wp\/v2\/tags?post=849948"}],"curies":[{"name":"wp","href":"https:\/\/api.w.org\/{rel}","templated":true}]}}