{"id":85008,"date":"2025-05-08T18:20:28","date_gmt":"2025-05-08T18:20:28","guid":{"rendered":"https:\/\/www.europesays.com\/fr\/85008\/"},"modified":"2025-05-08T18:20:28","modified_gmt":"2025-05-08T18:20:28","slug":"pronostic-annecy-fc-grenoble-foot-ligue-2","status":"publish","type":"post","link":"https:\/\/www.europesays.com\/fr\/85008\/","title":{"rendered":"Pronostic Annecy FC Grenoble Foot &#8211; Ligue 2"},"content":{"rendered":"<p class=\"text-xs leading-5 text-gray-400 mb-2\">\n                        Publi\u00e9 le 08\/05\/2025 08:00<br \/>\n                        \u00a0par<br \/>\n                                                            <a href=\"https:\/\/www.sportytrader.com\/auteur\/steeven-occhipinti-1\/\" target=\"_blank\" rel=\"noopener\">Steeven Occhipinti<\/a><\/p>\n<p>                                                                                                            dans<br \/>\n                                <a data-trans=\"tips.published.competition %competition%\" href=\"https:\/\/www.sportytrader.com\/pronostics\/football\/france\/ligue-2-124\/\" target=\"_blank\" rel=\"noopener\"><br \/>\n                                    Pronostic Ligue 2<br \/>\n                                <\/a><\/p>\n<p style=\"text-align: justify;\">La semaine pass\u00e9e, le FC Annecy a vu ses derni\u00e8res chances de disputer les barrages de mont\u00e9e en Ligue 1 s&rsquo;envoler. Il a \u00e9t\u00e9 battu sur la pelouse du Clermont Foot (3-2). De quoi rester bloqu\u00e9 \u00e0 la 7e place du classement. Il compte d\u00e9sormais 4 longueurs de retard sur le top 5, avant l&rsquo;ultime rencontre de championnat. L&rsquo;\u00e9quipe entra\u00een\u00e9e par Laurent Guyot voudra tout de m\u00eame bien terminer devant ses fans. D&rsquo;autant plus qu&rsquo;elle va disputer un derby. Pour le compte de la 34e journ\u00e9e de la Ligue 2, le FC Annecy a pris rendez-vous avec le Grenoble Foot 38. Un match qui aura lieu ce samedi \u00e0 17h00 au Parc des Sports.<\/p>\n<p style=\"text-align: justify;\">Comme son prochain adversaire, le GF38 n&rsquo;a plus grand-chose \u00e0 esp\u00e9rer de cette derni\u00e8re journ\u00e9e. Il est install\u00e9 \u00e0 la 8e position du classement, \u00e0 2 longueurs du FC Annecy. Le club grenoblois termine toutefois tr\u00e8s fort dans ce sprint final. Les hommes de\u00a0Franck Rizzetto viennent de l&#8217;emporter lors de leurs 2 derni\u00e8res rencontres, contre le SC Bastia (2-3) et l&rsquo;ES Troyes AC (3-1). Ils ne voudront pas lever le pied pour ce d\u00e9placement du c\u00f4t\u00e9 d&rsquo;Annecy. De quoi esp\u00e9rer voir des buts entre deux \u00e9curies de la premi\u00e8re partie de tableau.<\/p>\n","protected":false},"excerpt":{"rendered":"Publi\u00e9 le 08\/05\/2025 08:00 \u00a0par Steeven Occhipinti dans Pronostic Ligue 2 La semaine pass\u00e9e, le FC Annecy a&hellip;\n","protected":false},"author":2,"featured_media":85009,"comment_status":"","ping_status":"","sticky":false,"template":"","format":"standard","meta":{"footnotes":""},"categories":[9566],"tags":[1111,11,19418,2430,1777,674,1011,27,2731,11705,446,12,1817,1821,25],"class_list":{"0":"post-85008","1":"post","2":"type-post","3":"status-publish","4":"format-standard","5":"has-post-thumbnail","7":"category-grenoble","8":"tag-actu","9":"tag-actualites","10":"tag-annecy-fc","11":"tag-auvergne-rhone-alpes","12":"tag-eu","13":"tag-europe","14":"tag-fr","15":"tag-france","16":"tag-grenoble","17":"tag-grenoble-foot","18":"tag-ligue-2","19":"tag-news","20":"tag-pronostic","21":"tag-pronostics","22":"tag-republique-francaise"},"share_on_mastodon":{"url":"https:\/\/pubeurope.com\/@fr\/114473600525316546","error":""},"_links":{"self":[{"href":"https:\/\/www.europesays.com\/fr\/wp-json\/wp\/v2\/posts\/85008","targetHints":{"allow":["GET"]}}],"collection":[{"href":"https:\/\/www.europesays.com\/fr\/wp-json\/wp\/v2\/posts"}],"about":[{"href":"https:\/\/www.europesays.com\/fr\/wp-json\/wp\/v2\/types\/post"}],"author":[{"embeddable":true,"href":"https:\/\/www.europesays.com\/fr\/wp-json\/wp\/v2\/users\/2"}],"replies":[{"embeddable":true,"href":"https:\/\/www.europesays.com\/fr\/wp-json\/wp\/v2\/comments?post=85008"}],"version-history":[{"count":0,"href":"https:\/\/www.europesays.com\/fr\/wp-json\/wp\/v2\/posts\/85008\/revisions"}],"wp:featuredmedia":[{"embeddable":true,"href":"https:\/\/www.europesays.com\/fr\/wp-json\/wp\/v2\/media\/85009"}],"wp:attachment":[{"href":"https:\/\/www.europesays.com\/fr\/wp-json\/wp\/v2\/media?parent=85008"}],"wp:term":[{"taxonomy":"category","embeddable":true,"href":"https:\/\/www.europesays.com\/fr\/wp-json\/wp\/v2\/categories?post=85008"},{"taxonomy":"post_tag","embeddable":true,"href":"https:\/\/www.europesays.com\/fr\/wp-json\/wp\/v2\/tags?post=85008"}],"curies":[{"name":"wp","href":"https:\/\/api.w.org\/{rel}","templated":true}]}}